{"id":456599,"date":"2025-10-12T04:39:18","date_gmt":"2025-10-12T04:39:18","guid":{"rendered":"https:\/\/www.europesays.com\/fr\/456599\/"},"modified":"2025-10-12T04:39:18","modified_gmt":"2025-10-12T04:39:18","slug":"strasbourg-le-5e-festival-du-film-de-lest-du-14-au-18-octobre","status":"publish","type":"post","link":"https:\/\/www.europesays.com\/fr\/456599\/","title":{"rendered":"Strasbourg. Le 5e Festival du Film de l\u2019Est, du 14 au 18 octobre"},"content":{"rendered":"<p>Si 170 films ont candidat\u00e9 au FFE l\u2019an pass\u00e9, ce sont 210 propositions qui cette ann\u00e9e ont \u00e9t\u00e9 soumises \u00e0 l\u2019association LabFilms qui pilote depuis ses d\u00e9buts l\u2019\u00e9v\u00e9nement. Preuve du succ\u00e8s de ce festival ainsi que de la dynamique audiovisuelle et professionnelle qui anime la r\u00e9gion. <\/p>\n<p>Au final, 35 films seront en comp\u00e9tition avec du documentaire, de la fiction en format court \u00ab\u00a0et un m\u00e9lange entre des films autoproduits et des productions classiques\u00a0\u00bb rappelle Timoth\u00e9e Euvrard, codirecteur du FFE avec Rock Brenner. Films de guerre, films de genre (fantastique, science-fiction)\u2026 il y en aura pour tous les go\u00fbts, avec des projections d\u00e9di\u00e9es et des s\u00e9ances publiques. Des cin\u00e9philes qui auront \u00e9galement l\u2019opportunit\u00e9 de rencontrer des professionnels lors de tables rondes ou d\u2019autres formes de rencontres comme des sessions de pitchs d\u2019auteurs \u00e9mergents.<\/p>\n<p class=\"note\">Du 14 au 18\u00a0octobre. Aux cin\u00e9mas Cosmos et Star de Strasbourg. Plus d\u2019infos sur asso.labfilms.org\/ffe-edition-2025<\/p>\n","protected":false},"excerpt":{"rendered":"Si 170 films ont candidat\u00e9 au FFE l\u2019an pass\u00e9, ce sont 210 propositions qui cette ann\u00e9e ont \u00e9t\u00e9&hellip;\n","protected":false},"author":2,"featured_media":456600,"comment_status":"","ping_status":"","sticky":false,"template":"","format":"standard","meta":{"footnotes":""},"categories":[2820],"tags":[1111,11,2389,650,1687,2880,1777,674,107,1011,27,775,12,25,640,2879],"class_list":{"0":"post-456599","1":"post","2":"type-post","3":"status-publish","4":"format-standard","5":"has-post-thumbnail","7":"category-strasbourg","8":"tag-actu","9":"tag-actualites","10":"tag-alsace","11":"tag-cinema","12":"tag-culture-loisirs","13":"tag-edition-strasbourg","14":"tag-eu","15":"tag-europe","16":"tag-fil-info","17":"tag-fr","18":"tag-france","19":"tag-grand-est","20":"tag-news","21":"tag-republique-francaise","22":"tag-strasbourg","23":"tag-strasbourg-ville"},"share_on_mastodon":{"url":"https:\/\/pubeurope.com\/@fr\/115359354933291462","error":""},"_links":{"self":[{"href":"https:\/\/www.europesays.com\/fr\/wp-json\/wp\/v2\/posts\/456599","targetHints":{"allow":["GET"]}}],"collection":[{"href":"https:\/\/www.europesays.com\/fr\/wp-json\/wp\/v2\/posts"}],"about":[{"href":"https:\/\/www.europesays.com\/fr\/wp-json\/wp\/v2\/types\/post"}],"author":[{"embeddable":true,"href":"https:\/\/www.europesays.com\/fr\/wp-json\/wp\/v2\/users\/2"}],"replies":[{"embeddable":true,"href":"https:\/\/www.europesays.com\/fr\/wp-json\/wp\/v2\/comments?post=456599"}],"version-history":[{"count":0,"href":"https:\/\/www.europesays.com\/fr\/wp-json\/wp\/v2\/posts\/456599\/revisions"}],"wp:featuredmedia":[{"embeddable":true,"href":"https:\/\/www.europesays.com\/fr\/wp-json\/wp\/v2\/media\/456600"}],"wp:attachment":[{"href":"https:\/\/www.europesays.com\/fr\/wp-json\/wp\/v2\/media?parent=456599"}],"wp:term":[{"taxonomy":"category","embeddable":true,"href":"https:\/\/www.europesays.com\/fr\/wp-json\/wp\/v2\/categories?post=456599"},{"taxonomy":"post_tag","embeddable":true,"href":"https:\/\/www.europesays.com\/fr\/wp-json\/wp\/v2\/tags?post=456599"}],"curies":[{"name":"wp","href":"https:\/\/api.w.org\/{rel}","templated":true}]}}