{"id":456606,"date":"2025-10-12T04:43:33","date_gmt":"2025-10-12T04:43:33","guid":{"rendered":"https:\/\/www.europesays.com\/fr\/456606\/"},"modified":"2025-10-12T04:43:33","modified_gmt":"2025-10-12T04:43:33","slug":"basket-elite-2-espoirs-les-beliers-de-kemper-finalement-battus-par-nantes-sport-2","status":"publish","type":"post","link":"https:\/\/www.europesays.com\/fr\/456606\/","title":{"rendered":"Basket. \u00c9lite 2\u00a0espoirs\u00a0: les B\u00e9liers de Kemper finalement battus par Nantes . Sport"},"content":{"rendered":"<p>L\u2019apprentissage se poursuit pour les jeunes<a href=\"https:\/\/www.ouest-france.fr\/sport\/basket\/ujap-quimper\/\" target=\"_blank\" rel=\"noopener\"> B\u00e9liers de Kemper,<\/a> dans le championnat \u00c9lite 2\u00a0espoirs. En pr\u00e9ambule des professionnels, qui s\u2019appr\u00eatent \u00e0 \u00e9trenner le tout nouveau Kostum Park, les joueurs d\u2019Hans Lhermitte ont longtemps fait jeu \u00e9gal avec Nantes, notamment dans le troisi\u00e8me quart-temps\u2026 mais apr\u00e8s un deuxi\u00e8me quart-temps manqu\u00e9 (13-25).<\/p>\n<p><strong>Lire aussi\u00a0: <\/strong> <a href=\"https:\/\/caen.maville.com\/sport\/detail_-finistere-basket.-on-entre-dans-un-nouveau-monde-les-beliers-de-kemper-ont-adopte-leur-nouvelle-salle-_54135-7015625_actu.Htm\" target=\"_blank\" rel=\"noopener\">\u00ab\u00a0On entre dans un nouveau monde\u00a0\u00bb\u00a0: les B\u00e9liers de Kemper ont adopt\u00e9 leur nouvelle salle<\/a><\/p>\n<p>Domin\u00e9s au rebond<\/p>\n<p>Port\u00e9 par le duo Nkombe (8\u00a0passes) &#8211; Limol (12\u00a0points et 11\u00a0rebonds), le collectif quimp\u00e9rois a en revanche subi la force de frappe des Lig\u00e9riens dans le secteur int\u00e9rieur (52\u00a0rebonds, dont 22\u00a0offensifs). Ce qui a permis \u00e0 Nantes, emmen\u00e9 par Nikolas Farkas, de rafler la mise au final. Apr\u00e8s deux victoires cons\u00e9cutives, les jeunes B\u00e9liers marquent un l\u00e9ger coup d\u2019arr\u00eat.<\/p>\n<p><strong>QUIMPER &#8211; NANTES\u00a0: 61-73<\/strong>.<\/p>\n<p>(13-18\u00a0; 13-25\u00a0; 22-7\u00a0; 13 -23)<\/p>\n<p><strong>QUIMPER<\/strong>. Nkomb\u00e9 9, Renou 3, Danfa 16, Limol 12, Mbacke 14, Pehoua 3, Berthelot, Roman-Charmois, Bodenes 2, Mawandza 2<\/p>\n<p><strong>NANTES<\/strong>. Carrio 5, Thiam 3, Ndiaye 3, Andrieux 10, Tahir 2, Diop 11, Barone, Farkas 20, Kangudia 17, Soumare 2.<\/p>\n<p>\u00a0<\/p>\n","protected":false},"excerpt":{"rendered":"L\u2019apprentissage se poursuit pour les jeunes B\u00e9liers de Kemper, dans le championnat \u00c9lite 2\u00a0espoirs. En pr\u00e9ambule des professionnels,&hellip;\n","protected":false},"author":2,"featured_media":455827,"comment_status":"","ping_status":"","sticky":false,"template":"","format":"standard","meta":{"footnotes":""},"categories":[2818],"tags":[1111,11,3809,1465,5492,1777,674,63,1011,27,1792,1922,766,12,2636,25,479,517,1470],"class_list":{"0":"post-456606","1":"post","2":"type-post","3":"status-publish","4":"format-standard","5":"has-post-thumbnail","7":"category-nantes","8":"tag-actu","9":"tag-actualites","10":"tag-ball","11":"tag-basket","12":"tag-caen","13":"tag-eu","14":"tag-europe","15":"tag-football","16":"tag-fr","17":"tag-france","18":"tag-handball","19":"tag-info","20":"tag-nantes","21":"tag-news","22":"tag-pays-de-la-loire","23":"tag-republique-francaise","24":"tag-rugby","25":"tag-sport","26":"tag-volley"},"share_on_mastodon":{"url":"https:\/\/pubeurope.com\/@fr\/115359370691333899","error":""},"_links":{"self":[{"href":"https:\/\/www.europesays.com\/fr\/wp-json\/wp\/v2\/posts\/456606","targetHints":{"allow":["GET"]}}],"collection":[{"href":"https:\/\/www.europesays.com\/fr\/wp-json\/wp\/v2\/posts"}],"about":[{"href":"https:\/\/www.europesays.com\/fr\/wp-json\/wp\/v2\/types\/post"}],"author":[{"embeddable":true,"href":"https:\/\/www.europesays.com\/fr\/wp-json\/wp\/v2\/users\/2"}],"replies":[{"embeddable":true,"href":"https:\/\/www.europesays.com\/fr\/wp-json\/wp\/v2\/comments?post=456606"}],"version-history":[{"count":0,"href":"https:\/\/www.europesays.com\/fr\/wp-json\/wp\/v2\/posts\/456606\/revisions"}],"wp:featuredmedia":[{"embeddable":true,"href":"https:\/\/www.europesays.com\/fr\/wp-json\/wp\/v2\/media\/455827"}],"wp:attachment":[{"href":"https:\/\/www.europesays.com\/fr\/wp-json\/wp\/v2\/media?parent=456606"}],"wp:term":[{"taxonomy":"category","embeddable":true,"href":"https:\/\/www.europesays.com\/fr\/wp-json\/wp\/v2\/categories?post=456606"},{"taxonomy":"post_tag","embeddable":true,"href":"https:\/\/www.europesays.com\/fr\/wp-json\/wp\/v2\/tags?post=456606"}],"curies":[{"name":"wp","href":"https:\/\/api.w.org\/{rel}","templated":true}]}}