{"id":456615,"date":"2025-10-12T04:49:10","date_gmt":"2025-10-12T04:49:10","guid":{"rendered":"https:\/\/www.europesays.com\/fr\/456615\/"},"modified":"2025-10-12T04:49:10","modified_gmt":"2025-10-12T04:49:10","slug":"a-1h15-de-lille-cet-endroit-monumental-est-lun-des-preferes-de-nos-voisins-belges","status":"publish","type":"post","link":"https:\/\/www.europesays.com\/fr\/456615\/","title":{"rendered":"A 1h15 de Lille, cet endroit monumental est l&rsquo;un des pr\u00e9f\u00e9r\u00e9s de nos voisins belges"},"content":{"rendered":"<p>            Par<br \/>\n        <strong><br \/>\n            <a href=\"https:\/\/actu.fr\/auteur\/nicolas-demollien\" title=\"Consulter tous les articles de Nicolas Demollien\" rel=\"nofollow noopener\" target=\"_blank\">Nicolas Demollien<\/a><br \/>\n        <\/strong><\/p>\n<p>        Publi\u00e9 le<\/p>\n<p>            12 oct. 2025 \u00e0 6h04        <\/p>\n<p>N\u2019ayons pas peur des mots, c\u2019est un <b>lieu magique<\/b> ! <b>A 1h15<\/b> de <a href=\"https:\/\/actu.fr\/hauts-de-france\/lille_59350\" rel=\"nofollow noopener\" target=\"_blank\">Lille<\/a> (Nord), se trouve un <b>escalier monumental<\/b> qui offre un <b>panorama exceptionnel <\/b>: le <b>Westerpunt<\/b> ! Il vient d\u2019ailleurs d\u2019\u00eatre \u00e9lu plus bel endroit de Flandre-Occidentale par les lecteurs de l\u2019hebdomadaire belge De Krant van West-Vlaanderen, devant 196 autres lieux embl\u00e9matiques.<\/p>\n<p>Un endroit incroyable \u00e0 1h15 de Lille, pl\u00e9biscit\u00e9 par les Belges<\/p>\n<p class=\" wall-content\">C\u2019est \u00e0<b> La Panne<\/b>, station baln\u00e9aire de <a href=\"https:\/\/actu.fr\/tag\/belgique\" rel=\"nofollow noopener\" target=\"_blank\">Belgique<\/a> bien connue des Nordistes, qu\u2019il faut se rendre pour trouver ce \u00ab\u00a0monument\u00a0\u00bb. \u00ab\u00a0Inaugur\u00e9 le 3 mai 2024, il est rapidement devenu une <b data-end=\"2942\">\u00e9tape incontournable<\/b> pour les promeneurs, photographes et amoureux de la nature avec sa <b>forme g\u00e9om\u00e9trique<\/b> et sa <b>vue spectaculaire<\/b>\u00ab\u00a0, lance-t-on du c\u00f4t\u00e9 de la Ville.<\/p>\n<p class=\" wall-content\">Il faut bien dire qu\u2019il a tout pour plaire, impressionnant dehors et dedans. Car le Westerpunt, c\u2019est une structure mesurant <b>6 m\u00e8tres de haut<\/b>. \u00ab\u00a0Elle a \u00e9t\u00e9 r\u00e9alis\u00e9e en b\u00e9ton, un mat\u00e9riau robuste qui s\u2019int\u00e8gre bien \u00e0 la plage et aux dunes en termes de couleur et de texture, et qui est capable de r\u00e9sister aux agressions du climat maritime\u00a0\u00bb, souligne encore la ville.\u00a0<\/p>\n<p class=\" wall-content\">Vous pouvez grimper au sommet puisque l\u2019\u0153uvre est en r\u00e9alit\u00e9 \u00ab\u00a0un escalier g\u00e9om\u00e9trique en <b>pente douce<\/b> qui vous emm\u00e8ne en hauteur\u00a0\u00bb depuis la promenade,<b> jusqu\u2019\u00e0 ce que vous dominiez la plage<\/b>, pour ensuite vous faire redescendre. \u00ab\u00a0Il relie symboliquement la mer aux dunes, la nature \u00e0 la c\u00f4te, et les habitants entre eux\u00a0\u00bb, souligne-t-on du c\u00f4t\u00e9 de \u00ab\u00a0l\u2019office du tourisme\u00a0\u00bb local.<\/p>\n<p class=\" wall-content\">Vous l\u2019aurez compris, un lieu magique !<\/p>\n<p>    <a href=\"https:\/\/www.facebook.com\/plugins\/post.php?href=https%3A%2F%2Fwww.facebook.com%2Flaurent.bouvier.90%2Fposts%2Fpfbid0W3MqYzPVjjsZS2aUdxqC9BjXKL6w3WxSXMcnxsYhGcEUWY2pYJ221L5ZfbDykZxl&amp;show_text=true&amp;width=350\" title=\"Ouvrie le lien\" rel=\"nofollow noopener\" target=\"_blank\">Cliquez ici pour visualiser le contenu<\/a><\/p>\n<p class=\" wall-content\">Plus d\u2019infos sur le site <a href=\"https:\/\/www.depanne.be\/fr\/vrije-tijd\/cultuur\/curiosites-touristiques\/nouveau-le-belvedere-westerpunt\" rel=\"nofollow noopener\" target=\"_blank\">depanne.be<\/a><\/p>\n<p class=\" wall-content\">Personnalisez votre actualit\u00e9 en ajoutant vos villes et m\u00e9dias en favori avec <a href=\"https:\/\/moncompte.actu.fr\" title=\"D\u00e9couvez Mon Actu\" rel=\"nofollow noopener\" data-trk=\"{&quot;cta&quot;:{&quot;action&quot;:&quot;https:\\\/\\\/moncompte.actu.fr&quot;,&quot;category&quot;:&quot;mon compte&quot;,&quot;from&quot;:&quot;article footer&quot;,&quot;name&quot;:&quot;Mon actu&quot;,&quot;type&quot;:&quot;cta&quot;}}\" target=\"_blank\">Mon Actu<\/a>.<\/p>\n","protected":false},"excerpt":{"rendered":"Par Nicolas Demollien Publi\u00e9 le 12 oct. 2025 \u00e0 6h04 N\u2019ayons pas peur des mots, c\u2019est un lieu&hellip;\n","protected":false},"author":2,"featured_media":456616,"comment_status":"","ping_status":"","sticky":false,"template":"","format":"standard","meta":{"footnotes":""},"categories":[2815],"tags":[1111,11,828,1777,674,1011,27,811,1307,1652,12,2551,25],"class_list":{"0":"post-456615","1":"post","2":"type-post","3":"status-publish","4":"format-standard","5":"has-post-thumbnail","7":"category-lille","8":"tag-actu","9":"tag-actualites","10":"tag-belgique","11":"tag-eu","12":"tag-europe","13":"tag-fr","14":"tag-france","15":"tag-hauts-de-france","16":"tag-lille","17":"tag-loisirs-culture","18":"tag-news","19":"tag-patrimoine","20":"tag-republique-francaise"},"share_on_mastodon":{"url":"https:\/\/pubeurope.com\/@fr\/115359394347960173","error":""},"_links":{"self":[{"href":"https:\/\/www.europesays.com\/fr\/wp-json\/wp\/v2\/posts\/456615","targetHints":{"allow":["GET"]}}],"collection":[{"href":"https:\/\/www.europesays.com\/fr\/wp-json\/wp\/v2\/posts"}],"about":[{"href":"https:\/\/www.europesays.com\/fr\/wp-json\/wp\/v2\/types\/post"}],"author":[{"embeddable":true,"href":"https:\/\/www.europesays.com\/fr\/wp-json\/wp\/v2\/users\/2"}],"replies":[{"embeddable":true,"href":"https:\/\/www.europesays.com\/fr\/wp-json\/wp\/v2\/comments?post=456615"}],"version-history":[{"count":0,"href":"https:\/\/www.europesays.com\/fr\/wp-json\/wp\/v2\/posts\/456615\/revisions"}],"wp:featuredmedia":[{"embeddable":true,"href":"https:\/\/www.europesays.com\/fr\/wp-json\/wp\/v2\/media\/456616"}],"wp:attachment":[{"href":"https:\/\/www.europesays.com\/fr\/wp-json\/wp\/v2\/media?parent=456615"}],"wp:term":[{"taxonomy":"category","embeddable":true,"href":"https:\/\/www.europesays.com\/fr\/wp-json\/wp\/v2\/categories?post=456615"},{"taxonomy":"post_tag","embeddable":true,"href":"https:\/\/www.europesays.com\/fr\/wp-json\/wp\/v2\/tags?post=456615"}],"curies":[{"name":"wp","href":"https:\/\/api.w.org\/{rel}","templated":true}]}}