{"id":456620,"date":"2025-10-12T04:52:09","date_gmt":"2025-10-12T04:52:09","guid":{"rendered":"https:\/\/www.europesays.com\/fr\/456620\/"},"modified":"2025-10-12T04:52:09","modified_gmt":"2025-10-12T04:52:09","slug":"ces-deux-amis-ouvrent-leur-premier-restaurant","status":"publish","type":"post","link":"https:\/\/www.europesays.com\/fr\/456620\/","title":{"rendered":"ces deux amis ouvrent leur premier restaurant"},"content":{"rendered":"<p>            Par<br \/>\n        <strong><br \/>\n            <a href=\"https:\/\/actu.fr\/auteur\/ludivine-caporal\" title=\"Consulter tous les articles de Ludivine Caporal\" rel=\"nofollow noopener\" target=\"_blank\">Ludivine Caporal<\/a><br \/>\n        <\/strong><\/p>\n<p>        Publi\u00e9 le<\/p>\n<p>            12 oct. 2025 \u00e0 6h28        <\/p>\n<p>Une d\u00e9coration soign\u00e9e avec un m\u00e9lange chaleureux de vert et de orange, une belle cave \u00e0 vins et une carte all\u00e9chante : bienvenue chez <strong>Bonbec<\/strong>, le nouveau bistrot moderne du 3e arrondissement de <a href=\"https:\/\/actu.fr\/auvergne-rhone-alpes\/lyon_69123\" rel=\"nofollow noopener\" target=\"_blank\">Lyon<\/a>, ouvert depuis mi-septembre rue de la <a href=\"https:\/\/actu.fr\/tag\/lyon-part-dieu\" rel=\"nofollow noopener\" target=\"_blank\">Part-Dieu<\/a>.\u00a0Derri\u00e8re ce nom sympathique se cachent Oscar et Pierre, deux amis de longue date qui r\u00e9alisent enfin leur r\u00eave en ouvrant leur premier restaurant, pouss\u00e9s par leur solide exp\u00e9rience respective en h\u00f4tellerie\/restauration et en finances.<\/p>\n<p>\u00ab\u00a0Tout ce qui est bon passe par le bec\u00a0\u00bb<\/p>\n<p class=\" wall-content\">\u00ab\u00a0On veut que les gens passent un bon moment en venant ici, qu\u2019ils se marrent et qu\u2019ils soient bien re\u00e7us. De l\u2019accueil \u00e0 l\u2019assiette, on ne veut rien laisser au hasard\u00a0\u00bb, pr\u00e9sentent les deux trentenaires.\u00a0<\/p>\n<p class=\" wall-content\">Souhaitant cr\u00e9er un lieu qu\u2019il leur ressemble avant tout, ils ont choisi le nom de leur \u00e9tablissement pour faire \u00e9cho \u00e0 leur c\u00f4t\u00e9 <strong>bavard, bon vivant et \u00e9picurien<\/strong>. \u00ab\u00a0Tout ce qui est bon passe par le bec\u00a0\u00bb, s\u2019amusent-ils. \u00ab\u00a0Et puis on est aussi deux grandes gueules, on aime bien raconter des histoires, \u00e9couter celles des autres\u2026\u00a0\u00bb<\/p>\n<p class=\" wall-content\"><a href=\"https:\/\/www.instagram.com\/p\/DOmDnGVjGUp\/embed\" title=\"Ouvrir le lien sur Instagram\" rel=\"nofollow noopener\" target=\"_blank\">Visualiser le contenu sur Instagram<\/a><\/p>\n<p>Une carte a\u00e9r\u00e9e avec neuf propositions<\/p>\n<p class=\" wall-content\">Leur proposition : une carte a\u00e9r\u00e9e avec trois entr\u00e9es, trois plats et trois desserts au choix, qui change au fil des humeurs des patrons et, surtout, des saisons. Le midi, <strong>deux formules<\/strong> sont possibles avec des mets qui ne se trouvent pas \u00e0 la carte, pour 20 ou 25 euros.\u00a0<\/p>\n<p class=\" wall-content\">C\u00f4t\u00e9 boissons : cocktails classiques et cr\u00e9ations, bi\u00e8res pression et, surtout, de nombreux vins fran\u00e7ais gard\u00e9s bien au frais dans la cave de la maison.\u00a0<\/p>\n<p class=\" wall-content\">Pour la quarantaine de places assises, Oscar et Pierre seront par ailleurs accompagn\u00e9s d\u2019une autre personne en salle, histoire de pouvoir \u00ab\u00a0passer du temps \u00e0 table avec les clients et ne jamais voir un bras lev\u00e9.\u00a0\u00bb<\/p>\n<p class=\" wall-content\">Rendez-vous <strong>du mardi au samedi<\/strong> au sein de cette nouvelle adresse, le midi comme le soir.<\/p>\n<p class=\" wall-content\">Personnalisez votre actualit\u00e9 en ajoutant vos villes et m\u00e9dias en favori avec <a href=\"https:\/\/moncompte.actu.fr\" title=\"D\u00e9couvez Mon Actu\" rel=\"nofollow noopener\" data-trk=\"{&quot;cta&quot;:{&quot;action&quot;:&quot;https:\\\/\\\/moncompte.actu.fr&quot;,&quot;category&quot;:&quot;mon compte&quot;,&quot;from&quot;:&quot;article footer&quot;,&quot;name&quot;:&quot;Mon actu&quot;,&quot;type&quot;:&quot;cta&quot;}}\" target=\"_blank\">Mon Actu<\/a>.<\/p>\n<p>                    <script async src=\"\/\/www.instagram.com\/embed.js\"><\/script><\/p>\n","protected":false},"excerpt":{"rendered":"Par Ludivine Caporal Publi\u00e9 le 12 oct. 2025 \u00e0 6h28 Une d\u00e9coration soign\u00e9e avec un m\u00e9lange chaleureux de&hellip;\n","protected":false},"author":2,"featured_media":456621,"comment_status":"","ping_status":"","sticky":false,"template":"","format":"standard","meta":{"footnotes":""},"categories":[1889],"tags":[1111,11,2430,1777,674,1011,27,1661,1652,2428,6178,12,25,1340],"class_list":{"0":"post-456620","1":"post","2":"type-post","3":"status-publish","4":"format-standard","5":"has-post-thumbnail","7":"category-lyon","8":"tag-actu","9":"tag-actualites","10":"tag-auvergne-rhone-alpes","11":"tag-eu","12":"tag-europe","13":"tag-fr","14":"tag-france","15":"tag-gastronomie","16":"tag-loisirs-culture","17":"tag-lyon","18":"tag-lyon-part-dieu","19":"tag-news","20":"tag-republique-francaise","21":"tag-restaurant"},"share_on_mastodon":{"url":"https:\/\/pubeurope.com\/@fr\/115359406107006240","error":""},"_links":{"self":[{"href":"https:\/\/www.europesays.com\/fr\/wp-json\/wp\/v2\/posts\/456620","targetHints":{"allow":["GET"]}}],"collection":[{"href":"https:\/\/www.europesays.com\/fr\/wp-json\/wp\/v2\/posts"}],"about":[{"href":"https:\/\/www.europesays.com\/fr\/wp-json\/wp\/v2\/types\/post"}],"author":[{"embeddable":true,"href":"https:\/\/www.europesays.com\/fr\/wp-json\/wp\/v2\/users\/2"}],"replies":[{"embeddable":true,"href":"https:\/\/www.europesays.com\/fr\/wp-json\/wp\/v2\/comments?post=456620"}],"version-history":[{"count":0,"href":"https:\/\/www.europesays.com\/fr\/wp-json\/wp\/v2\/posts\/456620\/revisions"}],"wp:featuredmedia":[{"embeddable":true,"href":"https:\/\/www.europesays.com\/fr\/wp-json\/wp\/v2\/media\/456621"}],"wp:attachment":[{"href":"https:\/\/www.europesays.com\/fr\/wp-json\/wp\/v2\/media?parent=456620"}],"wp:term":[{"taxonomy":"category","embeddable":true,"href":"https:\/\/www.europesays.com\/fr\/wp-json\/wp\/v2\/categories?post=456620"},{"taxonomy":"post_tag","embeddable":true,"href":"https:\/\/www.europesays.com\/fr\/wp-json\/wp\/v2\/tags?post=456620"}],"curies":[{"name":"wp","href":"https:\/\/api.w.org\/{rel}","templated":true}]}}