{"id":456622,"date":"2025-10-12T04:53:10","date_gmt":"2025-10-12T04:53:10","guid":{"rendered":"https:\/\/www.europesays.com\/fr\/456622\/"},"modified":"2025-10-12T04:53:10","modified_gmt":"2025-10-12T04:53:10","slug":"pres-de-lyon-les-zombies-envahissent-cette-commune-pour-une-soiree-inedite","status":"publish","type":"post","link":"https:\/\/www.europesays.com\/fr\/456622\/","title":{"rendered":"Pr\u00e8s de Lyon. Les zombies envahissent cette commune pour une soir\u00e9e in\u00e9dite"},"content":{"rendered":"<p>            Par<br \/>\n        <strong><br \/>\n            <a href=\"https:\/\/actu.fr\/auteur\/theo-zuili\" title=\"Consulter tous les articles de Th\u00e9o Zuili\" rel=\"nofollow noopener\" target=\"_blank\">Th\u00e9o Zuili<\/a><br \/>\n        <\/strong><\/p>\n<p>        Publi\u00e9 le<\/p>\n<p>            12 oct. 2025 \u00e0 6h22        <\/p>\n<p>Les fans de frissons et d\u2019adr\u00e9naline ont rendez-vous dans le Val de Sa\u00f4ne samedi 25 octobre 2025. La Maison des jeunes et de la culture de <a href=\"https:\/\/actu.fr\/auvergne-rhone-alpes\/neuville-sur-saone_69143\" rel=\"nofollow noopener\" target=\"_blank\">Neuville-sur-Sa\u00f4ne<\/a>, pr\u00e8s de <a href=\"https:\/\/actu.fr\/auvergne-rhone-alpes\/lyon_69123\" rel=\"nofollow noopener\" target=\"_blank\">Lyon<\/a>, organise un \u00e9v\u00e8nement grandeur nature <strong>dans les rues de la ville<\/strong> \u00e0 la tomb\u00e9e de la nuit.<\/p>\n<p class=\" wall-content\">Les participants devront esquiver les (faux) morts-vivants pour esp\u00e9rer remporter des lots lors d\u2019une soir\u00e9e in\u00e9dite.<\/p>\n<p>    <a href=\"https:\/\/www.google.com\/maps\/embed?pb=!1m18!1m12!1m3!1d12619.883294608328!2d4.831417377822808!3d45.874973575535165!2m3!1f0!2f0!3f0!3m2!1i1024!2i768!4f13.1!3m3!1m2!1s0x47f4942829508cb5%3A0x243d61bdce11102a!2sPl.%20du%208%20Mai%2C%2069250%20Neuville-sur-Sa%C3%B4ne!5e1!3m2!1sfr!2sfr!4v1760018172102!5m2!1sfr!2sfr\" title=\"Ouvrie le lien\" rel=\"nofollow noopener\" target=\"_blank\">Cliquez ici pour visualiser le contenu<\/a><\/p>\n<p>L\u2019inscription obligatoire<\/p>\n<p class=\" wall-content\">Pr\u00e9sent\u00e9e comme \u00ab\u00a0une course d\u2019orientation<strong> en plein Neuville parmi une horde de zombies<\/strong> pour r\u00e9cup\u00e9rer le maximum de balises\u00a0\u00bb, la premi\u00e8re \u00e9dition de la \u00ab\u00a0Zombies run\u00a0\u00bb esp\u00e8re rassembler des \u00e9quipes lors de cinq sessions de 30 minutes de 17h30 \u00e0 19h30, \u00e0 quelques jours d\u2019Halloween.<\/p>\n<p class=\" wall-content\">Une version urbaine, donc, de ce que certains ont d\u00e9j\u00e0 pu tester au parc de Lacroix-Laval avec le c\u00e9l\u00e8bre concept <a href=\"https:\/\/actu.fr\/auvergne-rhone-alpes\/saint-genis-laval_69204\/insolite-une-invasion-de-hordes-de-zombies-a-lyon-voici-comment-y-participer_51603480.html\" rel=\"nofollow noopener\" target=\"_blank\">Zomb\u2019in the dark<\/a>. Maquill\u00e9s de mani\u00e8re effrayante, les apprentis zombies devront emp\u00eacher les participants d\u2019atteindre leur but.<\/p>\n<p>    <a href=\"https:\/\/www.facebook.com\/plugins\/video.php?height=314&amp;href=https%3A%2F%2Fwww.facebook.com%2Fmjcneuvillesursaone.infos%2Fvideos%2F24839402622417128%2F%3Fidorvanity%3D1407989323603770&amp;show_text=false&amp;width=350&amp;t=0\" title=\"Ouvrie le lien\" rel=\"nofollow noopener\" target=\"_blank\">Cliquez ici pour visualiser le contenu<\/a><\/p>\n<p class=\" wall-content\">L\u2019inscription est obligatoire, pour une \u00e0 trois personnes maximum dans chaque \u00e9quipe. Les participants devront d\u00e9bourser <strong>10\u20ac par personne<\/strong>. Des lots sont \u00e0 gagner pour les \u00e9quipes les plus rapides de la course !<\/p>\n<p>Votre r\u00e9gion, votre actu !<\/p>\n<p>Recevez chaque jour les infos qui comptent pour vous.<\/p>\n<p>\t<a href=\"https:\/\/actu.fr\/newsletter\" class=\"ac-btn ac-btn--corner ac-btn--medium ac-btn--blue800\" rel=\"nofollow noopener\" target=\"_blank\">S&rsquo;incrire<\/a><\/p>\n<p class=\" wall-content\">L\u2019\u00e9v\u00e8nement est accessible aux ados\/adultes et aux enfants de plus de 8 ans accompagn\u00e9s. Pour s\u2019inscrire, <strong>envoyez un mail \u00e0 <a href=\"https:\/\/actu.fr\/cdn-cgi\/l\/email-protection\" class=\"__cf_email__\" data-cfemail=\"a9cadcc5dddcdbcce9c4c3cac7ccdcdfc0c5c5cc87cac6c4\" rel=\"nofollow noopener\" target=\"_blank\">[email\u00a0protected]<\/a><\/strong> en pr\u00e9cisant l\u2019identit\u00e9 et l\u2019\u00e2ge des volontaires de votre \u00e9quipe ainsi que le cr\u00e9neau horaire sur lequel vous voulez \u00eatre positionn\u00e9 (17h30 \u2013 18h \u2013 18h30 \u2013 19h \u2013 19h30).<\/p>\n<p class=\" wall-content\">Personnalisez votre actualit\u00e9 en ajoutant vos villes et m\u00e9dias en favori avec <a href=\"https:\/\/moncompte.actu.fr\" title=\"D\u00e9couvez Mon Actu\" rel=\"nofollow noopener\" data-trk=\"{&quot;cta&quot;:{&quot;action&quot;:&quot;https:\\\/\\\/moncompte.actu.fr&quot;,&quot;category&quot;:&quot;mon compte&quot;,&quot;from&quot;:&quot;article footer&quot;,&quot;name&quot;:&quot;Mon actu&quot;,&quot;type&quot;:&quot;cta&quot;}}\" target=\"_blank\">Mon Actu<\/a>.<\/p>\n","protected":false},"excerpt":{"rendered":"Par Th\u00e9o Zuili Publi\u00e9 le 12 oct. 2025 \u00e0 6h22 Les fans de frissons et d\u2019adr\u00e9naline ont rendez-vous&hellip;\n","protected":false},"author":2,"featured_media":456623,"comment_status":"","ping_status":"","sticky":false,"template":"","format":"standard","meta":{"footnotes":""},"categories":[1889],"tags":[1111,11,2430,1777,674,1011,27,20815,1757,1652,2428,12,25],"class_list":{"0":"post-456622","1":"post","2":"type-post","3":"status-publish","4":"format-standard","5":"has-post-thumbnail","7":"category-lyon","8":"tag-actu","9":"tag-actualites","10":"tag-auvergne-rhone-alpes","11":"tag-eu","12":"tag-europe","13":"tag-fr","14":"tag-france","15":"tag-halloween","16":"tag-insolite","17":"tag-loisirs-culture","18":"tag-lyon","19":"tag-news","20":"tag-republique-francaise"},"share_on_mastodon":{"url":"https:\/\/pubeurope.com\/@fr\/115359409936439325","error":""},"_links":{"self":[{"href":"https:\/\/www.europesays.com\/fr\/wp-json\/wp\/v2\/posts\/456622","targetHints":{"allow":["GET"]}}],"collection":[{"href":"https:\/\/www.europesays.com\/fr\/wp-json\/wp\/v2\/posts"}],"about":[{"href":"https:\/\/www.europesays.com\/fr\/wp-json\/wp\/v2\/types\/post"}],"author":[{"embeddable":true,"href":"https:\/\/www.europesays.com\/fr\/wp-json\/wp\/v2\/users\/2"}],"replies":[{"embeddable":true,"href":"https:\/\/www.europesays.com\/fr\/wp-json\/wp\/v2\/comments?post=456622"}],"version-history":[{"count":0,"href":"https:\/\/www.europesays.com\/fr\/wp-json\/wp\/v2\/posts\/456622\/revisions"}],"wp:featuredmedia":[{"embeddable":true,"href":"https:\/\/www.europesays.com\/fr\/wp-json\/wp\/v2\/media\/456623"}],"wp:attachment":[{"href":"https:\/\/www.europesays.com\/fr\/wp-json\/wp\/v2\/media?parent=456622"}],"wp:term":[{"taxonomy":"category","embeddable":true,"href":"https:\/\/www.europesays.com\/fr\/wp-json\/wp\/v2\/categories?post=456622"},{"taxonomy":"post_tag","embeddable":true,"href":"https:\/\/www.europesays.com\/fr\/wp-json\/wp\/v2\/tags?post=456622"}],"curies":[{"name":"wp","href":"https:\/\/api.w.org\/{rel}","templated":true}]}}