{"id":456626,"date":"2025-10-12T04:57:21","date_gmt":"2025-10-12T04:57:21","guid":{"rendered":"https:\/\/www.europesays.com\/fr\/456626\/"},"modified":"2025-10-12T04:57:21","modified_gmt":"2025-10-12T04:57:21","slug":"edinson-cavani-de-retour-a-paris-lenorme-revelation","status":"publish","type":"post","link":"https:\/\/www.europesays.com\/fr\/456626\/","title":{"rendered":"Edinson Cavani de retour \u00e0 Paris ? L&rsquo;\u00e9norme r\u00e9v\u00e9lation"},"content":{"rendered":"<p data-testid=\"article-teaser\">Cinq ans apr\u00e8s son d\u00e9part du PSG, Edinson Cavani pourrait bient\u00f4t faire son retour dans la capitale fran\u00e7aise. <\/p>\n<p><a href=\"https:\/\/rmcsport.bfmtv.com\/football\/ligue-1\/psg-le-depart-de-cavani-au-coeur-des-tensions_AV-202006220418.html\" target=\"_self\" rel=\"noopener\">Cinq ans apr\u00e8s son d\u00e9part du Paris Saint-Germain<\/a>, Edinson Cavani n\u2019a jamais sembl\u00e9 aussi proche\u2026 et pourtant aussi loin du Parc des Princes. L\u2019ombre du Matador, meilleur buteur de l\u2019histoire du club avec 200 r\u00e9alisations, plane toujours sur la capitale. L\u2019Uruguayen, aujourd\u2019hui \u00e2g\u00e9 de 38 ans, \u00e9volue sous les couleurs de Boca Juniors o\u00f9 il reste un \u00e9l\u00e9ment cl\u00e9, mais son nom r\u00e9sonne encore dans les trav\u00e9es du Parc des Princes. De r\u00e9centes informations ont r\u00e9v\u00e9l\u00e9 que le PSG a multipli\u00e9 les d\u00e9marches pour organiser un hommage \u00e0 celui qui fut l\u2019un des visages majeurs du projet qatari.<\/p>\n","protected":false},"excerpt":{"rendered":"Cinq ans apr\u00e8s son d\u00e9part du PSG, Edinson Cavani pourrait bient\u00f4t faire son retour dans la capitale fran\u00e7aise.&hellip;\n","protected":false},"author":2,"featured_media":456627,"comment_status":"","ping_status":"","sticky":false,"template":"","format":"standard","meta":{"footnotes":""},"categories":[1888],"tags":[1111,1928,11,1927,58185,1777,674,1011,27,66,12,1926,626,1925,91,58186,25,640],"class_list":{"0":"post-456626","1":"post","2":"type-post","3":"status-publish","4":"format-standard","5":"has-post-thumbnail","7":"category-paris","8":"tag-actu","9":"tag-actu-paris","10":"tag-actualites","11":"tag-actualites-paris","12":"tag-e-cavani","13":"tag-eu","14":"tag-europe","15":"tag-fr","16":"tag-france","17":"tag-ligue-1","18":"tag-news","19":"tag-news-paris","20":"tag-paris","21":"tag-paris-news","22":"tag-paris-saint-germain","23":"tag-paris-saint-germain-vs-strasbourg","24":"tag-republique-francaise","25":"tag-strasbourg"},"share_on_mastodon":{"url":"https:\/\/pubeurope.com\/@fr\/115359425752782377","error":""},"_links":{"self":[{"href":"https:\/\/www.europesays.com\/fr\/wp-json\/wp\/v2\/posts\/456626","targetHints":{"allow":["GET"]}}],"collection":[{"href":"https:\/\/www.europesays.com\/fr\/wp-json\/wp\/v2\/posts"}],"about":[{"href":"https:\/\/www.europesays.com\/fr\/wp-json\/wp\/v2\/types\/post"}],"author":[{"embeddable":true,"href":"https:\/\/www.europesays.com\/fr\/wp-json\/wp\/v2\/users\/2"}],"replies":[{"embeddable":true,"href":"https:\/\/www.europesays.com\/fr\/wp-json\/wp\/v2\/comments?post=456626"}],"version-history":[{"count":0,"href":"https:\/\/www.europesays.com\/fr\/wp-json\/wp\/v2\/posts\/456626\/revisions"}],"wp:featuredmedia":[{"embeddable":true,"href":"https:\/\/www.europesays.com\/fr\/wp-json\/wp\/v2\/media\/456627"}],"wp:attachment":[{"href":"https:\/\/www.europesays.com\/fr\/wp-json\/wp\/v2\/media?parent=456626"}],"wp:term":[{"taxonomy":"category","embeddable":true,"href":"https:\/\/www.europesays.com\/fr\/wp-json\/wp\/v2\/categories?post=456626"},{"taxonomy":"post_tag","embeddable":true,"href":"https:\/\/www.europesays.com\/fr\/wp-json\/wp\/v2\/tags?post=456626"}],"curies":[{"name":"wp","href":"https:\/\/api.w.org\/{rel}","templated":true}]}}