{"id":456628,"date":"2025-10-12T04:58:09","date_gmt":"2025-10-12T04:58:09","guid":{"rendered":"https:\/\/www.europesays.com\/fr\/456628\/"},"modified":"2025-10-12T04:58:09","modified_gmt":"2025-10-12T04:58:09","slug":"un-appartement-dans-une-celebre-rue-de-paris-est-a-vendre-aux-encheres-avec-une-mise-a-prix-a-20-000-euros","status":"publish","type":"post","link":"https:\/\/www.europesays.com\/fr\/456628\/","title":{"rendered":"Un appartement dans une c\u00e9l\u00e8bre rue de Paris est \u00e0 vendre aux ench\u00e8res avec une mise \u00e0 prix \u00e0 20 000 euros"},"content":{"rendered":"<p>            Par<br \/>\n        <strong><br \/>\n            <a href=\"https:\/\/actu.fr\/auteur\/thomas-martin\" title=\"Consulter tous les articles de Thomas Martin\" target=\"_blank\" rel=\"noopener\">Thomas Martin<\/a><br \/>\n        <\/strong><\/p>\n<p>        Publi\u00e9 le<\/p>\n<p>            12 oct. 2025 \u00e0 6h32        <\/p>\n<p>L\u2019occasion de faire une bonne affaire ? Jeudi 6 novembre, au <a href=\"https:\/\/actu.fr\/tag\/tribunal-de-paris\" target=\"_blank\" rel=\"noopener\">tribunal judiciaire de Paris<\/a>, un appartement situ\u00e9 au 156 rue Oberkampf, dans le 11e arrondissement de Paris, tout pr\u00e8s du boulevard de M\u00e9nilmontant, va \u00eatre vendu aux <a href=\"https:\/\/actu.fr\/ile-de-france\/paris_75056\/immobilier-a-paris-appartements-parkings-est-ce-que-ca-vaut-le-coup-d-acheter-son-bien-aux-encheres_61101508.html\" target=\"_blank\" rel=\"noopener\">ench\u00e8res<\/a> avec un prix de d\u00e9part tr\u00e8s bas : 10 680 euros.\u00a0<\/p>\n<p>Plusieurs biens immobiliers \u00e0 vendre aux ench\u00e8res \u00e0 Paris<\/p>\n<p class=\" wall-content\">Ce <a href=\"https:\/\/actu.fr\/tag\/logement\" target=\"_blank\" rel=\"noopener\">logement<\/a> de 31,13 m\u00b2, au 3\u00e8me \u00e9tage, comprend une pi\u00e8ce divis\u00e9e en bureau s\u00e9jour\/coin-cuisine, une salle d\u2019eau avec wc ainsi qu\u2019un acc\u00e8s aux wc communs sur le palier. A noter que le bien est occup\u00e9. Selon le site <a href=\"https:\/\/www.meilleursagents.com\/prix-immobilier\/paris-75000\/rue-oberkampf-3869\/\" target=\"_blank\" rel=\"noopener\">Meilleurs Agents<\/a>, le prix du m\u00b2 moyen pour un appartement dans cette rue est de 9\u202f904 euros.\u00a0Fin 2024, un appartement de 35 m\u00b2 s\u2019est vendu au 160 rue Oberkampf 371 250 euros, selon le site <a href=\"https:\/\/www.immo-data.fr\/explorateur\/transaction\/recherche?minprice=0&amp;maxprice=25000000&amp;minpricesquaremeter=0&amp;maxpricesquaremeter=40000&amp;propertytypes=0%2C1%2C2%2C4%2C5&amp;minmonthyear=Janvier%202014&amp;maxmonthyear=D%C3%A9cembre%202024&amp;nbrooms=1%2C2%2C3%2C4%2C5&amp;minsurface=0&amp;maxsurface=400&amp;minsurfaceland=0&amp;maxsurfaceland=50000&amp;center=2.382091%3B48.86672&amp;zoom=18\" target=\"_blank\" rel=\"noopener\">Immo Data<\/a>, soit 10 607 euros\/m\u00b2.\u00a0<\/p>\n<p class=\" wall-content\">D\u2019autres biens immobiliers seront mis en vente le m\u00eame jour, dont un appartement de 31,97 m\u00b2 avec une cave, situ\u00e9 2 bis, rue Championnet dans le 18e arrondissement. Sa mise \u00e0 prix est de 80 000 euros.\u00a0<\/p>\n<p class=\" wall-content\">Jeudi 13 novembre, un appartement de 109,53 m\u00b2, au 6\u00e8me \u00e9tage, sera \u00e9galement mis aux ench\u00e8res \u00e0 150 000 euros. Ce bien occup\u00e9 est situ\u00e9 22, av. de Laumi\u00e8re dans le 19e arrondissement.<\/p>\n<p class=\" wall-content\">Il est compos\u00e9 d\u2019une entr\u00e9e avec placards, d\u2019une cuisine avec balcon, d\u2019un salon\/s\u00e9jour, de quatre chambres dont une avec salle de bains et wc \u2013 placard et une autre avec placard, d\u2019un couloir avec placards, de wc et d\u2019une salle de bains.\u00a0<\/p>\n<p class=\" wall-content\">D\u2019ici l\u00e0, jeudi 23 octobre, un appartement (occup\u00e9) de 36,5 m\u00b2, situ\u00e9 171 boulevard Lefebvre, dans le 15e arrondissement, est aussi mis en vente. Situ\u00e9 au 3\u00e8me \u00e9tage, il comprend une entr\u00e9e\/couloir de circulation, une cuisine, un cabinet de toilette, une salle de douche, un s\u00e9jour et une chambre. Les ench\u00e8res d\u00e9marreront \u00e0 <a href=\"https:\/\/actu.fr\/ile-de-france\/paris_75056\/immobilier-a-paris-des-appartements-a-vendre-a-prix-casses-des-10-000-euros-voici-ou-ils-se-trouvent_63181659.html\" target=\"_blank\" rel=\"noopener\">10 680 euros<\/a>.\u00a0<\/p>\n<p class=\" wall-content\">Plus d\u2019infos sur le site <a href=\"https:\/\/www.licitor.com\/\" target=\"_blank\" rel=\"noopener\">licitor.com<\/a><\/p>\n<p class=\" wall-content\">Personnalisez votre actualit\u00e9 en ajoutant vos villes et m\u00e9dias en favori avec <a href=\"https:\/\/moncompte.actu.fr\" title=\"D\u00e9couvez Mon Actu\" rel=\"nofollow noopener\" data-trk=\"{&quot;cta&quot;:{&quot;action&quot;:&quot;https:\\\/\\\/moncompte.actu.fr&quot;,&quot;category&quot;:&quot;mon compte&quot;,&quot;from&quot;:&quot;article footer&quot;,&quot;name&quot;:&quot;Mon actu&quot;,&quot;type&quot;:&quot;cta&quot;}}\" target=\"_blank\">Mon Actu<\/a>.<\/p>\n","protected":false},"excerpt":{"rendered":"Par Thomas Martin Publi\u00e9 le 12 oct. 2025 \u00e0 6h32 L\u2019occasion de faire une bonne affaire ? Jeudi&hellip;\n","protected":false},"author":2,"featured_media":456629,"comment_status":"","ping_status":"","sticky":false,"template":"","format":"standard","meta":{"footnotes":""},"categories":[1888],"tags":[11,1777,674,1011,27,1116,1908,12,626,25,104,4595],"class_list":{"0":"post-456628","1":"post","2":"type-post","3":"status-publish","4":"format-standard","5":"has-post-thumbnail","7":"category-paris","8":"tag-actualites","9":"tag-eu","10":"tag-europe","11":"tag-fr","12":"tag-france","13":"tag-immobilier","14":"tag-logement","15":"tag-news","16":"tag-paris","17":"tag-republique-francaise","18":"tag-societe","19":"tag-tribunal-de-paris"},"share_on_mastodon":{"url":"https:\/\/pubeurope.com\/@fr\/115359429662812576","error":""},"_links":{"self":[{"href":"https:\/\/www.europesays.com\/fr\/wp-json\/wp\/v2\/posts\/456628","targetHints":{"allow":["GET"]}}],"collection":[{"href":"https:\/\/www.europesays.com\/fr\/wp-json\/wp\/v2\/posts"}],"about":[{"href":"https:\/\/www.europesays.com\/fr\/wp-json\/wp\/v2\/types\/post"}],"author":[{"embeddable":true,"href":"https:\/\/www.europesays.com\/fr\/wp-json\/wp\/v2\/users\/2"}],"replies":[{"embeddable":true,"href":"https:\/\/www.europesays.com\/fr\/wp-json\/wp\/v2\/comments?post=456628"}],"version-history":[{"count":0,"href":"https:\/\/www.europesays.com\/fr\/wp-json\/wp\/v2\/posts\/456628\/revisions"}],"wp:featuredmedia":[{"embeddable":true,"href":"https:\/\/www.europesays.com\/fr\/wp-json\/wp\/v2\/media\/456629"}],"wp:attachment":[{"href":"https:\/\/www.europesays.com\/fr\/wp-json\/wp\/v2\/media?parent=456628"}],"wp:term":[{"taxonomy":"category","embeddable":true,"href":"https:\/\/www.europesays.com\/fr\/wp-json\/wp\/v2\/categories?post=456628"},{"taxonomy":"post_tag","embeddable":true,"href":"https:\/\/www.europesays.com\/fr\/wp-json\/wp\/v2\/tags?post=456628"}],"curies":[{"name":"wp","href":"https:\/\/api.w.org\/{rel}","templated":true}]}}