{"id":456638,"date":"2025-10-12T05:03:16","date_gmt":"2025-10-12T05:03:16","guid":{"rendered":"https:\/\/www.europesays.com\/fr\/456638\/"},"modified":"2025-10-12T05:03:16","modified_gmt":"2025-10-12T05:03:16","slug":"harry-et-meghan-de-retour-au-royaume-uni-avant-la-fin-de-lannee-les-rumeurs-vont-bon-train","status":"publish","type":"post","link":"https:\/\/www.europesays.com\/fr\/456638\/","title":{"rendered":"Harry et Meghan de retour au Royaume-Uni \u201cavant la fin de l\u2019ann\u00e9e\u201d ? Les rumeurs vont bon train !"},"content":{"rendered":"<p>                                    <img decoding=\"async\" src=\"https:\/\/www.europesays.com\/fr\/wp-content\/uploads\/2025\/10\/64cdb9fd596c10bc7726bf4d784fa71f00be9e52d2f779304fd1a7eddacc936c.jpg\" alt=\"GALA Prince Harry\u00a0: ce qu'il faut connaitre (1)\" class=\"a11y-hidden\" fetchpriority=\"high\"\/><\/p>\n<p class=\"fig-standfirst\">\n    D\u2019apr\u00e8s certaines rumeurs, le prince Harry et Meghan Markle pourraient se rendre au Royaume-Uni d\u2019ici quelques mois d\u2019apr\u00e8s le journaliste Richard Eden. Ils ne sont pas revenus ensemble en Grande-Bretagne depuis septembre 2022.<\/p>\n<p class=\"fig-paragraph\">Depuis que le prince Harry a d\u00e9cid\u00e9 de quitter la famille royale britannique,\u00a0<a href=\"https:\/\/www.gala.fr\/royautes\/le-prince-harry-expulsable-des-etats-unis-voici-pourquoi-son-mensonge-sur-sa-consommation-de-drogues-est-passe-inapercu-20250906\" target=\"_blank\" data-fig-type=\"Article\" rel=\"sponsored noopener\" data-gtm-custom-categorie=\"navigation\" data-gtm-custom-action=\"crossclick\" data-gtm-custom-label=\"Contextuel\" data-gtm-event=\"customEventSPE\" data-fig-domain=\"GALA\">il s\u2019est install\u00e9 aux \u00c9tats-Unis avec son \u00e9pouse<\/a>\u00a0Meghan Markle o\u00f9 ils \u00e9l\u00e8vent leurs deux enfants Archie et Lilibet. Un d\u00e9part qui a provoqu\u00e9<a href=\"https:\/\/www.gala.fr\/l_actu\/news_de_stars\/entre-le-prince-harry-et-la-famille-royale-le-fosse-se-creuse-mes-pires-craintes-ont-ete-confirmees-20250412\" target=\"_blank\" data-fig-type=\"Article\" rel=\"sponsored noopener\" data-gtm-custom-categorie=\"navigation\" data-gtm-custom-action=\"crossclick\" data-gtm-custom-label=\"Contextuel\" data-gtm-event=\"customEventSPE\" data-fig-domain=\"GALA\">\u00a0des tensions entre le fils cadet du roi\u00a0<\/a>Charles III et le reste de la famille, si bien que le prince Harry ne revient que tr\u00e8s rarement au Royaume-Uni, et encore moins accompagn\u00e9 de son \u00e9pouse Meghan Markle<a href=\"https:\/\/www.gala.fr\/royautes\/harry-et-meghan-de-simples-celebrites-pourquoi-leur-securite-pose-question-20251009\" target=\"_blank\" data-fig-type=\"Article\" rel=\"sponsored noopener\" data-gtm-custom-categorie=\"navigation\" data-gtm-custom-action=\"crossclick\" data-gtm-custom-label=\"Contextuel\" data-gtm-event=\"customEventSPE\" data-fig-domain=\"GALA\">\u00a0en raison de leur manque de s\u00e9curit\u00e9 polici\u00e8re<\/a>. Mais, le journaliste Richard Eden a fait savoir dans le\u00a0<a href=\"https:\/\/www.dailymail.co.uk\/tvshowbiz\/article-15176853\/RICHARD-EDEN-Ive-discovered-jaw-dropping-details-Establishment-plot-return-Harry-Meghan-undermine-Kate-William-You-wont-BELIEVE-gall.html\" target=\"_blank\" rel=\"sponsored noopener\" data-gtm-custom-categorie=\"navigation\" data-gtm-custom-action=\"crossclick\" data-gtm-custom-label=\"Contextuel\" data-gtm-event=\"customEventSPE\">Daily Mail<\/a> \u00a0ce jeudi 9 octobre que le couple pourrait bien revenir \u00ab en Grande-Bretagne avant la fin de l\u2019ann\u00e9e \u00bb, ajoutant que Meghan Markle \u00ab ravalera son orgueil \u00bb. L\u2019expert a toutefois soulign\u00e9\u00a0: \u00ab Reste \u00e0 voir si \u201cravaler son orgueil\u201d \u2013 et le faire accepter, sans doute \u2013 suffira \u00e0 apaiser la famille royale ou le peuple britannique.\u00a0\u00bb<\/p>\n<p class=\"fig-paragraph\">Cette visite s\u2019inscrirait dans un projet baptis\u00e9 \u00ab Project Thaw\u00a0\u00bb (\u00ab Projet d\u00e9gel\u00a0\u00bb), ayant pour objectif de \u00ab r\u00e9chauffer\u00a0\u00bb les relations glaciales qui r\u00e8gnent entre Harry et Meghan et le reste de la famille royale, ainsi qu\u2019avec le peuple britannique. La derni\u00e8re fois que le couple est venu ensemble au Royaume-Uni c\u2019\u00e9tait en septembre 2022 pour assister au One Young World Summit, un \u00e9v\u00e8nement qui rassemble des leaders issus de plus de 190 pays, puis lors des fun\u00e9railles de la d\u00e9funte reine Elizabeth II. De son c\u00f4t\u00e9, le prince Harry a, entre-temps, d\u00e9j\u00e0 remis les pieds sur le sol anglais. Le mois dernier, il avait particip\u00e9 \u00e0 des activit\u00e9s caritatives et\u00a0<a href=\"https:\/\/www.gala.fr\/royautes\/charles-iii-et-harry-rencontre-de-moins-d-une-heure-the-ce-que-l-on-sait-de-leurs-retrouvailles-20250910\" target=\"_blank\" data-fig-type=\"Article\" rel=\"sponsored noopener\" data-gtm-custom-categorie=\"navigation\" data-gtm-custom-action=\"crossclick\" data-gtm-custom-label=\"Contextuel\" data-gtm-event=\"customEventSPE\" data-fig-domain=\"GALA\">avait \u00e9t\u00e9 invit\u00e9 \u00e0 Clarence House pour prendre le th\u00e9 avec son p\u00e8re<\/a>, le roi Charles, avant de s\u2019envoler pour Kiev. Il s\u2019agissait de la premi\u00e8re rencontre face \u00e0 face entre le p\u00e8re et le fils depuis 19 mois.<\/p>\n<p>    <a href=\"https:\/\/photo.gala.fr\/photos-harry-et-meghan-les-60-moments-culte-de-leurs-trois-ans-de-mariage-45028\" target=\"_blank\" rel=\"noopener\"><\/p>\n<p class=\"fig-slideshow__title\">\n                    PHOTOS \u2013 Harry et Meghan Markle\u00a0: les 100 moments marquants de leurs 5 ans de mariage\n                <\/p>\n<p>    <\/a><\/p>\n<p>                                    <a class=\"fig-a11y-skip a11y-hidden\" href=\"#fig-a11y-skip-main-inarticle\"><br \/>\n        Passer la publicit\u00e9<br \/>\n    <\/a><\/p>\n<p>Malgr\u00e9 les tensions, Charles III garde une place sp\u00e9ciale pour Harry et Meghan\u00a0: la preuve<\/p>\n<p class=\"fig-paragraph\">Malgr\u00e9 les tensions entre Charles III et le prince Harry,\u00a0<a href=\"https:\/\/www.gala.fr\/royautes\/malgre-les-tensions-charles-iii-garde-une-place-speciale-pour-harry-et-meghan-la-preuve-20251008\" target=\"_blank\" data-fig-type=\"Article\" rel=\"sponsored noopener\" data-gtm-custom-categorie=\"navigation\" data-gtm-custom-action=\"crossclick\" data-gtm-custom-label=\"Contextuel\" data-gtm-event=\"customEventSPE\" data-fig-domain=\"GALA\">le roi serait bien d\u00e9cid\u00e9 \u00e0 r\u00e9int\u00e9grer son fils cadet et sa belle-fille dans sa vie<\/a>. Le monarque aurait notamment, d\u2019apr\u00e8s le Mirror, r\u00e9introduit au sein de ses r\u00e9sidences personnelles des photos de Harry, Meghan et de leurs deux enfants, Archie et Lilibet. Un geste symbolique qualifi\u00e9 de \u00ab rameau d\u2019olivier\u00a0\u00bb de Charles III vis-\u00e0-vis de son fils et sa belle-fille. \u00ab Ce signe montre qu\u2019il souhaite tisser des liens avec Harry et Meghan\u00a0\u00bb, a not\u00e9 le m\u00e9dia. C\u2019est notamment dans son ch\u00e2teau irlandais de Hillsborough que l\u2019\u00e9poux de la reine Camilla aurait dispos\u00e9 des photos des Sussex, \u00ab principalement dans le salon d\u2019\u00c9tat\u00a0\u00bb, d\u2019apr\u00e8s le Mirror. \u00ab La d\u00e9cision finale concernant les photos de la famille \u00e0 afficher revient au roi\u00a0\u00bb, a confirm\u00e9 une source royale. Une preuve qui montre que les relations entre le prince Harry et son p\u00e8re pourraient \u00eatre en voie d\u2019am\u00e9lioration.<\/p>\n","protected":false},"excerpt":{"rendered":"D\u2019apr\u00e8s certaines rumeurs, le prince Harry et Meghan Markle pourraient se rendre au Royaume-Uni d\u2019ici quelques mois d\u2019apr\u00e8s&hellip;\n","protected":false},"author":2,"featured_media":456639,"comment_status":"","ping_status":"","sticky":false,"template":"","format":"standard","meta":{"footnotes":""},"categories":[1588],"tags":[11,1777,674,5861,9047,908,12,473,1853,181,1851,1850,1852],"class_list":{"0":"post-456638","1":"post","2":"type-post","3":"status-publish","4":"format-standard","5":"has-post-thumbnail","7":"category-royaume-uni","8":"tag-actualites","9":"tag-eu","10":"tag-europe","11":"tag-gotha","12":"tag-harry-dangleterre","13":"tag-meghan-markle","14":"tag-news","15":"tag-royaume-uni","16":"tag-royaume-uni-de-grande-bretagne-et-dirlande-du-nord","17":"tag-rumeurs","18":"tag-uk","19":"tag-united-kingdom","20":"tag-united-kingdom-of-great-britain-and-northern-ireland"},"share_on_mastodon":{"url":"https:\/\/pubeurope.com\/@fr\/115359449876041520","error":""},"_links":{"self":[{"href":"https:\/\/www.europesays.com\/fr\/wp-json\/wp\/v2\/posts\/456638","targetHints":{"allow":["GET"]}}],"collection":[{"href":"https:\/\/www.europesays.com\/fr\/wp-json\/wp\/v2\/posts"}],"about":[{"href":"https:\/\/www.europesays.com\/fr\/wp-json\/wp\/v2\/types\/post"}],"author":[{"embeddable":true,"href":"https:\/\/www.europesays.com\/fr\/wp-json\/wp\/v2\/users\/2"}],"replies":[{"embeddable":true,"href":"https:\/\/www.europesays.com\/fr\/wp-json\/wp\/v2\/comments?post=456638"}],"version-history":[{"count":0,"href":"https:\/\/www.europesays.com\/fr\/wp-json\/wp\/v2\/posts\/456638\/revisions"}],"wp:featuredmedia":[{"embeddable":true,"href":"https:\/\/www.europesays.com\/fr\/wp-json\/wp\/v2\/media\/456639"}],"wp:attachment":[{"href":"https:\/\/www.europesays.com\/fr\/wp-json\/wp\/v2\/media?parent=456638"}],"wp:term":[{"taxonomy":"category","embeddable":true,"href":"https:\/\/www.europesays.com\/fr\/wp-json\/wp\/v2\/categories?post=456638"},{"taxonomy":"post_tag","embeddable":true,"href":"https:\/\/www.europesays.com\/fr\/wp-json\/wp\/v2\/tags?post=456638"}],"curies":[{"name":"wp","href":"https:\/\/api.w.org\/{rel}","templated":true}]}}