{"id":456644,"date":"2025-10-12T05:06:15","date_gmt":"2025-10-12T05:06:15","guid":{"rendered":"https:\/\/www.europesays.com\/fr\/456644\/"},"modified":"2025-10-12T05:06:15","modified_gmt":"2025-10-12T05:06:15","slug":"tadej-pogacar-raconte-par-celui-qui-la-decouvert-il-a-toujours-eu-quelque-chose-de-special","status":"publish","type":"post","link":"https:\/\/www.europesays.com\/fr\/456644\/","title":{"rendered":"Tadej Pogacar racont\u00e9 par celui qui l\u2019a d\u00e9couvert\u00a0: \u00ab Il a toujours eu quelque chose de sp\u00e9cial \u00bb"},"content":{"rendered":"<p class=\"paragraph text_align_left lp-f-body-02\">Aupr\u00e8s des siens, sans toute la pression du peloton professionnel, l\u2019ambiance sera \u00e0 la d\u00e9tente apr\u00e8s la nouvelle saison gargantuesque du petit cannibale, qui se rapproche un peu plus au palmar\u00e8s, \u00e0 seulement 27 ans,<a href=\"https:\/\/www.leparisien.fr\/sports\/cyclisme\/palmares-popularite-pogacar-est-il-en-train-de-passer-devant-merckx-comme-meilleur-coureur-de-lhistoire-11-10-2025-5DCFZOH5GJEM5MLCICQDIJZRJY.php\" target=\"_blank\" rel=\"noreferrer nofollow noopener\"> du grand Eddy Merckx.<\/a> D\u00e8s ce samedi, devant l\u2019\u00e9cran g\u00e9ant sous le chapiteau dress\u00e9 sur l\u2019hippodrome du Komenda, le peuple slov\u00e8ne a commenc\u00e9 \u00e0 f\u00eater son h\u00e9ros.<\/p>\n","protected":false},"excerpt":{"rendered":"Aupr\u00e8s des siens, sans toute la pression du peloton professionnel, l\u2019ambiance sera \u00e0 la d\u00e9tente apr\u00e8s la nouvelle&hellip;\n","protected":false},"author":2,"featured_media":456645,"comment_status":"","ping_status":"","sticky":false,"template":"","format":"standard","meta":{"footnotes":""},"categories":[1586],"tags":[11,207,1777,674,1779,1011,27,12,25,60,1778,364],"class_list":{"0":"post-456644","1":"post","2":"type-post","3":"status-publish","4":"format-standard","5":"has-post-thumbnail","7":"category-europe","8":"tag-actualites","9":"tag-cyclisme","10":"tag-eu","11":"tag-europe","12":"tag-european-union","13":"tag-fr","14":"tag-france","15":"tag-news","16":"tag-republique-francaise","17":"tag-sports","18":"tag-ue","19":"tag-union-europeenne"},"share_on_mastodon":{"url":"https:\/\/pubeurope.com\/@fr\/115359461124126323","error":""},"_links":{"self":[{"href":"https:\/\/www.europesays.com\/fr\/wp-json\/wp\/v2\/posts\/456644","targetHints":{"allow":["GET"]}}],"collection":[{"href":"https:\/\/www.europesays.com\/fr\/wp-json\/wp\/v2\/posts"}],"about":[{"href":"https:\/\/www.europesays.com\/fr\/wp-json\/wp\/v2\/types\/post"}],"author":[{"embeddable":true,"href":"https:\/\/www.europesays.com\/fr\/wp-json\/wp\/v2\/users\/2"}],"replies":[{"embeddable":true,"href":"https:\/\/www.europesays.com\/fr\/wp-json\/wp\/v2\/comments?post=456644"}],"version-history":[{"count":0,"href":"https:\/\/www.europesays.com\/fr\/wp-json\/wp\/v2\/posts\/456644\/revisions"}],"wp:featuredmedia":[{"embeddable":true,"href":"https:\/\/www.europesays.com\/fr\/wp-json\/wp\/v2\/media\/456645"}],"wp:attachment":[{"href":"https:\/\/www.europesays.com\/fr\/wp-json\/wp\/v2\/media?parent=456644"}],"wp:term":[{"taxonomy":"category","embeddable":true,"href":"https:\/\/www.europesays.com\/fr\/wp-json\/wp\/v2\/categories?post=456644"},{"taxonomy":"post_tag","embeddable":true,"href":"https:\/\/www.europesays.com\/fr\/wp-json\/wp\/v2\/tags?post=456644"}],"curies":[{"name":"wp","href":"https:\/\/api.w.org\/{rel}","templated":true}]}}