{"id":456646,"date":"2025-10-12T05:07:12","date_gmt":"2025-10-12T05:07:12","guid":{"rendered":"https:\/\/www.europesays.com\/fr\/456646\/"},"modified":"2025-10-12T05:07:12","modified_gmt":"2025-10-12T05:07:12","slug":"le-semis-doctobre-que-les-anciens-noubliaient-jamais-ce-legume-resistant-assure-des-recoltes-precoces-au-printemps","status":"publish","type":"post","link":"https:\/\/www.europesays.com\/fr\/456646\/","title":{"rendered":"Le semis d\u2019octobre que les anciens n\u2019oubliaient jamais : ce l\u00e9gume r\u00e9sistant assure des r\u00e9coltes pr\u00e9coces au printemps"},"content":{"rendered":"<p>Au potager, il existe des traditions qui ont travers\u00e9 les g\u00e9n\u00e9rations sans jamais perdre de leur pertinence. Pourtant, nombreux sont ceux qui ne connaissent plus ce geste simple que les anciens ne manquaient jamais d\u00e8s l&rsquo;automne venu : semer un l\u00e9gume oubli\u00e9, discret et pourtant incroyablement rustique, pour annoncer \u00e0 coup s\u00fbr les toutes premi\u00e8res r\u00e9coltes du printemps. Mais de quel l\u00e9gume s&rsquo;agit-il ? Derri\u00e8re cette habitude, souvent d\u00e9laiss\u00e9e, se cache une strat\u00e9gie maligne pour tirer le meilleur parti d&rsquo;un potager, m\u00eame en climat capricieux. Alors que faire pousser en octobre, lorsque l&rsquo;on veut allier saveur, curiosit\u00e9 et productivit\u00e9 ?<\/p>\n<p>Le secret bien gard\u00e9 des anciens jardiniers : pourquoi semaient-ils le salsifis en octobre ?<\/p>\n<p>Autrefois, dans bon nombre de potagers fran\u00e7ais, <strong>le salsifis<\/strong> avait une place de choix. Malgr\u00e9 sa discr\u00e9tion sur les \u00e9tals, ce l\u00e9gume allong\u00e9 \u00e0 la robe terne \u00e9tait pourtant monnaie courante dans les cuisines familiales, appr\u00e9ci\u00e9 pour sa saveur fine et douce rappelant un subtil m\u00e9lange d&rsquo;hu\u00eetre et d&rsquo;artichaut.<\/p>\n<p>Son int\u00e9r\u00eat ne r\u00e9sidait pas uniquement dans la cuisine : <strong>le salsifis r\u00e9sistait \u00e0 tout<\/strong>. Gel\u00e9es, pluies abondantes, sols lourds\u2026 Rien ne semblait le d\u00e9courager. C&rsquo;est pourquoi il s&rsquo;imposait dans les potagers de nos a\u00efeux, qui, loin de c\u00e9der \u00e0 la mode, privil\u00e9giaient des esp\u00e8ces capables de s&rsquo;adapter \u00e0 leur terre toute l&rsquo;ann\u00e9e.<\/p>\n<p> Un l\u00e9gume oubli\u00e9 mais essentiel dans les potagers d&rsquo;autrefois<\/p>\n<p>Facile \u00e0 cultiver, peu exigeant et quasi insensible aux maladies, le salsifis \u00e9tait presque le joker des <a href=\"https:\/\/journaldesseniors.20minutes.fr\/maison\/ne-taillez-pas-ces-8-plantes-cet-automne-vous-assurez-ainsi-leur-reprise-pour-un-printemps-colore\/\" target=\"_blank\" rel=\"noopener\">potagers traditionnels<\/a>. Si sa culture a d\u00e9clin\u00e9 au profit de l\u00e9gumes plus connus, il n&rsquo;en garde pas moins un tr\u00e9sor de simplicit\u00e9 pour celles et ceux qui veulent renouer avec des pratiques \u00e9prouv\u00e9es.<\/p>\n<p>Les atouts du salsifis : rustique, discret, mais promis \u00e0 une savoureuse revanche<\/p>\n<p>Ce l\u00e9gume racine d\u00e9montre une t\u00e9nacit\u00e9 hors du commun face au climat. Mieux encore, <strong>un semis en octobre<\/strong> permet d&rsquo;obtenir des r\u00e9coltes non seulement pr\u00e9coces, mais aussi tr\u00e8s savoureuses, bien avant la saison des radis et des carottes printaniers. Voil\u00e0 qui lui conf\u00e8re des allures de v\u00e9ritable atout cach\u00e9 du jardin familial.<\/p>\n<p>Octobre, le mois strat\u00e9gique : semer pour devancer le printemps<\/p>\n<p>\u00c0 l&rsquo;heure o\u00f9 le potager entre dans sa phase de repos, il reste encore une carte \u00e0 jouer. En profitant de la douceur r\u00e9siduelle d&rsquo;octobre, il est possible d&rsquo;anticiper et d&rsquo;offrir \u00e0 la famille une <strong>r\u00e9colte unique<\/strong> d\u00e8s les premiers rayons du printemps suivant.<\/p>\n<p> Les avantages du semis automnal face aux al\u00e9as du climat<\/p>\n<p>Semer en automne pr\u00e9sente de nombreux <strong>avantages<\/strong> :<\/p>\n<ul>\n<li>Le sol demeure suffisamment ti\u00e8de pour la germination.<\/li>\n<li>Les pluies r\u00e9guli\u00e8res \u00e9vitent les corv\u00e9es d&rsquo;arrosage.<\/li>\n<li>Les ravageurs sont beaucoup moins pr\u00e9sents \u00e0 cette p\u00e9riode.<\/li>\n<li>La plante s&rsquo;enracine lentement avant l&rsquo;hiver, r\u00e9sistant mieux au froid ensuite.<\/li>\n<\/ul>\n<p>Cette strat\u00e9gie t\u00e9moigne de l&rsquo;intelligence du calendrier potager traditionnel et illustre comment contourner les d\u00e9fis des hivers rudes, notamment dans les r\u00e9gions au climat continental ou de montagne.<\/p>\n<p> Comment le salsifis brave le froid et se pr\u00e9pare en douceur sous la terre<\/p>\n<p>Le salsifis n&rsquo;a pas peur de l&rsquo;hiver. Sa graine plac\u00e9e en octobre profite de la fra\u00eecheur pour d\u00e9velopper ses racines, puis entre en dormance avec l&rsquo;arriv\u00e9e du grand froid. Au printemps, d\u00e8s les premiers r\u00e9chauffements, il <strong>explose de vitalit\u00e9<\/strong>, pr\u00eat \u00e0 donner des tiges gourmandes avant la plupart des autres l\u00e9gumes. C&rsquo;est cette pr\u00e9cocit\u00e9, h\u00e9rit\u00e9e d&rsquo;un semis automnal, qui lui conf\u00e8re sa r\u00e9putation de l\u00e9gume de connaisseur.<\/p>\n<p> Mode d&#8217;emploi pour un semis de salsifis sans faux pas<\/p>\n<p>Pour profiter de toutes les qualit\u00e9s du salsifis, quelques r\u00e8gles simples permettent de garantir un semis r\u00e9ussi, sans se compliquer la vie, m\u00eame pour les <strong>novices en jardinage<\/strong>.<\/p>\n<p> Choisir le bon emplacement et pr\u00e9parer une terre aux petits oignons<\/p>\n<p>Le salsifis adore les sols <strong>l\u00e9gers, profonds et bien ameublis<\/strong>. Il redoute les cailloux et les couches compactes qui d\u00e9forment sa racine. L&rsquo;id\u00e9al ? Un emplacement ensoleill\u00e9, \u00e0 l&rsquo;abri de l&rsquo;eau stagnante et des terres argileuses trop lourdes.<\/p>\n<p>La pr\u00e9paration se r\u00e9sume \u00e0 :<\/p>\n<ul>\n<li>B\u00eacher la parcelle en profondeur, id\u00e9alement 25 cm.<\/li>\n<li>\u00c9mietter la terre et retirer pierres, racines, et mauvaises herbes.<\/li>\n<li>Ajouter du compost bien m\u00fbr si la terre est pauvre ou trop compacte.<\/li>\n<li>Niveler et affiner la surface pour un semis r\u00e9gulier.<\/li>\n<\/ul>\n<p> Astuces de grand-m\u00e8re pour un semis r\u00e9ussi et des graines bien prot\u00e9g\u00e9es<\/p>\n<p>Le semis de salsifis se r\u00e9alise en ligne, \u00e0 une profondeur d&rsquo;environ 1,5 cm. On espace les graines de 5 \u00e0 8 cm, puis on recouvre d\u00e9licatement et on tasse l\u00e9g\u00e8rement pour assurer un <strong>bon contact avec la terre<\/strong>. Pour augmenter les chances de r\u00e9ussite, il est possible de prot\u00e9ger le rang avec un lit de feuilles mortes ou un voile d&rsquo;hivernage d\u00e8s les premiers frimas. N&rsquo;oubliez pas de bien \u00e9tiqueter, car la lev\u00e9e peut \u00eatre lente et discr\u00e8te.<\/p>\n<p>Les promesses du salsifis au fil des saisons : patience r\u00e9compens\u00e9e<\/p>\n<p>Sous la surface, la magie op\u00e8re, souvent loin des regards. En semant en octobre, on opte pour une culture de patience\u2026 mais la <strong>r\u00e9compense est toujours au rendez-vous<\/strong> des beaux jours !<\/p>\n<p> Ce qui se passe sous terre pendant l&rsquo;hiver<\/p>\n<p>Prot\u00e9g\u00e9 par la terre, le salsifis \u00e9labore sa racine charnue pendant tout l&rsquo;hiver. Sa croissance est discr\u00e8te mais continue d\u00e8s que le sol se r\u00e9chauffe \u00e0 la sortie du froid. R\u00e9sultat : <strong>plus de vigueur au printemps<\/strong>, et une racine pleine de saveur.<\/p>\n<p>Les premi\u00e8res r\u00e9coltes de printemps : saveurs, astuces et id\u00e9es de cuisine<\/p>\n<p>D\u00e8s mars ou avril, quand le potager semble encore en repos, on peut d\u00e9j\u00e0 arracher les premiers salsifis, tendres et au go\u00fbt subtil. Pour en profiter, il suffit de :<\/p>\n<ul>\n<li>D\u00e9terrer d\u00e9licatement \u00e0 la fourche-b\u00eache sans casser les racines.<\/li>\n<li>Rincer sous l&rsquo;eau froide et peler avant cuisson.<\/li>\n<\/ul>\n<p>Cuisin\u00e9 en gratin, \u00e0 la vapeur ou po\u00eal\u00e9 avec une noisette de beurre, le salsifis fait sensation. Pour plus d&rsquo;originalit\u00e9, il s&rsquo;invite aussi en <strong>soupe, en pur\u00e9e<\/strong>, ou accompagn\u00e9 de poissons fum\u00e9s.<\/p>\n<p>Le salsifis, un l\u00e9gume \u00e0 remettre sur le devant de la sc\u00e8ne<\/p>\n<p>Ce l\u00e9gume racine, trop souvent boud\u00e9, poss\u00e8de tous les atouts pour retrouver une place d&rsquo;honneur dans les jardins potagers d&rsquo;aujourd&rsquo;hui.<\/p>\n<p> Ce que les semis d&rsquo;antan ont \u00e0 nous apprendre pour nos potagers modernes<\/p>\n<p>Le salsifis rappelle que simplicit\u00e9 et r\u00e9silience vont de pair au potager. Semer \u00e0 l&rsquo;automne, c&rsquo;est adopter un rythme naturel et profiter pleinement d&rsquo;esp\u00e8ces adapt\u00e9es \u00e0 nos climats. C&rsquo;est aussi <strong>diversifier les r\u00e9coltes<\/strong> et red\u00e9couvrir des saveurs oubli\u00e9es, sans effort ni d\u00e9pendance \u00e0 la m\u00e9t\u00e9o printani\u00e8re parfois impr\u00e9visible.<\/p>\n<p>Salsifis : petit effort \u00e0 l&rsquo;automne, grands plaisirs au printemps<\/p>\n<p>Quelques gestes en octobre suffisent pour choyer ce l\u00e9gume avant-gardiste. Sa rusticit\u00e9, sa discr\u00e9tion et sa saveur sont la promesse d&rsquo;un <strong>potager vivant<\/strong>, color\u00e9 et gourmand aux toutes premi\u00e8res chaleurs.<\/p>\n<p>R\u00e9habiliter le salsifis dans nos semis d&rsquo;octobre, c&rsquo;est renouer avec la sagesse des anciens, allier le plaisir de la d\u00e9couverte \u00e0 l&rsquo;assurance d&rsquo;une r\u00e9colte pr\u00e9coce et savoureuse. Pr\u00eat \u00e0 faire confiance \u00e0 ce l\u00e9gume \u00e0 la fois modeste et surprenant ? Ce petit investissement automnal vous r\u00e9servera chaque ann\u00e9e de belles surprises et donnera un nouvel \u00e9lan \u00e0 votre potager.<\/p>\n","protected":false},"excerpt":{"rendered":"Au potager, il existe des traditions qui ont travers\u00e9 les g\u00e9n\u00e9rations sans jamais perdre de leur pertinence. Pourtant,&hellip;\n","protected":false},"author":2,"featured_media":456647,"comment_status":"","ping_status":"","sticky":false,"template":"","format":"standard","meta":{"footnotes":""},"categories":[2],"tags":[11,1011,27,12,56,25],"class_list":{"0":"post-456646","1":"post","2":"type-post","3":"status-publish","4":"format-standard","5":"has-post-thumbnail","7":"category-actualites","8":"tag-actualites","9":"tag-fr","10":"tag-france","11":"tag-news","12":"tag-push","13":"tag-republique-francaise"},"share_on_mastodon":{"url":"https:\/\/pubeurope.com\/@fr\/115359465076093708","error":""},"_links":{"self":[{"href":"https:\/\/www.europesays.com\/fr\/wp-json\/wp\/v2\/posts\/456646","targetHints":{"allow":["GET"]}}],"collection":[{"href":"https:\/\/www.europesays.com\/fr\/wp-json\/wp\/v2\/posts"}],"about":[{"href":"https:\/\/www.europesays.com\/fr\/wp-json\/wp\/v2\/types\/post"}],"author":[{"embeddable":true,"href":"https:\/\/www.europesays.com\/fr\/wp-json\/wp\/v2\/users\/2"}],"replies":[{"embeddable":true,"href":"https:\/\/www.europesays.com\/fr\/wp-json\/wp\/v2\/comments?post=456646"}],"version-history":[{"count":0,"href":"https:\/\/www.europesays.com\/fr\/wp-json\/wp\/v2\/posts\/456646\/revisions"}],"wp:featuredmedia":[{"embeddable":true,"href":"https:\/\/www.europesays.com\/fr\/wp-json\/wp\/v2\/media\/456647"}],"wp:attachment":[{"href":"https:\/\/www.europesays.com\/fr\/wp-json\/wp\/v2\/media?parent=456646"}],"wp:term":[{"taxonomy":"category","embeddable":true,"href":"https:\/\/www.europesays.com\/fr\/wp-json\/wp\/v2\/categories?post=456646"},{"taxonomy":"post_tag","embeddable":true,"href":"https:\/\/www.europesays.com\/fr\/wp-json\/wp\/v2\/tags?post=456646"}],"curies":[{"name":"wp","href":"https:\/\/api.w.org\/{rel}","templated":true}]}}