{"id":456654,"date":"2025-10-12T05:14:14","date_gmt":"2025-10-12T05:14:14","guid":{"rendered":"https:\/\/www.europesays.com\/fr\/456654\/"},"modified":"2025-10-12T05:14:14","modified_gmt":"2025-10-12T05:14:14","slug":"basket-la-federation-salue-la-memoire-de-tony-parker-senior-pere-de-tony-parker-2","status":"publish","type":"post","link":"https:\/\/www.europesays.com\/fr\/456654\/","title":{"rendered":"BASKET : La F\u00e9d\u00e9ration salue la m\u00e9moire de Tony Parker senior, p\u00e8re de Tony Parker"},"content":{"rendered":"<p><img decoding=\"async\" class=\"newsFullImg  \" src=\"https:\/\/www.europesays.com\/fr\/wp-content\/uploads\/2025\/10\/98742_1_full.jpg\"\/>Communiqu\u00e9 :<br \/>C\u2019est avec une grande tristesse que la F\u00e9d\u00e9ration<br \/>\n Fran\u00e7aise de BasketBall (FFBB) a appris le d\u00e9c\u00e8s de Tony Parker Senior,<br \/>\n p\u00e8re de Tony Parker, ancien joueur professionnel et figure embl\u00e9matique<br \/>\n du basket fran\u00e7ais.<br \/>Tony Parker Senior s\u2019est \u00e9teint brutalement \u00e0<br \/>\nl\u2019\u00e2ge de 70 ans. Il laisse derri\u00e8re lui l\u2019image d\u2019un homme inspirant, un<br \/>\n passionn\u00e9 de basket, et un pilier familial dont l\u2019influence a<br \/>\nprofond\u00e9ment marqu\u00e9 le parcours de son fils, Tony Parker.<br \/>Tony Parker<br \/>\n Senior est l\u2019homme qui a transmis des valeurs humaines de pers\u00e9v\u00e9rance,<br \/>\n de rigueur et de courage \u00e0 Tony Parker et qui ont ind\u00e9niablement<br \/>\ncontribu\u00e9 \u00e0 forger l\u2019homme et l\u2019athl\u00e8te qu\u2019il est devenu. Tony Parker<br \/>\nSenior \u00e9tait un des premiers supporters des Bleus, accompagnant<br \/>\nr\u00e9guli\u00e8rement l\u2019\u00c9quipe de France sur les comp\u00e9titions internationales.<br \/>La<br \/>\n FFBB adresse ses plus sinc\u00e8res condol\u00e9ances \u00e0 Tony Parker, \u00e0 ses fr\u00e8res<br \/>\n T. J. Parker et Pierre Parker, \u00e0 toute la famille, son ex-femme Pamela<br \/>\nFirestone, ainsi qu\u2019\u00e0 leurs proches.\t\t\t\t\t\t\t<\/p>\n<p>\t\t\t\t\t\t\tJean-Pierre HUNCKLER (pr\u00e9sident<br \/>\nde la FFBB) : \u00ab En ces moments difficiles, nous voulons exprimer notre<br \/>\nsolidarit\u00e9, notre respect et notre affection \u00e0 Tony (Parker) et toute sa<br \/>\n famille. \u00bb<br \/>Tony Parker S\u00e9nior (1955-2025)\u00a0Il est n\u00e9 \u00e0 Chicago (Etats-Unis)<br \/>Il a \u00e9t\u00e9 form\u00e9 \u00e0 Loyola University Chicago de 1973 \u00e0 77.<br \/>Apr\u00e8s avoir jou\u00e9 aux Pays-Bas et en Belgique, Tony Parker S\u00e9nior a \u00e9volu\u00e9 \u00e0 Denain, Gravelines, Dieppe, F\u00e9camp et Rouen.<\/p>\n","protected":false},"excerpt":{"rendered":"Communiqu\u00e9 :C\u2019est avec une grande tristesse que la F\u00e9d\u00e9ration Fran\u00e7aise de BasketBall (FFBB) a appris le d\u00e9c\u00e8s de&hellip;\n","protected":false},"author":2,"featured_media":456655,"comment_status":"","ping_status":"","sticky":false,"template":"","format":"standard","meta":{"footnotes":""},"categories":[1414],"tags":[1465,1464,1011,27,60],"class_list":{"0":"post-456654","1":"post","2":"type-post","3":"status-publish","4":"format-standard","5":"has-post-thumbnail","7":"category-basket","8":"tag-basket","9":"tag-basketball","10":"tag-fr","11":"tag-france","12":"tag-sports"},"share_on_mastodon":{"url":"https:\/\/pubeurope.com\/@fr\/115359492782042975","error":""},"_links":{"self":[{"href":"https:\/\/www.europesays.com\/fr\/wp-json\/wp\/v2\/posts\/456654","targetHints":{"allow":["GET"]}}],"collection":[{"href":"https:\/\/www.europesays.com\/fr\/wp-json\/wp\/v2\/posts"}],"about":[{"href":"https:\/\/www.europesays.com\/fr\/wp-json\/wp\/v2\/types\/post"}],"author":[{"embeddable":true,"href":"https:\/\/www.europesays.com\/fr\/wp-json\/wp\/v2\/users\/2"}],"replies":[{"embeddable":true,"href":"https:\/\/www.europesays.com\/fr\/wp-json\/wp\/v2\/comments?post=456654"}],"version-history":[{"count":0,"href":"https:\/\/www.europesays.com\/fr\/wp-json\/wp\/v2\/posts\/456654\/revisions"}],"wp:featuredmedia":[{"embeddable":true,"href":"https:\/\/www.europesays.com\/fr\/wp-json\/wp\/v2\/media\/456655"}],"wp:attachment":[{"href":"https:\/\/www.europesays.com\/fr\/wp-json\/wp\/v2\/media?parent=456654"}],"wp:term":[{"taxonomy":"category","embeddable":true,"href":"https:\/\/www.europesays.com\/fr\/wp-json\/wp\/v2\/categories?post=456654"},{"taxonomy":"post_tag","embeddable":true,"href":"https:\/\/www.europesays.com\/fr\/wp-json\/wp\/v2\/tags?post=456654"}],"curies":[{"name":"wp","href":"https:\/\/api.w.org\/{rel}","templated":true}]}}