{"id":456656,"date":"2025-10-12T05:15:13","date_gmt":"2025-10-12T05:15:13","guid":{"rendered":"https:\/\/www.europesays.com\/fr\/456656\/"},"modified":"2025-10-12T05:15:13","modified_gmt":"2025-10-12T05:15:13","slug":"les-confidences-de-miguel-oliveira","status":"publish","type":"post","link":"https:\/\/www.europesays.com\/fr\/456656\/","title":{"rendered":"Les confidences de Miguel Oliveira"},"content":{"rendered":"<p>\u00c0 30 ans, Miguel Oliveira s&rsquo;appr\u00eate \u00e0 quitter le MotoGP. Cependant, il ne s&rsquo;\u00e9loigne pas du monde du sport automobile, puisqu&rsquo;il int\u00e8gre l&rsquo;\u00e9quipe BMW World Superbike. Avant de tourner la page sur son univers actuel, il a pris le temps de faire le point sur sa carri\u00e8re. Le pilote de Pramac a fait son entr\u00e9e en MotoGP apr\u00e8s avoir triomph\u00e9 en Moto3 et Moto2. Dans la cat\u00e9gorie \u00e9lite, il a \u00e9galement connu quelques succ\u00e8s, remportant 5 Grands Prix. Toutefois, depuis 2022, il traverse une p\u00e9riode difficile. N\u00e9anmoins, il ne regrette rien de ce qu&rsquo;il a accompli. Au contraire, il en est fier.<\/p>\n<p>\u00ab\u00a0j&rsquo;ai aussi l&rsquo;impression de ne pas avoir r\u00e9alis\u00e9 tout ce que je souhaitais\u00a0\u00bb<\/p>\n<p>Dans une r\u00e9cente interview, il est revenu sur sa carri\u00e8re \u00e0 MotoGP. \u00ab Je suis fier d&rsquo;avoir remport\u00e9 des victoires. Peu de pilotes en MotoGP peuvent se vanter d&rsquo;avoir gagn\u00e9 des courses. J&rsquo;ai triomph\u00e9 en Moto3, en Moto2 et en MotoGP. J&rsquo;en suis donc fier. Cependant, j&rsquo;ai aussi l&rsquo;impression de ne pas avoir r\u00e9alis\u00e9 tout ce que je souhaitais \u00bb, a-t-il d\u00e9clar\u00e9, tout en regrettant le moment o\u00f9 il a rejoint certains projets.<\/p>\n<p>\u00ab Je pense que les moments o\u00f9 j\u2019ai int\u00e9gr\u00e9 certains projets n\u2019\u00e9taient peut-\u00eatre pas les plus appropri\u00e9s. De plus, cinq pour cent de chance n\u2019ont pas \u00e9t\u00e9 de mon c\u00f4t\u00e9 depuis mon arriv\u00e9e en MotoGP en 2019 jusqu\u2019\u00e0 pr\u00e9sent. Mais je suis fier de la mani\u00e8re dont j&rsquo;ai agi dans le paddock en \u00e9quipe. Je me suis li\u00e9 d\u2019amiti\u00e9 avec de nombreuses personnes et j\u2019ai toujours eu un impact positif sur tous ceux qui ont eu l&rsquo;occasion de me conna\u00eetre. \u00bb, a ajout\u00e9 Oliveira.<\/p>\n<p>    Partagez cette info avec vos amis et vos proches en cliquant ici  <\/p>\n<p> Podcasts \u00e0 la une MEN LIFE <\/p>\n<p>    Pour r\u00e9sumer<\/p>\n<p>\u00c0 quelques semaines de son d\u00e9part du MotoGP, Miguel Oliveira a fait le bilan de sa carri\u00e8re. Bien qu&rsquo;il soit fier de ses r\u00e9alisations, il ressent n\u00e9anmoins un certain regret. Il aurait aim\u00e9 faire plus. Il regrette d&rsquo;avoir rejoint certains projets tardivement.<\/p>\n<p>R\u00e9dacteur<\/p>\n<p><img decoding=\"async\" width=\"76\" height=\"76\" loading=\"lazy\" src=\"https:\/\/www.europesays.com\/fr\/wp-content\/uploads\/2025\/04\/avatar-sport-am.png\" alt=\"La r\u00e9daction\"\/><\/p>\n","protected":false},"excerpt":{"rendered":"\u00c0 30 ans, Miguel Oliveira s&rsquo;appr\u00eate \u00e0 quitter le MotoGP. Cependant, il ne s&rsquo;\u00e9loigne pas du monde du&hellip;\n","protected":false},"author":2,"featured_media":456657,"comment_status":"","ping_status":"","sticky":false,"template":"","format":"standard","meta":{"footnotes":""},"categories":[1413],"tags":[1011,27,1457,1456,60],"class_list":{"0":"post-456656","1":"post","2":"type-post","3":"status-publish","4":"format-standard","5":"has-post-thumbnail","7":"category-moto","8":"tag-fr","9":"tag-france","10":"tag-moto","11":"tag-motocycle","12":"tag-sports"},"share_on_mastodon":{"url":"https:\/\/pubeurope.com\/@fr\/115359496529239696","error":""},"_links":{"self":[{"href":"https:\/\/www.europesays.com\/fr\/wp-json\/wp\/v2\/posts\/456656","targetHints":{"allow":["GET"]}}],"collection":[{"href":"https:\/\/www.europesays.com\/fr\/wp-json\/wp\/v2\/posts"}],"about":[{"href":"https:\/\/www.europesays.com\/fr\/wp-json\/wp\/v2\/types\/post"}],"author":[{"embeddable":true,"href":"https:\/\/www.europesays.com\/fr\/wp-json\/wp\/v2\/users\/2"}],"replies":[{"embeddable":true,"href":"https:\/\/www.europesays.com\/fr\/wp-json\/wp\/v2\/comments?post=456656"}],"version-history":[{"count":0,"href":"https:\/\/www.europesays.com\/fr\/wp-json\/wp\/v2\/posts\/456656\/revisions"}],"wp:featuredmedia":[{"embeddable":true,"href":"https:\/\/www.europesays.com\/fr\/wp-json\/wp\/v2\/media\/456657"}],"wp:attachment":[{"href":"https:\/\/www.europesays.com\/fr\/wp-json\/wp\/v2\/media?parent=456656"}],"wp:term":[{"taxonomy":"category","embeddable":true,"href":"https:\/\/www.europesays.com\/fr\/wp-json\/wp\/v2\/categories?post=456656"},{"taxonomy":"post_tag","embeddable":true,"href":"https:\/\/www.europesays.com\/fr\/wp-json\/wp\/v2\/tags?post=456656"}],"curies":[{"name":"wp","href":"https:\/\/api.w.org\/{rel}","templated":true}]}}