{"id":456664,"date":"2025-10-12T05:20:36","date_gmt":"2025-10-12T05:20:36","guid":{"rendered":"https:\/\/www.europesays.com\/fr\/456664\/"},"modified":"2025-10-12T05:20:36","modified_gmt":"2025-10-12T05:20:36","slug":"un-portrait-de-raymond-radiguet-par-amedeo-modigliani-fait-evenement-chez-sothebys","status":"publish","type":"post","link":"https:\/\/www.europesays.com\/fr\/456664\/","title":{"rendered":"Un portrait de Raymond Radiguet par Amedeo Modigliani fait \u00e9v\u00e8nement chez Sotheby\u2019s"},"content":{"rendered":"<p>\n    Jamais vue aux ench\u00e8res, cette repr\u00e9sentation de Raymond Radiguet par l\u2019artiste de Montparnasse incarne la rencontre de deux g\u00e9nies du XXe\u00a0si\u00e8cle. Le tableau est vendu par Sotheby\u2019s le 24\u00a0octobre, pendant la semaine d\u2019Art Basel Paris.<\/p>\n<p class=\"fig-paragraph\">C\u2019est la rencontre de deux monstres sacr\u00e9s de l\u2019art et de la litt\u00e9rature, tous deux morts tr\u00e8s jeunes sans avoir eu le temps de go\u00fbter \u00e0 la gloire, qui fait l\u2019attrait de ce portrait de\u00a0<a href=\"https:\/\/www.lefigaro.fr\/livres\/2012\/09\/12\/03005-20120912ARTFIG00513-raymond-radiguet-jeune-artilleur-de-l-esprit.php\" data-fig-type=\"Article\" data-gtm-custom-categorie=\"navigation\" data-gtm-custom-action=\"crossclick\" data-gtm-custom-label=\"Contextuel\" data-gtm-event=\"customEventSPE\" data-fig-domain=\"LEFIGARO\" target=\"_blank\" rel=\"noopener\">Raymond Radiguet<\/a>\u00a0par\u00a0<a href=\"http:\/\/www.lefigaro.fr\/arts-expositions\/un-tableau-achete-dans-une-brocante-au-mans-attribue-a-modigliani-20250205\" data-fig-type=\"Article\" data-gtm-custom-categorie=\"navigation\" data-gtm-custom-action=\"crossclick\" data-gtm-custom-label=\"Contextuel\" data-gtm-event=\"customEventSPE\" data-fig-domain=\"LEFIGARO\" target=\"_blank\" rel=\"noopener\">Amedeo Modigliani<\/a>. D\u00e9voil\u00e9 pour la premi\u00e8re fois en 1925, dans la revue L\u2019Amour de l\u2019art, il est rest\u00e9 plus de soixante-dix ans dans la m\u00eame collection europ\u00e9enne, apr\u00e8s avoir appartenu \u00e0 Paul Guillaume, le marchand qui fit sa connaissance, fin 1914, par l\u2019entremise\u00a0<a href=\"http:\/\/www.lefigaro.fr\/vox\/culture\/il-y-a-80-ans-la-mort-de-max-jacob-ebranlait-le-milieu-litteraire-20240305\" target=\"_blank\" data-fig-type=\"Article\" rel=\"noopener\" data-gtm-custom-categorie=\"navigation\" data-gtm-custom-action=\"crossclick\" data-gtm-custom-label=\"Contextuel\" data-gtm-event=\"customEventSPE\" data-fig-domain=\"LEFIGARO\">du po\u00e8te Max Jacob<\/a>. Jamais vu aux ench\u00e8res, Sotheby\u2019s a sorti cette p\u00e9pite \u00e0 pedigree pour sa vente \u00ab\u00a0Modernit\u00e9s\u00a0\u00bb du 24\u00a0octobre, pendant la grande semaine d\u2019Art Basel Paris, synonyme d\u2019effervescence du march\u00e9 dans la capitale. Il est estim\u00e9 entre 5,5 et 7,5\u00a0millions d\u2019euros.<\/p>\n<p class=\"fig-paragraph\">Nous sommes en 1915, en pleine Premi\u00e8re Guerre mondiale. De sant\u00e9 fragile, Amedeo Modigliani, qui a grandi dans une famille juive bourgeoise mais d\u00e9sargent\u00e9e, s\u2019est install\u00e9 dans la capitale des avant-gardes artistiques. Alors que la plupart de ses\u2026<\/p>\n<p class=\"fig-premium-paywall__infos\">\n        Cet article est r\u00e9serv\u00e9 aux abonn\u00e9s.        Il vous reste 62% \u00e0 d\u00e9couvrir.\n    <\/p>\n<p>                <img  data- alt=\"Le Figaro\" class=\"fig-img--complete fig-img\"\/><\/p>\n<p class=\"fig-premium-paywall__title\">J-100, Le Figaro f\u00eate ses 200 ans<\/p>\n<p class=\"fig-premium-paywall__subtitle\">Offre anniversaire : 2\u20ac\/mois pendant 200 semaines<\/p>\n<p class=\"fig-premium-paywall__connect\">\n                D\u00e9j\u00e0 abonn\u00e9\u00a0?                <a class=\"fig-premium-paywall__connect-link\" href=\"https:\/\/connect.lefigaro.fr\/login?client=horizon_web&amp;type=main&amp;redirect_uri=https%3A%2F%2Fwww.lefigaro.fr%2Fculture%2Fencheres%2Fun-portrait-de-raymond-radiguet-par-amedeo-modigliani-fait-evenement-chez-sotheby-s-20251006\" data-js-gtm=\"{&quot;customCategorie&quot;: &quot;conversion&quot;, &quot;customAction&quot;: &quot;before_Landing_Connexion_paywall_auto&quot;, &quot;customLabel&quot;: &quot;bGVmaWdhcm8uZnJfXzFmMGEyMGY3LTZhN2ItNmZlYy1hOTFkLTRmYjE4M2Y2YzJlOF9fQXJ0aWNsZQ==_Un portrait de Raymond Radiguet par Amedeo Modigliani fait \u00e9v\u00e8nement chez Sotheby\u2019s_246&quot;, &quot;customIDSPE&quot;: &quot;bGVmaWdhcm8uZnJfXzFmMGEyMGY3LTZhN2ItNmZlYy1hOTFkLTRmYjE4M2Y2YzJlOF9fQXJ0aWNsZQ==&quot;, &quot;event&quot;: &quot;customEventSPE&quot;}\" target=\"_blank\" rel=\"noopener\"><br \/>\n                    Connectez-vous<br \/>\n                <\/a>\n            <\/p>\n","protected":false},"excerpt":{"rendered":"Jamais vue aux ench\u00e8res, cette repr\u00e9sentation de Raymond Radiguet par l\u2019artiste de Montparnasse incarne la rencontre de deux&hellip;\n","protected":false},"author":2,"featured_media":456665,"comment_status":"","ping_status":"","sticky":false,"template":"","format":"standard","meta":{"footnotes":""},"categories":[1358],"tags":[1348,1384,1385,1386,58,59,1011,27,626,13954],"class_list":{"0":"post-456664","1":"post","2":"type-post","3":"status-publish","4":"format-standard","5":"has-post-thumbnail","7":"category-arts-et-design","8":"tag-arts","9":"tag-arts-and-design","10":"tag-arts-et-design","11":"tag-design","12":"tag-divertissement","13":"tag-entertainment","14":"tag-fr","15":"tag-france","16":"tag-paris","17":"tag-sothebys"},"share_on_mastodon":{"url":"https:\/\/pubeurope.com\/@fr\/115359516343890095","error":""},"_links":{"self":[{"href":"https:\/\/www.europesays.com\/fr\/wp-json\/wp\/v2\/posts\/456664","targetHints":{"allow":["GET"]}}],"collection":[{"href":"https:\/\/www.europesays.com\/fr\/wp-json\/wp\/v2\/posts"}],"about":[{"href":"https:\/\/www.europesays.com\/fr\/wp-json\/wp\/v2\/types\/post"}],"author":[{"embeddable":true,"href":"https:\/\/www.europesays.com\/fr\/wp-json\/wp\/v2\/users\/2"}],"replies":[{"embeddable":true,"href":"https:\/\/www.europesays.com\/fr\/wp-json\/wp\/v2\/comments?post=456664"}],"version-history":[{"count":0,"href":"https:\/\/www.europesays.com\/fr\/wp-json\/wp\/v2\/posts\/456664\/revisions"}],"wp:featuredmedia":[{"embeddable":true,"href":"https:\/\/www.europesays.com\/fr\/wp-json\/wp\/v2\/media\/456665"}],"wp:attachment":[{"href":"https:\/\/www.europesays.com\/fr\/wp-json\/wp\/v2\/media?parent=456664"}],"wp:term":[{"taxonomy":"category","embeddable":true,"href":"https:\/\/www.europesays.com\/fr\/wp-json\/wp\/v2\/categories?post=456664"},{"taxonomy":"post_tag","embeddable":true,"href":"https:\/\/www.europesays.com\/fr\/wp-json\/wp\/v2\/tags?post=456664"}],"curies":[{"name":"wp","href":"https:\/\/api.w.org\/{rel}","templated":true}]}}