{"id":456666,"date":"2025-10-12T05:21:21","date_gmt":"2025-10-12T05:21:21","guid":{"rendered":"https:\/\/www.europesays.com\/fr\/456666\/"},"modified":"2025-10-12T05:21:21","modified_gmt":"2025-10-12T05:21:21","slug":"a-neudorf-la-librairie-lindependante-appelle-a-laide-pour-eviter-la-fermeture","status":"publish","type":"post","link":"https:\/\/www.europesays.com\/fr\/456666\/","title":{"rendered":"\u00c0 Neudorf, la librairie l&rsquo;Ind\u00e9pendante appelle \u00e0 l&rsquo;aide pour \u00e9viter la fermeture"},"content":{"rendered":"<p class=\"wp-block-post-excerpt__excerpt\">Apr\u00e8s l\u2019Oiseau rare ou la Tache Noire, c\u2019est d\u00e9sormais la librairie l\u2019Ind\u00e9pendante \u00e0 Neudorf qui lance un appel \u00e0 l\u2019aide. Carole Benelhocine, la g\u00e9rante, a lanc\u00e9 une cagnotte en ligne pour tenter de rembourser une partie de ses dettes. <\/p>\n<p class=\"font-sans\">\n\t\t\tCet article est en acc\u00e8s libre. Pour soutenir Rue89 Strasbourg,<br \/>\n\t\t\t<a class=\"underline\" href=\"https:\/\/www.rue89strasbourg.com\/abonnement\" target=\"_blank\" rel=\"noopener\">abonnez-vous<\/a>.\n\t\t<\/p>\n<p>Line Baudriller<\/p>\n<p>Publi\u00e9 le 12 octobre 2025\u00a0\u00a0\u00b7\u00a0\u00a0<\/p>\n<p>Imprim\u00e9 le 12 octobre 2025 \u00e0 07h17\u00a0\u00a0\u00b7\u00a0\u00a0<\/p>\n<p>\t\t\t\t\t4\u00a0minutes\n<\/p>\n<p>\u00ab\u00a0Tout a chang\u00e9 ici\u00a0\u00bb, s\u2019exclame un client en entrant dans les nouveaux locaux de la librairie l\u2019Ind\u00e9pendante. Accul\u00e9e par le poids du loyer dans le quartier de Neudorf, au sud-est de Strasbourg, la g\u00e9rante Carole Benelhocine a d\u00fb r\u00e9duire son espace de vente. Depuis 2023, la <a href=\"https:\/\/www.facebook.com\/p\/LInd\u00e9pendante-Librairie-Papeterie-100091852303602\/\" target=\"_blank\" rel=\"noopener\">librairie l\u2019Ind\u00e9pendante<\/a> b\u00e9n\u00e9ficiait d\u2019un espace de 230 m\u00e8tres carr\u00e9s pour exposer ses livres. \u00ab\u00a0On payait 4 800\u20ac par mois. C\u2019\u00e9tait devenu ing\u00e9rable. Il fallait soit d\u00e9m\u00e9nager soit fermer\u00a0\u00bb, se souvient Carole Benelhocine. En juillet 2025, le bailleur, Habitation Moderne, a accept\u00e9 de diviser le local en deux, laissant \u00e0 la libraire l\u2019aile gauche du b\u00e2timent. Une surface de 86 m\u00b2 pour un loyer r\u00e9duit \u00e0 1 700\u20ac. Un d\u00e9chirement pour Carole qui a d\u00fb se s\u00e9parer de pr\u00e8s de la moiti\u00e9 de sa collection\u00a0:<\/p>\n<blockquote class=\"wp-block-quote is-layout-flow wp-block-quote-is-layout-flow\">\n<p>\u00ab\u00a0Le tri a \u00e9t\u00e9 dur. On a choisi de garder les nouveaut\u00e9s et surtout les livres que l\u2019on aime le plus. Puisqu\u2019on se revendique librairie ind\u00e9pendante, on se laisse le loisir de s\u00e9lectionner en fonction de nos go\u00fbts et de nos engagements. Mais bien s\u00fbr, on a gard\u00e9 quelques classiques.\u00a0\u00bb<\/p>\n<\/blockquote>\n<p><a href=\"https:\/\/www.rue89strasbourg.com\/la-newsletter\" target=\"_blank\" rel=\"noopener\"><img loading=\"lazy\" decoding=\"async\" width=\"1940\" height=\"500\" src=\"https:\/\/www.europesays.com\/fr\/wp-content\/uploads\/2025\/09\/banner-desktop-970x250-1.png\" alt=\"\" class=\"wp-image-360885\" style=\"object-fit:cover;width:970px;height:250px\"  \/><\/a><\/p>\n<p>Un loyer insolvable <\/p>\n<p>Pour investir ces anciens bureaux, l\u2019\u00e9quipe de l\u2019Ind\u00e9pendante a d\u00fb casser des murs et en peindre d\u2019autres. Reste encore un faux plafond \u00e0 installer et des lumi\u00e8res \u00e0 changer. Au total, les travaux co\u00fbteront plus de 17\u00a0000\u20ac. De l\u2019argent \u00ab\u00a0emprunt\u00e9 \u00e0 des amis\u00a0\u00bb, pr\u00e9cise Carole, qui tente aujourd\u2019hui de les rembourser. N\u2019ayant pas la tr\u00e9sorerie n\u00e9cessaire, la g\u00e9rante a lanc\u00e9 une <a href=\"https:\/\/fr.ulule.com\/librairie-281\/?utm_campaign=presale_213200&amp;utm_source=shared-from-Ulule-success-modal-on---http.referer--&amp;utm_medium=uluid_6487269&amp;fbclid=IwY2xjawNUSlpleHRuA2FlbQIxMQABHs3bLSepD6pDyqXVpgubc-YWnLst_5ST7PytRMjQnRz3d1Ce59PV7owfVA60_aem_CfN-AuFMZUbWowqlHZ2-Og\" target=\"_blank\" rel=\"noopener\">campagne de financement participatif <\/a>sur la plateforme Ulule. L\u2019argent r\u00e9colt\u00e9 permettrait aussi \u00e0 la librairie de rattraper ses retards de loyer estim\u00e9s \u00e0 10\u00a0000\u20ac et ses dettes envers ses fournisseurs. Mise en ligne d\u00e9but septembre, la cagnotte compte d\u00e9sormais pr\u00e8s de 3 900\u20ac de dons.<\/p>\n<p><img loading=\"lazy\" decoding=\"async\" width=\"792\" height=\"566\" src=\"https:\/\/www.europesays.com\/fr\/wp-content\/uploads\/2025\/10\/54841643947-a5349a8724-k-792x566.jpg\" alt=\"\" class=\"wp-image-363005\"  \/> Les anciens locaux de la librairie l\u2019Ind\u00e9pendante accueilleront prochainement un concept store m\u00ealant caf\u00e9 et boutique de d\u00e9coration.  Photo\u00a0: Line Baudriller \/ Rue89 Strasbourg<\/p>\n<p>\t\tNo\u00ebl pour s\u2019en sortir<\/p>\n<p>\u00ab\u00a0Une librairie ind\u00e9pendante rentable\u00a0? \u00ab\u00a0, s\u2019interroge Carole Benelhocine. Entre la hausse des frais de transport, du co\u00fbt du papier et surtout la baisse de la consommation, le pari semble perdu d\u2019avance. \u00c0 l\u2019Ind\u00e9pendante, la g\u00e9rante sait que les 30% de marge r\u00e9alis\u00e9s sur la vente de chaque livre ne suffisent pas. Ils permettent de payer les fournisseurs, le loyer et les deux salari\u00e9es, mais ne laissent que tr\u00e8s peu de r\u00e9serve. Carole aurait besoin de vendre pour 15 000\u20ac de livres par mois pour \u00eatre rentable. Soit environ 750 ouvrages \u00e0 20\u20ac chacun. Un objectif qui para\u00eet inatteignable. La g\u00e9rante compte sur la p\u00e9riode de No\u00ebl pour sortir de cette <a href=\"https:\/\/www.rue89strasbourg.com\/en-alsace-les-librairies-independantes-restent-fragiles-selon-la-confederation-interprofessionnelle-du-livre-301178\" target=\"_blank\" rel=\"noopener\">impasse \u00e9conomique<\/a> :<\/p>\n<blockquote class=\"wp-block-quote is-layout-flow wp-block-quote-is-layout-flow\">\n<p>\u00ab\u00a0Les f\u00eates de fin d\u2019ann\u00e9e repr\u00e9sentent pr\u00e8s de 30% de notre chiffre d\u2019affaires \u00e0 l\u2019ann\u00e9e. Si les clients viennent chercher leurs cadeaux chez nous, on devrait s\u2019en sortir. Sinon, \u00e7a risque d\u2019\u00eatre vraiment compliqu\u00e9.\u00a0\u00bb<\/p>\n<\/blockquote>\n<p>Une librairie de quartier<\/p>\n<p>Ancienne salari\u00e9e du Parti socialiste, Carole Benelhocine s\u2019est reconvertie en libraire en 2021 pour exercer son m\u00e9tier r\u00eav\u00e9. Dans la lign\u00e9e de ses engagements, elle a d\u00e9cid\u00e9 d\u2019ouvrir une librairie ind\u00e9pendante. Une \u00ab\u00a0forme de r\u00e9sistance\u00a0\u00bb, d\u00e9clare-t-elle, adoss\u00e9e \u00e0 l\u2019\u00e9tag\u00e8re des livres f\u00e9ministes :<\/p>\n<blockquote class=\"wp-block-quote is-layout-flow wp-block-quote-is-layout-flow\">\n<p>\u00ab\u00a0J\u2019ai l\u2019impression de devoir r\u00e9sister en permanence aux difficult\u00e9s financi\u00e8res et \u00e0 la concurrence des commandes internet qui sont souvent moins ch\u00e8res et imm\u00e9diates. Le tout dans un climat global morose o\u00f9 rien ne semble aller dans le bon sens. J\u2019ai juste envie de redonner aux gens le plaisir de lire.\u00a0\u00bb<\/p>\n<\/blockquote>\n<p>Install\u00e9e \u00e0 Neudorf, la librairie l\u2019Ind\u00e9pendante s\u2019inscrit dans une dynamique de quartier o\u00f9 \u00ab\u00a0les gens lisent et en ont les moyens\u00a0\u00bb, affirme Carole. Une client\u00e8le fid\u00e8le soutient le commerce en difficult\u00e9 de peur que le quartier ne perde en vivacit\u00e9. \u00ab\u00a0Certains nous disent craindre qu\u2019il n\u2019y ait plus que des opticiens et des agences immobili\u00e8res \u00e0 Neudorf\u00a0\u00bb, s\u2019amuse-t-elle. <\/p>\n<p>La g\u00e9rante s\u2019interrompt pour conseiller un homme en qu\u00eate de nouveaux polars r\u00e9gionaux. Les clients d\u00e9ambulent lentement d\u2019une \u00e9tag\u00e8re \u00e0 l\u2019autre, penchant le cou pour d\u00e9chiffrer les titres verticaux inscrits sur la tranche des livres. En sursis, cette librairie ressemble pourtant \u00e0 toutes les autres. Endett\u00e9e, elle mise d\u00e9sormais sur le soutien de sa client\u00e8le pour sauver sa librairie. L\u2019Ind\u00e9pendante n\u2019est pas la seule librairie strasbourgeoise \u00e0 faire face \u00e0 des difficult\u00e9s de tr\u00e9sorerie. En 2023, <a href=\"https:\/\/www.rue89strasbourg.com\/librairies-independantes-tache-noire-278466\" target=\"_blank\" rel=\"noopener\">la Tache Noire, sp\u00e9cialis\u00e9e dans les romans policiers<\/a>, appelait d\u00e9j\u00e0 sa communaut\u00e9 \u00e0 l\u2019aide. M\u00eame sc\u00e9nario <a href=\"https:\/\/www.rue89strasbourg.com\/soiree-soutien-librairie-loiseau-rare-315401\" target=\"_blank\" rel=\"noreferrer noopener\">pour l\u2019Oiseau rare<\/a> ou Le Tigre, sur le quai des Bateliers.<\/p>\n<p>\t\t\t\t<strong class=\"block font-bold font-sans leading-6 mb-2 text-primary text-sm uppercase\"><\/p>\n<p>\t\t\tPasser \u00e0 l&rsquo;action\t\t<\/strong><\/p>\n<p>Soutenir la librairie l\u2019Ind\u00e9pendante<\/p>\n","protected":false},"excerpt":{"rendered":"Apr\u00e8s l\u2019Oiseau rare ou la Tache Noire, c\u2019est d\u00e9sormais la librairie l\u2019Ind\u00e9pendante \u00e0 Neudorf qui lance un appel&hellip;\n","protected":false},"author":2,"featured_media":456667,"comment_status":"","ping_status":"","sticky":false,"template":"","format":"standard","meta":{"footnotes":""},"categories":[1357],"tags":[1379,58,59,1011,27,7373,1380],"class_list":{"0":"post-456666","1":"post","2":"type-post","3":"status-publish","4":"format-standard","5":"has-post-thumbnail","7":"category-livres","8":"tag-books","9":"tag-divertissement","10":"tag-entertainment","11":"tag-fr","12":"tag-france","13":"tag-librairies","14":"tag-livres"},"share_on_mastodon":{"url":"https:\/\/pubeurope.com\/@fr\/115359520595377836","error":""},"_links":{"self":[{"href":"https:\/\/www.europesays.com\/fr\/wp-json\/wp\/v2\/posts\/456666","targetHints":{"allow":["GET"]}}],"collection":[{"href":"https:\/\/www.europesays.com\/fr\/wp-json\/wp\/v2\/posts"}],"about":[{"href":"https:\/\/www.europesays.com\/fr\/wp-json\/wp\/v2\/types\/post"}],"author":[{"embeddable":true,"href":"https:\/\/www.europesays.com\/fr\/wp-json\/wp\/v2\/users\/2"}],"replies":[{"embeddable":true,"href":"https:\/\/www.europesays.com\/fr\/wp-json\/wp\/v2\/comments?post=456666"}],"version-history":[{"count":0,"href":"https:\/\/www.europesays.com\/fr\/wp-json\/wp\/v2\/posts\/456666\/revisions"}],"wp:featuredmedia":[{"embeddable":true,"href":"https:\/\/www.europesays.com\/fr\/wp-json\/wp\/v2\/media\/456667"}],"wp:attachment":[{"href":"https:\/\/www.europesays.com\/fr\/wp-json\/wp\/v2\/media?parent=456666"}],"wp:term":[{"taxonomy":"category","embeddable":true,"href":"https:\/\/www.europesays.com\/fr\/wp-json\/wp\/v2\/categories?post=456666"},{"taxonomy":"post_tag","embeddable":true,"href":"https:\/\/www.europesays.com\/fr\/wp-json\/wp\/v2\/tags?post=456666"}],"curies":[{"name":"wp","href":"https:\/\/api.w.org\/{rel}","templated":true}]}}