{"id":456672,"date":"2025-10-12T05:24:45","date_gmt":"2025-10-12T05:24:45","guid":{"rendered":"https:\/\/www.europesays.com\/fr\/456672\/"},"modified":"2025-10-12T05:24:45","modified_gmt":"2025-10-12T05:24:45","slug":"frankenstein-le-retour-du-monstre-sur-netflix-urban-comics-com","status":"publish","type":"post","link":"https:\/\/www.europesays.com\/fr\/456672\/","title":{"rendered":"Frankenstein le retour du monstre sur Netflix &#8211; urban-comics.com"},"content":{"rendered":"<ol>\n<li><a href=\"https:\/\/news.google.com\/rss\/articles\/CBMifkFVX3lxTFBQdHJVZTI1NkZpNVNRNkJOVE0wcE56aUp1Wk5Fc0dmTWo5eXEtNE5ycEd6X1pYZEhtM1c2NlZrb2JmRURhYkRIT1hiTDcxaW9tWldyLVhMUHBuX0VXemFIXzBFamFjRUtxUUJiNWdJaVR6aUQ5M2lSTFZ1VlJ3QQ?oc=5\" target=\"_blank\" rel=\"noopener\">Frankenstein le retour du monstre sur Netflix<\/a>&nbsp;&nbsp;urban-comics.com<\/li>\n<li><a href=\"https:\/\/news.google.com\/rss\/articles\/CBMiwwFBVV95cUxPQnpxRDRFZDdBalhQNDhvZXlPa0FReVZaMEZsVnYwUzEtMjNNQ0dKalVYclJBWk1SSV9XYV9fSURRbkJRQkwyNk9xNkhmd0RFSkJYaGdVUmZhSW1yNzZiM1F0a3NGb0l1cEZTLWplTTl5aC1ZbzEwRzVRM3pjUmE0RDZhdWdVRjR2T1dvUHZYYnJocUxnOWY3UThfSG83ZUhqakFwZ2xGNUJyVjVCQWtpNGpuNXFqYkswZElwWWVnelVDRnM?oc=5\" target=\"_blank\" rel=\"noopener\">En images : Jacob Elordi, Oscar Isaac, Mia Goth\u2026 Le casting de Frankenstein \u00e0 Paris pour l&rsquo;avant-premi\u00e8re du film de Guillermo del Toro<\/a>&nbsp;&nbsp;Vanity Fair<\/li>\n<li><a href=\"https:\/\/news.google.com\/rss\/articles\/CBMi8wFBVV95cUxPZm1PWnFwWWpZY0JJemVRbHlyUWw5SDA3dFlMblRicEFlQlFOYjZhNEQ0b2UtM3M4S1RWcVVDTG83SE9aN1dtNmctRHA2U2t6Z0FrUlJYZzZKVWd3eC1jUzZHbWJTNUFuWTVJSXFTTndVN0UtdlZ4R1AwSURlZjBJa2hOUmJ1X2Z3azVORWVqQUU2YWlBN0tmTWpCOUk2b2U3LVJ5TUxNLUVoUENIX2szOTA3NnRJMDItOVlNcWhEaGxsZzZCM0RZdHJwd3liRHZqcEhObVNXSC00QmJ6cFVvamMxbEpKQjVCNHZNRkdlczBVSUk?oc=5\" target=\"_blank\" rel=\"noopener\">L&rsquo;un des c\u00e9libataires les plus convoit\u00e9s d&rsquo;Hollywood de passage \u00e0 Paris ! Avant-premi\u00e8re au Grand Rex et bain de foule<\/a>&nbsp;&nbsp;Purepeople<\/li>\n<li><a href=\"https:\/\/news.google.com\/rss\/articles\/CBMicEFVX3lxTE8za1VmM0FZdlhydG0zZkxGenhSZGt5UFMyWS10Y2hKTUtpLWlLek5wX3p5LWVDNG1FSVIzMGdrWTlfb3hFMjF6S2w4cF9kVjVqWjNTa2s1dEtYZ29OZThaSGVmQXRkOE9DdEs0YWpla3c?oc=5\" target=\"_blank\" rel=\"noopener\">Frankenstein sur Netflix : Le chef-d\u2019\u0153uvre sombre de Guillermo del Toro arrive bient\u00f4t<\/a>&nbsp;&nbsp;WorldOfGeek.fr<\/li>\n<li><a href=\"https:\/\/news.google.com\/rss\/articles\/CBMiqgFBVV95cUxQSUtNVDRIWnNlVk01dEU3ZE0xeW45SlRVc0dOV2M4T3RGd2NhVzVXd1pyVkxRSHczYU1fSW5pdzVtYVgtbHVYbTF5eEtZNmlHc28zZHdWMFR1dzc2bjA4b3EzdWUyLS1DU09RQ0J3WmEyb2d3NlEwUFNzZkZ0Wk9ERUdocWZGVUc2dXdWLWRNaXB0MzM4bDhzSWUxNmx4aUV2cU1ZRzdRdG00dw?oc=5\" target=\"_blank\" rel=\"noopener\">Le collier Wade de Tiffany, l\u2019autre star du Frankenstein de 2025<\/a>&nbsp;&nbsp;Paris Select Book<\/li>\n<\/ol>\n","protected":false},"excerpt":{"rendered":"Frankenstein le retour du monstre sur Netflix&nbsp;&nbsp;urban-comics.com En images : Jacob Elordi, Oscar Isaac, Mia Goth\u2026 Le casting&hellip;\n","protected":false},"author":2,"featured_media":456673,"comment_status":"","ping_status":"","sticky":false,"template":"","format":"standard","meta":{"footnotes":""},"categories":[1354],"tags":[58,59,1346,1011,27,55983,1360],"class_list":{"0":"post-456672","1":"post","2":"type-post","3":"status-publish","4":"format-standard","5":"has-post-thumbnail","7":"category-films","8":"tag-divertissement","9":"tag-entertainment","10":"tag-films","11":"tag-fr","12":"tag-france","13":"tag-frankenstein","14":"tag-movies"},"share_on_mastodon":{"url":"https:\/\/pubeurope.com\/@fr\/115359531922923503","error":""},"_links":{"self":[{"href":"https:\/\/www.europesays.com\/fr\/wp-json\/wp\/v2\/posts\/456672","targetHints":{"allow":["GET"]}}],"collection":[{"href":"https:\/\/www.europesays.com\/fr\/wp-json\/wp\/v2\/posts"}],"about":[{"href":"https:\/\/www.europesays.com\/fr\/wp-json\/wp\/v2\/types\/post"}],"author":[{"embeddable":true,"href":"https:\/\/www.europesays.com\/fr\/wp-json\/wp\/v2\/users\/2"}],"replies":[{"embeddable":true,"href":"https:\/\/www.europesays.com\/fr\/wp-json\/wp\/v2\/comments?post=456672"}],"version-history":[{"count":0,"href":"https:\/\/www.europesays.com\/fr\/wp-json\/wp\/v2\/posts\/456672\/revisions"}],"wp:featuredmedia":[{"embeddable":true,"href":"https:\/\/www.europesays.com\/fr\/wp-json\/wp\/v2\/media\/456673"}],"wp:attachment":[{"href":"https:\/\/www.europesays.com\/fr\/wp-json\/wp\/v2\/media?parent=456672"}],"wp:term":[{"taxonomy":"category","embeddable":true,"href":"https:\/\/www.europesays.com\/fr\/wp-json\/wp\/v2\/categories?post=456672"},{"taxonomy":"post_tag","embeddable":true,"href":"https:\/\/www.europesays.com\/fr\/wp-json\/wp\/v2\/tags?post=456672"}],"curies":[{"name":"wp","href":"https:\/\/api.w.org\/{rel}","templated":true}]}}