{"id":456684,"date":"2025-10-12T05:30:19","date_gmt":"2025-10-12T05:30:19","guid":{"rendered":"https:\/\/www.europesays.com\/fr\/456684\/"},"modified":"2025-10-12T05:30:19","modified_gmt":"2025-10-12T05:30:19","slug":"aucune-confiance-soutien-du-hamas-liran-met-en-garde-contre-israel","status":"publish","type":"post","link":"https:\/\/www.europesays.com\/fr\/456684\/","title":{"rendered":"\u00ab\u00a0Aucune confiance\u00a0\u00bb\u2026 Soutien du Hamas, l\u2019Iran met en garde contre Isra\u00ebl"},"content":{"rendered":"<p>Sans surprise, T\u00e9h\u00e9ran ne croit pas du tout dans la parole de l\u2019Etat h\u00e9breu. Soutien du Hamas, <a href=\"https:\/\/www.20minutes.fr\/monde\/4177227-20251005-iran-cooperation-aiea-plus-pertinente-apres-sanctions-selon-chef-diplomatie\" target=\"_blank\" class=\"c-link c-link--is-underlined\" rel=\"noopener\">l\u2019Iran<\/a> a ainsi martel\u00e9 samedi soir n\u2019avoir \u00ab\u00a0aucune confiance\u00a0\u00bb en Isra\u00ebl pour <a href=\"https:\/\/www.20minutes.fr\/monde\/4178710-20251011-accord-gaza-liberation-otages-israeliens-va-bien-debuter-lundi-matin-indique-hamas\" target=\"_blank\" class=\"c-link c-link--is-underlined\" rel=\"noopener\">le respect du cessez-le-feu \u00e0 Gaza<\/a>, au deuxi\u00e8me jour de tr\u00eave dans l\u2019enclave palestinienne.<\/p>\n<p>\u00ab\u00a0Il n\u2019y a absolument aucune confiance dans le r\u00e9gime sioniste\u00a0\u00bb, a d\u00e9clar\u00e9 le chef de la diplomatie iranienne, Abbas Araghchi, arguant qu&rsquo;\u00ab\u00a0il y a eu des cessez-le-feu r\u00e9p\u00e9t\u00e9s dans le pass\u00e9, en divers endroits, notamment au <a href=\"https:\/\/www.20minutes.fr\/monde\/israel\/4178665-20251011-liban-president-denonce-frappes-nocturnes-israeliennes-fait-mort\" target=\"_blank\" class=\"c-link c-link--is-underlined\" rel=\"noopener\">Liban<\/a>\u00a0\u00bb qui ont \u00e9t\u00e9 \u00ab\u00a0viol\u00e9s\u00a0\u00bb par Isra\u00ebl. \u00ab\u00a0Nous mettons en garde contre les ruses et les trahisons du r\u00e9gime sioniste\u00a0\u00bb, a-t-il ajout\u00e9 \u00e0 la t\u00e9l\u00e9vision d\u2019Etat, en r\u00e9f\u00e9rence \u00e0 Isra\u00ebl, son ennemi jur\u00e9 et dont l\u2019Etat est non reconnu par le pouvoir iranien.<\/p>\n<p>Une guerre de 12 jours entre Isra\u00ebl et l\u2019Iran<\/p>\n<p>Abbas Araghchi a toutefois r\u00e9affirm\u00e9 le soutien de l\u2019Iran au cessez-le-feu \u00e0 Gaza. \u00ab\u00a0Nous avons toujours soutenu tout plan ou mesure susceptible de mettre fin \u00e0 ces crimes contre la population de Gaza, \u00e0 mettre fin \u00e0 ce g\u00e9nocide\u00a0\u00bb, a soulign\u00e9 le ministre iranien.<\/p>\n<\/p>\n<p>Depuis la R\u00e9volution islamique de\u00a01979, T\u00e9h\u00e9ran fait de la cause palestinienne l\u2019un des piliers de sa politique \u00e9trang\u00e8re. L\u2019Iran et Isra\u00ebl se sont affront\u00e9s militairement en juin dernier au cours d\u2019une guerre de 12 jours, d\u00e9clench\u00e9e par une attaque surprise d\u2019Isra\u00ebl contre le territoire iranien. Des hauts grad\u00e9s, des scientifiques li\u00e9s au programme nucl\u00e9aire iranien ainsi que des centaines de civils ont \u00e9t\u00e9 tu\u00e9s dans ce conflit qui s\u2019est achev\u00e9 par un cessez-le-feu.<\/p>\n<p><a href=\"https:\/\/www.20minutes.fr\/monde\/conflit_israelo-palestinien\/\" target=\"_blank\" class=\"c-link c-btn c-btn--primary\" rel=\"noopener\">Notre dossier sur le Conflit isra\u00e9lo-palestinien<\/a><\/p>\n<p>Par ailleurs, le ministre iranien des Affaires \u00e9trang\u00e8res a d\u00e9clar\u00e9 samedi soir que son pays avait re\u00e7u un message de la Russie indiquant qu\u2019Isra\u00ebl ne souhaitait pas de nouvelle confrontation avec T\u00e9h\u00e9ran. \u00ab\u00a0Il semble qu\u2019il y a trois ou quatre jours, il y ait eu un appel t\u00e9l\u00e9phonique entre (le Premier ministre isra\u00e9lien Benyamin) Netanyahou et (le pr\u00e9sident russe Vladimir) Poutine\u00a0\u00bb, a d\u00e9clar\u00e9 Abbas Araghchi. \u00ab\u00a0Netanyahou a soulign\u00e9 qu\u2019il n\u2019avait pas l\u2019intention de reprendre la guerre avec l\u2019Iran\u00a0\u00bb, a-t-il ajout\u00e9, pr\u00e9cisant que ce message avait \u00e9t\u00e9 transmis lors d\u2019un compte rendu \u00e0 l\u2019ambassadeur d\u2019Iran en Russie.<\/p>\n","protected":false},"excerpt":{"rendered":"Sans surprise, T\u00e9h\u00e9ran ne croit pas du tout dans la parole de l\u2019Etat h\u00e9breu. Soutien du Hamas, l\u2019Iran&hellip;\n","protected":false},"author":2,"featured_media":456685,"comment_status":"","ping_status":"","sticky":false,"template":"","format":"standard","meta":{"footnotes":""},"categories":[5],"tags":[47,11,3259,1011,27,665,3519,14,3019,664,74,12,133,28],"class_list":{"0":"post-456684","1":"post","2":"type-post","3":"status-publish","4":"format-standard","5":"has-post-thumbnail","7":"category-international","8":"tag-actualite","9":"tag-actualites","10":"tag-conflit-israelo-palestinien","11":"tag-fr","12":"tag-france","13":"tag-gaza","14":"tag-hamas","15":"tag-international","16":"tag-iran","17":"tag-israel","18":"tag-monde","19":"tag-news","20":"tag-video","21":"tag-world"},"share_on_mastodon":{"url":"https:\/\/pubeurope.com\/@fr\/115359555482129556","error":""},"_links":{"self":[{"href":"https:\/\/www.europesays.com\/fr\/wp-json\/wp\/v2\/posts\/456684","targetHints":{"allow":["GET"]}}],"collection":[{"href":"https:\/\/www.europesays.com\/fr\/wp-json\/wp\/v2\/posts"}],"about":[{"href":"https:\/\/www.europesays.com\/fr\/wp-json\/wp\/v2\/types\/post"}],"author":[{"embeddable":true,"href":"https:\/\/www.europesays.com\/fr\/wp-json\/wp\/v2\/users\/2"}],"replies":[{"embeddable":true,"href":"https:\/\/www.europesays.com\/fr\/wp-json\/wp\/v2\/comments?post=456684"}],"version-history":[{"count":0,"href":"https:\/\/www.europesays.com\/fr\/wp-json\/wp\/v2\/posts\/456684\/revisions"}],"wp:featuredmedia":[{"embeddable":true,"href":"https:\/\/www.europesays.com\/fr\/wp-json\/wp\/v2\/media\/456685"}],"wp:attachment":[{"href":"https:\/\/www.europesays.com\/fr\/wp-json\/wp\/v2\/media?parent=456684"}],"wp:term":[{"taxonomy":"category","embeddable":true,"href":"https:\/\/www.europesays.com\/fr\/wp-json\/wp\/v2\/categories?post=456684"},{"taxonomy":"post_tag","embeddable":true,"href":"https:\/\/www.europesays.com\/fr\/wp-json\/wp\/v2\/tags?post=456684"}],"curies":[{"name":"wp","href":"https:\/\/api.w.org\/{rel}","templated":true}]}}