{"id":456686,"date":"2025-10-12T05:31:12","date_gmt":"2025-10-12T05:31:12","guid":{"rendered":"https:\/\/www.europesays.com\/fr\/456686\/"},"modified":"2025-10-12T05:31:12","modified_gmt":"2025-10-12T05:31:12","slug":"paris-va-simuler-une-inondation-comme-celle-de-1910-pour-tester-ses-habitants","status":"publish","type":"post","link":"https:\/\/www.europesays.com\/fr\/456686\/","title":{"rendered":"Paris va simuler une inondation comme celle de 1910 pour tester ses habitants"},"content":{"rendered":"<p>\n    L\u2019inondation repr\u00e9sente le premier risque naturel qui menace la capitale, o\u00f9 un d\u00e9bordement de la Seine pourrait toucher jusqu\u2019\u00e0 700.000 personnes.<\/p>\n<p class=\"fig-paragraph\">Caves inond\u00e9es, transports \u00e0 l&rsquo;arr\u00eat, \u00e9lectricit\u00e9 coup\u00e9e, \u00e9vacuations par milliers&#8230; Paris va jouer lundi le sc\u00e9nario d&rsquo;une crue majeure de la Seine, comme\u00a0<a href=\"http:\/\/www.lefigaro.fr\/actualite-france\/la-ville-de-paris-pourrait-elle-etre-inondee-comme-en-1910-20250516\" data-fig-type=\"Article\" data-gtm-custom-categorie=\"navigation\" data-gtm-custom-action=\"crossclick\" data-gtm-custom-label=\"Contextuel\" data-gtm-event=\"customEventSPE\" data-fig-domain=\"LEFIGARO\" target=\"_blank\" rel=\"noopener\">celle de 1910<\/a>, pour sensibiliser les habitants \u00e0 ce type de catastrophe probable.<\/p>\n<p class=\"fig-paragraph\">L&rsquo;inondation repr\u00e9sente le premier risque naturel qui menace la capitale, o\u00f9 un d\u00e9bordement de la Seine pourrait toucher jusqu&rsquo;\u00e0 700.000 personnes, a expos\u00e9 \u00e0 la presse P\u00e9n\u00e9lope Komit\u00e8s, adjointe en charge de la r\u00e9silience \u00e0 la mairie de Paris, organisatrice de l&rsquo;exercice.<\/p>\n<p>                                    <a class=\"fig-a11y-skip a11y-hidden\" href=\"#fig-a11y-skip-main-inarticle\"><br \/>\n        Passer la publicit\u00e9<br \/>\n    <\/a><\/p>\n<p class=\"fig-paragraph\">La derni\u00e8re crue centennale &#8211; qui a une chance sur cent de se produire par an &#8211; remonte \u00e0 janvier 1910, quand le fleuve avait atteint 8,62 m\u00e8tres au pont d&rsquo;Austerlitz, paralysant la ville pendant plusieurs semaines. Un record in\u00e9gal\u00e9.<\/p>\n<p>Une \u00abculture du risque\u00bb est indispensable<\/p>\n<p class=\"fig-paragraph\">Deux crues r\u00e9centes de la Seine, en 2016 et 2018, ont n\u00e9anmoins permis \u00abd&rsquo;avoir une bonne id\u00e9e de ce qu&rsquo;il peut se passer jusqu&rsquo;\u00e0 7 m\u00e8tres. Au-dessus, on rentre dans la science-fiction\u00bb, explique Ziad Touat, responsable de la soci\u00e9t\u00e9 Crisotech, conceptrice du sc\u00e9nario qui se jouera lundi, \u00e0 l&rsquo;occasion de la journ\u00e9e nationale de la r\u00e9silience.<\/p>\n<p class=\"fig-paragraph\">Contrairement aux crues torrentielles qui frappent le Midi, la lente mont\u00e9e des eaux caract\u00e9risant les inondations de la Seine limite le danger imm\u00e9diat, analyse Ludovic Faytre, sp\u00e9cialiste du risque inondation, dans une note de l&rsquo;Institut Paris R\u00e9gion (IPR). \u00abMais l&rsquo;\u00e9tendue des surfaces potentiellement concern\u00e9es (pr\u00e8s de 500.000 ha en \u00cele-de-France) et l&rsquo;ampleur des enjeux humains et \u00e9conomiques, \u00e0 l&rsquo;\u00e9chelle d&rsquo;une agglom\u00e9ration de 10 millions d&rsquo;habitants\u00bb, rendent la gestion de crise si complexe qu&rsquo;une \u00abculture du risque\u00bb est indispensable, estime-t-il.<\/p>\n<p class=\"fig-paragraph\">\u00ab\u00c0 Paris beaucoup se croient \u00e9pargn\u00e9s parce qu&rsquo;ils habitent loin de la Seine, ou en hauteur. Sauf qu&rsquo;une crue exceptionnelle comme celle de 1910 peut affecter tous les quartiers, par effet de cascade\u00bb, rel\u00e8ve B\u00e9n\u00e9dicte Cadalen du service de gestion de crise de la Ville de Paris. L&rsquo;exercice en \u00abconditions r\u00e9elles\u00bb, sur le mod\u00e8le de \u00abParis \u00e0 50 degr\u00e9s\u00bb en 2023, projettera des habitants du quartier du Marais un matin de mars 2026.<\/p>\n<p>Un exercice \u00e0 l\u2019\u00e9chelle de l\u2019\u00cele-de-France<\/p>\n<p class=\"fig-paragraph\">Le fleuve parisien d\u00e9borde d\u00e9j\u00e0 depuis deux mois mais a franchi dans la nuit les 7,10 m\u00e8tres sous l&rsquo;effet d&rsquo;un \u00e9pisode orageux. Des centaines de milliers de personnes doivent \u00eatre \u00e9vacu\u00e9es, le m\u00e9tro est inond\u00e9, le gaz et l&rsquo;\u00e9lectricit\u00e9 coup\u00e9s, les \u00e9gouts menacent de d\u00e9border et la p\u00e9nurie alimentaire pointe.<\/p>\n<p>                                    <a class=\"fig-a11y-skip a11y-hidden\" href=\"#fig-a11y-skip-main-inarticle_mtf\"><br \/>\n        Passer la publicit\u00e9<br \/>\n    <\/a><\/p>\n<p class=\"fig-paragraph\">Une soixantaine de participants, dont une classe de CM2, se livreront \u00e0 un jeu de r\u00f4les tout au long de la journ\u00e9e, qui d\u00e9marrera par une simulation d&rsquo;\u00e9vacuation d&rsquo;un immeuble vers l&rsquo;Acad\u00e9mie du climat, transform\u00e9e en centre d&rsquo;accueil et de regroupement. La pr\u00e9fecture de police organise en parall\u00e8le un exercice \u00e0 l&rsquo;\u00e9chelle de l&rsquo;\u00cele-de-France, \u00abHydros 2025\u00bb, pour anticiper une \u00e9vacuation.<\/p>\n","protected":false},"excerpt":{"rendered":"L\u2019inondation repr\u00e9sente le premier risque naturel qui menace la capitale, o\u00f9 un d\u00e9bordement de la Seine pourrait toucher&hellip;\n","protected":false},"author":2,"featured_media":456687,"comment_status":"","ping_status":"","sticky":false,"template":"","format":"standard","meta":{"footnotes":""},"categories":[4],"tags":[11,1011,27,4458,12,626,25],"class_list":{"0":"post-456686","1":"post","2":"type-post","3":"status-publish","4":"format-standard","5":"has-post-thumbnail","7":"category-france","8":"tag-actualites","9":"tag-fr","10":"tag-france","11":"tag-inondation","12":"tag-news","13":"tag-paris","14":"tag-republique-francaise"},"share_on_mastodon":{"url":"https:\/\/pubeurope.com\/@fr\/115359559497043691","error":""},"_links":{"self":[{"href":"https:\/\/www.europesays.com\/fr\/wp-json\/wp\/v2\/posts\/456686","targetHints":{"allow":["GET"]}}],"collection":[{"href":"https:\/\/www.europesays.com\/fr\/wp-json\/wp\/v2\/posts"}],"about":[{"href":"https:\/\/www.europesays.com\/fr\/wp-json\/wp\/v2\/types\/post"}],"author":[{"embeddable":true,"href":"https:\/\/www.europesays.com\/fr\/wp-json\/wp\/v2\/users\/2"}],"replies":[{"embeddable":true,"href":"https:\/\/www.europesays.com\/fr\/wp-json\/wp\/v2\/comments?post=456686"}],"version-history":[{"count":0,"href":"https:\/\/www.europesays.com\/fr\/wp-json\/wp\/v2\/posts\/456686\/revisions"}],"wp:featuredmedia":[{"embeddable":true,"href":"https:\/\/www.europesays.com\/fr\/wp-json\/wp\/v2\/media\/456687"}],"wp:attachment":[{"href":"https:\/\/www.europesays.com\/fr\/wp-json\/wp\/v2\/media?parent=456686"}],"wp:term":[{"taxonomy":"category","embeddable":true,"href":"https:\/\/www.europesays.com\/fr\/wp-json\/wp\/v2\/categories?post=456686"},{"taxonomy":"post_tag","embeddable":true,"href":"https:\/\/www.europesays.com\/fr\/wp-json\/wp\/v2\/tags?post=456686"}],"curies":[{"name":"wp","href":"https:\/\/api.w.org\/{rel}","templated":true}]}}