{"id":456690,"date":"2025-10-12T05:33:43","date_gmt":"2025-10-12T05:33:43","guid":{"rendered":"https:\/\/www.europesays.com\/fr\/456690\/"},"modified":"2025-10-12T05:33:43","modified_gmt":"2025-10-12T05:33:43","slug":"le-cout-du-tri-ne-nous-permet-plus-de-vivre","status":"publish","type":"post","link":"https:\/\/www.europesays.com\/fr\/456690\/","title":{"rendered":"\u00ab\u00a0Le co\u00fbt du tri ne nous permet plus de vivre\u00a0\u00bb"},"content":{"rendered":"<p>Quand l\u2019on entre dans l\u2019entrep\u00f4t du Relais 42, il ne faut pas s\u2019\u00e9tonner de voir un tee-shirt voler au-dessus des montagnes de v\u00eatements. Il suffit de s\u2019approcher pour comprendre\u00a0: cach\u00e9s derri\u00e8re ces sommets de textiles, la vingtaine d\u2019employ\u00e9s trient les v\u00eatements en les lan\u00e7ant dans des bacs. Une cadence effr\u00e9n\u00e9e qui s\u2019est brutalement arr\u00eat\u00e9e le 15\u00a0juillet 2025, le premier jour d\u2019une gr\u00e8ve de deux semaines pour demander plus de moyens.<\/p>\n<p>Une fili\u00e8re en danger<\/p>\n<p>Elle s\u2019inscrivait dans un mouvement national initi\u00e9 par le Relais, premier op\u00e9rateur de collecte de textiles en France, pour demander \u00e0 Refashion de mieux r\u00e9mun\u00e9rer la tonne de v\u00eatements tri\u00e9s. Agr\u00e9\u00e9 par l\u2019\u00c9tat, cet \u00e9co-organisme\u00a0est charg\u00e9 de g\u00e9rer la fin de vie des v\u00eatements pour le compte des entreprises qui les vendent.<\/p>\n<p>Fix\u00e9e \u00e0 156\u00a0euros avant la gr\u00e8ve, la lutte a permis de r\u00e9\u00e9valuer \u00e0 223\u00a0euros la tonne de v\u00eatements tri\u00e9s. Une somme encore insuffisante selon St\u00e9phane Jambon, directeur du Relais 42 \u00e0 P\u00e9lussin, pour assurer le bon&#8230;<\/p>\n","protected":false},"excerpt":{"rendered":"Quand l\u2019on entre dans l\u2019entrep\u00f4t du Relais 42, il ne faut pas s\u2019\u00e9tonner de voir un tee-shirt voler&hellip;\n","protected":false},"author":2,"featured_media":456691,"comment_status":"","ping_status":"","sticky":false,"template":"","format":"standard","meta":{"footnotes":""},"categories":[9653],"tags":[1111,11,2430,4406,130,33,7539,436,1777,674,107,1011,27,3367,12,27656,25,4001],"class_list":{"0":"post-456690","1":"post","2":"type-post","3":"status-publish","4":"format-standard","5":"has-post-thumbnail","7":"category-saint-etienne","8":"tag-actu","9":"tag-actualites","10":"tag-auvergne-rhone-alpes","11":"tag-commerce-et-services","12":"tag-consommation","13":"tag-economie","14":"tag-edition-loire-sud","15":"tag-environnement","16":"tag-eu","17":"tag-europe","18":"tag-fil-info","19":"tag-fr","20":"tag-france","21":"tag-loire","22":"tag-news","23":"tag-pelussin","24":"tag-republique-francaise","25":"tag-saint-etienne"},"share_on_mastodon":{"url":"https:\/\/pubeurope.com\/@fr\/115359567494204438","error":""},"_links":{"self":[{"href":"https:\/\/www.europesays.com\/fr\/wp-json\/wp\/v2\/posts\/456690","targetHints":{"allow":["GET"]}}],"collection":[{"href":"https:\/\/www.europesays.com\/fr\/wp-json\/wp\/v2\/posts"}],"about":[{"href":"https:\/\/www.europesays.com\/fr\/wp-json\/wp\/v2\/types\/post"}],"author":[{"embeddable":true,"href":"https:\/\/www.europesays.com\/fr\/wp-json\/wp\/v2\/users\/2"}],"replies":[{"embeddable":true,"href":"https:\/\/www.europesays.com\/fr\/wp-json\/wp\/v2\/comments?post=456690"}],"version-history":[{"count":0,"href":"https:\/\/www.europesays.com\/fr\/wp-json\/wp\/v2\/posts\/456690\/revisions"}],"wp:featuredmedia":[{"embeddable":true,"href":"https:\/\/www.europesays.com\/fr\/wp-json\/wp\/v2\/media\/456691"}],"wp:attachment":[{"href":"https:\/\/www.europesays.com\/fr\/wp-json\/wp\/v2\/media?parent=456690"}],"wp:term":[{"taxonomy":"category","embeddable":true,"href":"https:\/\/www.europesays.com\/fr\/wp-json\/wp\/v2\/categories?post=456690"},{"taxonomy":"post_tag","embeddable":true,"href":"https:\/\/www.europesays.com\/fr\/wp-json\/wp\/v2\/tags?post=456690"}],"curies":[{"name":"wp","href":"https:\/\/api.w.org\/{rel}","templated":true}]}}