{"id":456694,"date":"2025-10-12T05:35:24","date_gmt":"2025-10-12T05:35:24","guid":{"rendered":"https:\/\/www.europesays.com\/fr\/456694\/"},"modified":"2025-10-12T05:35:24","modified_gmt":"2025-10-12T05:35:24","slug":"grand-nancy-la-tour-panoramique-fait-son-cinema-avant-de-disparaitre","status":"publish","type":"post","link":"https:\/\/www.europesays.com\/fr\/456694\/","title":{"rendered":"Grand Nancy. La tour panoramique fait son cin\u00e9ma avant de dispara\u00eetre"},"content":{"rendered":"<p>Un hall de HLM quelconque. Une rang\u00e9e de bo\u00eetes aux lettres rouges. Une femme d\u2019une soixantaine d\u2019ann\u00e9es retire son courrier, croise des ouvriers et s\u2019en va. Une sc\u00e8ne du quotidien tout ce qu\u2019il y a de quelconque. Rien de tr\u00e8s sexy l\u00e0-dedans.<\/p>\n<p>Sauf que la sexag\u00e9naire est suivie par une cam\u00e9ra et a le charisme d\u2019Anouk Grinberg. L\u2019ex-\u00e9g\u00e9rie du misogyne <a href=\"https:\/\/www.estrepublicain.fr\/p\/bertrand-blier\" target=\"_blank\" rel=\"noopener\">Bertrand Blier<\/a> devenue figure de proue du combat f\u00e9ministe anti-Depardieu tourne actuellement dans la tour panoramique de Nancy La derni\u00e8re patiente.<\/p>\n<p>  Dernier t\u00e9moignage d\u2019une \u00e9poque r\u00e9volue<\/p>\n<p>Le r\u00e9alisateur R\u00e9mi Bassaler, dont c\u2019est le premier long-m\u00e9trage, et son \u00e9quipe, compos\u00e9e d\u2019une trentaine de techniciens dont la moiti\u00e9 originaire de la r\u00e9gion, ont investi ce lieu embl\u00e9matique de l\u2019agglo nanc\u00e9ienne depuis fin septembre et doivent rester l\u00e0 jusqu\u2019au 25\u00a0octobre. Leur film, \u00e0 la fois intimiste et social, raconte quarante-huit heures de la vie d\u2019une m\u00e9decin qui accepte une ultime patiente, une femme enceinte, alors qu\u2019elle doit quitter son logement et son cabinet, tous deux situ\u00e9s dans une tour sur le point d\u2019\u00eatre d\u00e9truite.<\/p>\n<p>La fiction colle de fa\u00e7on troublante \u00e0 la r\u00e9alit\u00e9 <a href=\"https:\/\/www.estrepublicain.fr\/culture-loisirs\/2025\/09\/28\/l-heure-des-au-revoir-a-la-tour-panoramique-cet-embleme-nanceien\" target=\"_blank\" rel=\"noopener\">puisque la tour panoramique qui sert de d\u00e9cor principal au long-m\u00e9trage est effectivement vou\u00e9e \u00e0 dispara\u00eetre, pour de vrai, du paysage nanc\u00e9ien dans les mois \u00e0 venir.<\/a> \u00a0Le film sera donc une forme de dernier t\u00e9moignage sur ce qu\u2019a \u00e9t\u00e9 ce b\u00e2timent, symbole spectaculaire d\u2019un autre temps, celui de l\u2019urbanisme des ann\u00e9es 70.<\/p>\n<p>  \u00ab\u00a0Je dois aller au boulot, moi\u00a0!\u00a0\u00bb<\/p>\n<p>Une quinzaine de locataires vivent encore l\u00e0. Pas tous ravis de voir le cin\u00e9ma s\u2019emparer de leur quotidien. Comme \ufeffcet habitant qui fait franchement la gueule lorsque l\u2019ascenseur s\u2019ouvre et qu\u2019il d\u00e9couvre le hall d\u2019entr\u00e9e bloqu\u00e9 par le tournage de la sc\u00e8ne des bo\u00eetes aux lettres. \u00ab\u00a0Je dois aller au boulot, moi\u00a0!\u00a0\u00bb, ronchonne-t-il.<\/p>\n<p>Quelques secondes de patience et, d\u00e8s la prise termin\u00e9e, l\u2019homme peut passer et rallier la sortie de l\u2019immeuble. \u00ab\u00a0En g\u00e9n\u00e9ral, cela se passe bien\u2026 Mais heureusement quand m\u00eame qu\u2019il ne reste qu\u2019une quinzaine de logements occup\u00e9s\u00a0\u00bb, sourit Lucy-Blue Ferry, la directrice de production.<\/p>\n<p>Car, outre la touche de r\u00e9alisme que cela apporte, le fait que le b\u00e2timent soit quasi d\u00e9sert permet \u00e0 l\u2019\u00e9quipe cin\u00e9 de faire \u00e0 peu pr\u00e8s comme elle veut. Elle a transform\u00e9 le 19e \u00a0\u00e9tage en cantine, le 16e \u00a0en cabinet m\u00e9dical et le 23e en studio. C\u2019est l\u00e0, en effet, que se trouve le d\u00e9cor principal c\u2019est-\u00e0-dire l\u2019appartement en cours de d\u00e9m\u00e9nagement du personnage d\u2019Anouk Grinberg mais aussi les bureaux de la production et l\u2019atelier o\u00f9 sont con\u00e7us et stock\u00e9s accessoires, \u00e9l\u00e9ments de d\u00e9cor et costumes.<\/p>\n<p>  L\u2019\u00e9quipe cin\u00e9 se joint \u00e0 la manif<\/p>\n<p>Quelques images ont \u00e9galement \u00e9t\u00e9 tourn\u00e9es dans le quartier et \u00e0 l\u2019h\u00f4pital central. L\u2019\u00e9quipe a \u00e9galement mis en bo\u00eete des sc\u00e8nes <a href=\"https:\/\/www.estrepublicain.fr\/social\/2025\/10\/02\/manifestation-ils-sont-1-400-mais-ils-ne-lachent-toujours-rien\" target=\"_blank\" rel=\"noopener\">de la manif du 2\u00a0octobre \u00e0 Nancy.<\/a><\/p>\n<p>\u00ab\u00a0Ce n\u2019\u00e9tait pas pr\u00e9vu. C\u2019\u00e9tait une journ\u00e9e off normalement. Mais comme il y avait des sc\u00e8nes de manifestation pr\u00e9vues dans le sc\u00e9nario, nous avons profit\u00e9 de l\u2019\u00e9v\u00e9nement. Nous avons pu int\u00e9grer le cort\u00e8ge gr\u00e2ce \u00e0 l\u2019aide de la CGT\u00a0\u00bb, confie la directrice de production. Quand la r\u00e9alit\u00e9 rejoint la fiction\u2026 Et vice-versa.<\/p>\n","protected":false},"excerpt":{"rendered":"Un hall de HLM quelconque. Une rang\u00e9e de bo\u00eetes aux lettres rouges. Une femme d\u2019une soixantaine d\u2019ann\u00e9es retire&hellip;\n","protected":false},"author":2,"featured_media":456695,"comment_status":"","ping_status":"","sticky":false,"template":"","format":"standard","meta":{"footnotes":""},"categories":[9635],"tags":[1111,11,650,1704,1777,674,1011,27,775,1757,1908,10061,1702,1703,12,25,104],"class_list":{"0":"post-456694","1":"post","2":"type-post","3":"status-publish","4":"format-standard","5":"has-post-thumbnail","7":"category-nancy","8":"tag-actu","9":"tag-actualites","10":"tag-cinema","11":"tag-edition-nancy-et-agglomeration","12":"tag-eu","13":"tag-europe","14":"tag-fr","15":"tag-france","16":"tag-grand-est","17":"tag-insolite","18":"tag-logement","19":"tag-maxeville","20":"tag-nancy","21":"tag-nancy-ville-54b","22":"tag-news","23":"tag-republique-francaise","24":"tag-societe"},"share_on_mastodon":{"url":"https:\/\/pubeurope.com\/@fr\/115359575199909033","error":""},"_links":{"self":[{"href":"https:\/\/www.europesays.com\/fr\/wp-json\/wp\/v2\/posts\/456694","targetHints":{"allow":["GET"]}}],"collection":[{"href":"https:\/\/www.europesays.com\/fr\/wp-json\/wp\/v2\/posts"}],"about":[{"href":"https:\/\/www.europesays.com\/fr\/wp-json\/wp\/v2\/types\/post"}],"author":[{"embeddable":true,"href":"https:\/\/www.europesays.com\/fr\/wp-json\/wp\/v2\/users\/2"}],"replies":[{"embeddable":true,"href":"https:\/\/www.europesays.com\/fr\/wp-json\/wp\/v2\/comments?post=456694"}],"version-history":[{"count":0,"href":"https:\/\/www.europesays.com\/fr\/wp-json\/wp\/v2\/posts\/456694\/revisions"}],"wp:featuredmedia":[{"embeddable":true,"href":"https:\/\/www.europesays.com\/fr\/wp-json\/wp\/v2\/media\/456695"}],"wp:attachment":[{"href":"https:\/\/www.europesays.com\/fr\/wp-json\/wp\/v2\/media?parent=456694"}],"wp:term":[{"taxonomy":"category","embeddable":true,"href":"https:\/\/www.europesays.com\/fr\/wp-json\/wp\/v2\/categories?post=456694"},{"taxonomy":"post_tag","embeddable":true,"href":"https:\/\/www.europesays.com\/fr\/wp-json\/wp\/v2\/tags?post=456694"}],"curies":[{"name":"wp","href":"https:\/\/api.w.org\/{rel}","templated":true}]}}