{"id":45670,"date":"2025-04-23T04:27:15","date_gmt":"2025-04-23T04:27:15","guid":{"rendered":"https:\/\/www.europesays.com\/fr\/45670\/"},"modified":"2025-04-23T04:27:15","modified_gmt":"2025-04-23T04:27:15","slug":"marty-reviendra-t-il-dans-la-serie-de-france-3-claire-borotra-et-constance-gay-repondent","status":"publish","type":"post","link":"https:\/\/www.europesays.com\/fr\/45670\/","title":{"rendered":"Marty reviendra-t-il dans la s\u00e9rie de France 3 ? Claire Borotra et Constance Gay r\u00e9pondent"},"content":{"rendered":"<p>Au cours du second \u00e9pisode In\u00e9dit de Face \u00e0 face diffus\u00e9 ce mardi 24 avril, Ludovic Marty annonce sa mutation \u00e0 ses coll\u00e8gues. Le personnage reviendra-t-il ? Claire Borotra et Constance Gay r\u00e9pondent. <\/p>\n<p>L&rsquo;heure des au-revoir a encore sonn\u00e9 dans <b>Face \u00e0 face, <\/b>la s\u00e9rie de France 3. Apr\u00e8s <a href=\"https:\/\/www.programme-tv.net\/\/news\/series-tv\/298044-face-a-face-les-vraies-raisons-du-depart-de-marc-ruchmann-de-la-serie-de-france-3\/\" target=\"_blank\" rel=\"noopener\">un premier d\u00e9part au cours de la saison 1 du capitaine Gr\u00e9gory Kieffer interpr\u00e9t\u00e9 par Marc Ruchmann,<\/a> suivi \u00e0 la fin de cette m\u00eame premi\u00e8re saison par <a href=\"https:\/\/www.programme-tv.net\/\/news\/series-tv\/350299-face-a-face-pourquoi-pascal-demolon-est-il-absent-de-la-saison-2-de-la-serie-de-france-3-les-vraies-raisons-devoilees\/\" target=\"_blank\" rel=\"noopener\">celui du commissaire Rameau, incarn\u00e9 par Pascal Demolon<\/a>,<a href=\"https:\/\/www.programme-tv.net\/\/news\/series-tv\/376733-face-a-face-faut-il-regarder-la-troisieme-saison-inedite-de-la-serie-de-france-3-qui-commence-mardi-15-avril\/\" target=\"_blank\" rel=\"noopener\"> <\/a>cette nouvelle salve d\u2019\u00e9pisodes voit un autre personnage d\u00e9serter le commissariat de Strasbourg. Au cours du deuxi\u00e8me \u00e9pisode in\u00e9dit de ce mardi 24 avril, le quatri\u00e8me de <a href=\"https:\/\/www.programme-tv.net\/\/news\/series-tv\/376733-face-a-face-faut-il-regarder-la-troisieme-saison-inedite-de-la-serie-de-france-3-qui-commence-mardi-15-avril\/\" target=\"_blank\" rel=\"noopener\">cette troisi\u00e8me saison,<\/a> Ludovic Marty (Cl\u00e9ment Aubert) annonce sa mutation. Quid du personnage : le reverra-ton dans la s\u00e9rie de France 3 incarn\u00e9e par <b>Claire Borotra<\/b> et <b>Constance Gay ?<\/b> Elles r\u00e9pondent.<\/p>\n<p>Face \u00e0 face : Constance Gay (Vanessa) a d\u00e9j\u00e0 retrouv\u00e9 Cl\u00e9ment Aubert (Marty)<\/p>\n<p>Si Marty est heureux de sa mutation \u00e0 la DST, la direction de la surveillance du territoire, o\u00f9 il sera profileur, Vanessa, elle, accuse le coup. \u00ab\u00a0Je ne sais pas s\u2019il reviendra, myst\u00e8re et boule de gomme ! En fait, je n\u2019ai pas le droit de spoiler, j\u2019ai \u00e9t\u00e9 ultra brief\u00e9e, avoue <a href=\"https:\/\/www.programme-tv.net\/\/news\/series-tv\/296439-face-a-face-5-infos-sur-constance-gay-linterprete-de-vanessa-tancelin-dans-la-nouvelle-serie-de-france-3\/\" target=\"_blank\" rel=\"noopener\"><b>Constance Gay<\/b><\/a> en riant. Dans une s\u00e9rie, rien n&rsquo;est interdit. La preuve avec Pascal Demolon [l\u2019interpr\u00e8te du commissaire Alain Rameau, l\u2019ex-mari de Justine, ndlr], pr\u00e9sent dans la premi\u00e8re saison mais absent de la deuxi\u00e8me et qui revient dans celle-ci. En tout cas, Cl\u00e9ment Aubert [qui joue Ludovic Marty, ndlr], je le retrouve sur le tournage d\u2019<a href=\"https:\/\/www.programme-tv.net\/\/news\/series-tv\/373411-exclu-les-combattantes-camille-lou-annonce-une-mauvaise-nouvelle-pour-la-suite-intitulee-ete-36\/\" target=\"_blank\" rel=\"noopener\">Et\u00e9 36 [la prochaine s\u00e9rie tr\u00e8s attendue de TF1 avec Julie de Bona, Sofia Essa\u00efdi et Nolwenn Leroy, <\/a>ndlr.] \u00c7a me fait super plaisir. C\u2019est toujours hyper dr\u00f4le de retrouver ses partenaires d&rsquo;une autre s\u00e9rie dans une nouvelle. D\u2019autant plus que pour \u00c9t\u00e9 36, on, a des r\u00f4les tr\u00e8s diff\u00e9rents. \u00c7a c\u2019est vraiment chouette. Mais oui, Marty, on l\u2019adore, on aimerait bien qu\u2019il revienne !\u00a0\u00bb <\/p>\n<p>                        Face \u00e0 face : \u00ab\u00a0Marty reviendra s\u00fbrement\u2026\u00a0\u00bb Claire Borotra ne se mouille pas beaucoup plus que sa partenaire<\/p>\n<p>S\u00e9par\u00e9 de Justine, qui ne semble pas encline \u00e0 lui pardonner ses mensonges, le commandant Marty d\u00e9cide de changer d\u2019air, loin de Strasbourg. Claire Borotra, l\u2019interpr\u00e8te de la juge Rameau qui a donc eu une aventure avec Marty dans la deuxi\u00e8me saison, n\u2019en d\u00e9voilera pas davantage que sa partenaire et pr\u00e9serve le myst\u00e8re quant \u00e0 un retour possible du capitaine de police dans la s\u00e9rie de France 3. \u00ab\u00a0Marty reviendra s\u00fbrement \u00e0 un moment donn\u00e9. On ne peut pas avoir tout le monde tout le temps : les gens viennent et partent aussi en fonction de leur emploi du temps. Mais on les regrette quand ils ne reviennent pas\u00a0\u00bb, conclut la com\u00e9dienne.<\/p>\n","protected":false},"excerpt":{"rendered":"Au cours du second \u00e9pisode In\u00e9dit de Face \u00e0 face diffus\u00e9 ce mardi 24 avril, Ludovic Marty annonce&hellip;\n","protected":false},"author":2,"featured_media":45671,"comment_status":"","ping_status":"","sticky":false,"template":"","format":"standard","meta":{"footnotes":""},"categories":[1356],"tags":[1409,13467,244,2174,58,59,13468,1011,27,876,2173,252,1364],"class_list":{"0":"post-45670","1":"post","2":"type-post","3":"status-publish","4":"format-standard","5":"has-post-thumbnail","7":"category-television","8":"tag-bande-annonce","9":"tag-claire-borotra","10":"tag-commentaire","11":"tag-constance-gay","12":"tag-divertissement","13":"tag-entertainment","14":"tag-face-u00e0-face","15":"tag-fr","16":"tag-france","17":"tag-france-3","18":"tag-interview","19":"tag-television","20":"tag-tv"},"share_on_mastodon":{"url":"https:\/\/pubeurope.com\/@fr\/114385390414632440","error":""},"_links":{"self":[{"href":"https:\/\/www.europesays.com\/fr\/wp-json\/wp\/v2\/posts\/45670","targetHints":{"allow":["GET"]}}],"collection":[{"href":"https:\/\/www.europesays.com\/fr\/wp-json\/wp\/v2\/posts"}],"about":[{"href":"https:\/\/www.europesays.com\/fr\/wp-json\/wp\/v2\/types\/post"}],"author":[{"embeddable":true,"href":"https:\/\/www.europesays.com\/fr\/wp-json\/wp\/v2\/users\/2"}],"replies":[{"embeddable":true,"href":"https:\/\/www.europesays.com\/fr\/wp-json\/wp\/v2\/comments?post=45670"}],"version-history":[{"count":0,"href":"https:\/\/www.europesays.com\/fr\/wp-json\/wp\/v2\/posts\/45670\/revisions"}],"wp:featuredmedia":[{"embeddable":true,"href":"https:\/\/www.europesays.com\/fr\/wp-json\/wp\/v2\/media\/45671"}],"wp:attachment":[{"href":"https:\/\/www.europesays.com\/fr\/wp-json\/wp\/v2\/media?parent=45670"}],"wp:term":[{"taxonomy":"category","embeddable":true,"href":"https:\/\/www.europesays.com\/fr\/wp-json\/wp\/v2\/categories?post=45670"},{"taxonomy":"post_tag","embeddable":true,"href":"https:\/\/www.europesays.com\/fr\/wp-json\/wp\/v2\/tags?post=45670"}],"curies":[{"name":"wp","href":"https:\/\/api.w.org\/{rel}","templated":true}]}}