{"id":456706,"date":"2025-10-12T05:46:13","date_gmt":"2025-10-12T05:46:13","guid":{"rendered":"https:\/\/www.europesays.com\/fr\/456706\/"},"modified":"2025-10-12T05:46:13","modified_gmt":"2025-10-12T05:46:13","slug":"grenoble-cette-experimentation-de-la-ville-ne-convainc-pas-les-habitants-de-ce-quartier","status":"publish","type":"post","link":"https:\/\/www.europesays.com\/fr\/456706\/","title":{"rendered":"Grenoble. Cette exp\u00e9rimentation de la Ville ne convainc pas les habitants de ce quartier"},"content":{"rendered":"<p>            Par<br \/>\n        <strong><br \/>\n            <a href=\"https:\/\/actu.fr\/auteur\/lisa-rodrigues\" title=\"Consulter tous les articles de Lisa Rodrigues\" target=\"_blank\" rel=\"noopener\">Lisa Rodrigues<\/a><br \/>\n        <\/strong><\/p>\n<p>        Publi\u00e9 le<\/p>\n<p>            12 oct. 2025 \u00e0 7h08        <\/p>\n<p>C\u2019est la nouveaut\u00e9 de l\u2019\u00e9t\u00e9 2025 dans les parcs municipaux de <a href=\"https:\/\/actu.fr\/auvergne-rhone-alpes\/grenoble_38185\" target=\"_blank\" rel=\"noopener\">Grenoble<\/a>. La Ville a cr\u00e9\u00e9 des <strong>zones de libert\u00e9 pour les chiens<\/strong> o\u00f9 les toutous peuvent gambader librement sans laisse, mais sous la surveillance de leurs ma\u00eetres. Une mesure coupl\u00e9e \u00e0 des moments de m\u00e9diation avec le reste des utilisateurs des parcs concern\u00e9s, les fameuses zones n\u2019\u00e9tant pas physiquement d\u00e9limit\u00e9es par des barri\u00e8res.<br \/>C\u2019est d\u2019ailleurs sur ce dernier point que cela semble coincer du c\u00f4t\u00e9 du <strong>square Roger-Genin<\/strong>, \u00e0 en croire l\u2019Union de quartier Centre-Gares : la cohabitation ne se passerait pas aussi bien qu\u2019esp\u00e9r\u00e9.<\/p>\n<p>Non-respect des r\u00e8gles<\/p>\n<p class=\" wall-content\">D\u2019apr\u00e8s l\u2019Union de quartier, la signalisation mise en place pour aiguiller les propri\u00e9taires de chiens n\u2019emp\u00eacheraient pas certains usagers d\u2019\u00eatre (tr\u00e8s) peu regardants des r\u00e8gles de s\u00e9curit\u00e9.<\/p>\n<p>    <a href=\"https:\/\/www.facebook.com\/plugins\/post.php?href=https%3A%2F%2Fwww.facebook.com%2FUniondeQuartierCentreGares%2Fposts%2Fpfbid0rMH5dfAEfkamqpbnWfLQW1CqMbjfZxxcbTLNgfkspK1Wqvjt5YtXfz7q1Y6U6GSQl&amp;show_text=true&amp;width=350\" title=\"Ouvrie le lien\" target=\"_blank\" rel=\"noopener\">Cliquez ici pour visualiser le contenu<\/a><\/p>\n<p class=\" wall-content\">\u00ab\u00a0On a eu des discussions avec la mairie par le pass\u00e9 sur le sujet. Nous, <strong>on voulait p\u00e9naliser les ma\u00eetres<\/strong> [qui ne respectent pas les r\u00e8gles dans les parcs], la mairie voulait plut\u00f4t faire de la p\u00e9dagogie\u00a0\u00bb, rapporte un membre de l\u2019Union de quartier \u00e0 la r\u00e9daction. Position qui a men\u00e9 cet \u00e9t\u00e9 au lancement de l\u2019exp\u00e9rimentation des zones de libert\u00e9.<\/p>\n<p class=\" wall-content\">Probl\u00e8me : \u00ab\u00a0il y a des gens qui ne respectent pas cette zone\u00a0\u00bb au square Genin et qui laissent leur chien se d\u00e9placer beaucoup plus loin. \u00ab\u00a0On en a qui ont leur animal qui va jusqu\u2019au niveau des jeux pour enfants\u2026 Quand on va les voir, <a href=\"https:\/\/actu.fr\/auvergne-rhone-alpes\/izeaux_38194\/isere-un-jeune-de-17-ans-lache-son-chien-sur-le-maire-et-l-asvp-de-cette-commune_63245288.html\" target=\"_blank\" rel=\"noopener\">certaines personnes peuvent \u00eatre tr\u00e8s agressives<\/a>.\u00a0\u00bb<\/p>\n<p class=\" wall-content\">L\u2019Union de quartier a bien vu que des m\u00e9diateurs de la mairie ont \u00e9t\u00e9 pr\u00e9sents pour expliquer aux propri\u00e9taires les nouvelles r\u00e8gles, en vain.<\/p>\n<p>Les parcs et jardins de Grenoble concern\u00e9s<\/p>\n<p>Les zones de libert\u00e9 pour les chiens ont \u00e9t\u00e9 instaur\u00e9es dans huit parcs et jardins de la Ville de Grenoble : Paul-Mistral, jardin Hoche, Vallier-Catane, square Roger-Genin, Champs-\u00c9lys\u00e9es, Pompidou, berges de l&rsquo;Is\u00e8re et chemin de Halage. <br \/>Au total, ce sont 7 hectares diss\u00e9min\u00e9s \u00e0 travers la ville dans lesquels les toutous peuvent gambader librement.<\/p>\n<p>Votre r\u00e9gion, votre actu !<\/p>\n<p>Recevez chaque jour les infos qui comptent pour vous.<\/p>\n<p>\t<a href=\"https:\/\/actu.fr\/newsletter\" class=\"ac-btn ac-btn--corner ac-btn--medium ac-btn--blue800\" target=\"_blank\" rel=\"noopener\">S&rsquo;incrire<\/a><br \/>\n\u00ab\u00a0\u00c0 ce stade, les retours du terrain sont positifs\u00a0\u00bb<\/p>\n<p class=\" wall-content\">D\u2019apr\u00e8s les informations de la r\u00e9daction, seul le square Genin serait concern\u00e9 par ce probl\u00e8me de cohabitation.\u00a0Contact\u00e9e, la Ville de Grenoble indique \u00ab\u00a0qu\u2019une <strong>attention sp\u00e9cifique<\/strong> sera port\u00e9e\u00a0\u00bb sur ce parc.<\/p>\n<p>    <a href=\"https:\/\/www.google.com\/maps\/embed?pb=!1m18!1m12!1m3!1d2811.912642852361!2d5.7135368761355565!3d45.18886457107075!2m3!1f0!2f0!3f0!3m2!1i1024!2i768!4f13.1!3m3!1m2!1s0x478af563a58e9441%3A0x23a1b45c4ac4e2ba!2sSquare%20Roger%20Genin!5e0!3m2!1sfr!2sfr!4v1760017397495!5m2!1sfr!2sfr\" title=\"Ouvrie le lien\" target=\"_blank\" rel=\"noopener\">Cliquez ici pour visualiser le contenu<\/a><\/p>\n<p class=\" wall-content\">Les services de la mairie rappellent que l\u2019exp\u00e9rimentation des zones de libert\u00e9 pour les chiens doit durer un an et qu\u2019elle \u00ab\u00a0fera l\u2019objet d\u2019un bilan complet \u00e0 son terme\u00a0\u00bb.\u00a0<\/p>\n<blockquote class=\"ac-article-quote wall-content\">\n<p>\u00c0 ce stade, les retours du terrain sont positifs. Les \u00e9quipes de la Ville restent attentives et \u00e0 l\u2019\u00e9coute des habitant\u00b7es, et des ajustements pourront \u00eatre apport\u00e9s si n\u00e9cessaire.<\/p>\n<p>    <strong>Mairie de Grenoble<\/strong>\n            <\/p><\/blockquote>\n<p class=\" wall-content\">Outre l\u2019affichage et les m\u00e9diateurs d\u00e9ploy\u00e9s dans les parcs et jardins concern\u00e9s par le dispositif, \u00ab\u00a0la police municipale effectue des passages r\u00e9guliers afin de veiller \u00e0 [la] bonne application\u00a0\u00bb des r\u00e8gles.<\/p>\n<p class=\" wall-content\">\u00ab\u00a0La Ville compte sur <strong>le sens des responsabilit\u00e9s<\/strong> des gardiens de chiens comme de l\u2019ensemble des usagers pour garantir la r\u00e9ussite et la p\u00e9rennisation de cette exp\u00e9rimentation.\u00a0\u00bb<\/p>\n<p class=\" wall-content\">Personnalisez votre actualit\u00e9 en ajoutant vos villes et m\u00e9dias en favori avec <a href=\"https:\/\/moncompte.actu.fr\" title=\"D\u00e9couvez Mon Actu\" rel=\"nofollow noopener\" data-trk=\"{&quot;cta&quot;:{&quot;action&quot;:&quot;https:\\\/\\\/moncompte.actu.fr&quot;,&quot;category&quot;:&quot;mon compte&quot;,&quot;from&quot;:&quot;article footer&quot;,&quot;name&quot;:&quot;Mon actu&quot;,&quot;type&quot;:&quot;cta&quot;}}\" target=\"_blank\">Mon Actu<\/a>.<\/p>\n","protected":false},"excerpt":{"rendered":"Par Lisa Rodrigues Publi\u00e9 le 12 oct. 2025 \u00e0 7h08 C\u2019est la nouveaut\u00e9 de l\u2019\u00e9t\u00e9 2025 dans les&hellip;\n","protected":false},"author":2,"featured_media":456707,"comment_status":"","ping_status":"","sticky":false,"template":"","format":"standard","meta":{"footnotes":""},"categories":[9566],"tags":[1111,11,1867,2430,4850,1777,674,1011,27,2731,12,25,104],"class_list":{"0":"post-456706","1":"post","2":"type-post","3":"status-publish","4":"format-standard","5":"has-post-thumbnail","7":"category-grenoble","8":"tag-actu","9":"tag-actualites","10":"tag-animaux","11":"tag-auvergne-rhone-alpes","12":"tag-chien","13":"tag-eu","14":"tag-europe","15":"tag-fr","16":"tag-france","17":"tag-grenoble","18":"tag-news","19":"tag-republique-francaise","20":"tag-societe"},"share_on_mastodon":{"url":"https:\/\/pubeurope.com\/@fr\/115359618390808039","error":""},"_links":{"self":[{"href":"https:\/\/www.europesays.com\/fr\/wp-json\/wp\/v2\/posts\/456706","targetHints":{"allow":["GET"]}}],"collection":[{"href":"https:\/\/www.europesays.com\/fr\/wp-json\/wp\/v2\/posts"}],"about":[{"href":"https:\/\/www.europesays.com\/fr\/wp-json\/wp\/v2\/types\/post"}],"author":[{"embeddable":true,"href":"https:\/\/www.europesays.com\/fr\/wp-json\/wp\/v2\/users\/2"}],"replies":[{"embeddable":true,"href":"https:\/\/www.europesays.com\/fr\/wp-json\/wp\/v2\/comments?post=456706"}],"version-history":[{"count":0,"href":"https:\/\/www.europesays.com\/fr\/wp-json\/wp\/v2\/posts\/456706\/revisions"}],"wp:featuredmedia":[{"embeddable":true,"href":"https:\/\/www.europesays.com\/fr\/wp-json\/wp\/v2\/media\/456707"}],"wp:attachment":[{"href":"https:\/\/www.europesays.com\/fr\/wp-json\/wp\/v2\/media?parent=456706"}],"wp:term":[{"taxonomy":"category","embeddable":true,"href":"https:\/\/www.europesays.com\/fr\/wp-json\/wp\/v2\/categories?post=456706"},{"taxonomy":"post_tag","embeddable":true,"href":"https:\/\/www.europesays.com\/fr\/wp-json\/wp\/v2\/tags?post=456706"}],"curies":[{"name":"wp","href":"https:\/\/api.w.org\/{rel}","templated":true}]}}