{"id":456708,"date":"2025-10-12T05:47:13","date_gmt":"2025-10-12T05:47:13","guid":{"rendered":"https:\/\/www.europesays.com\/fr\/456708\/"},"modified":"2025-10-12T05:47:13","modified_gmt":"2025-10-12T05:47:13","slug":"un-passant-trouve-une-arme-a-feu-par-terre","status":"publish","type":"post","link":"https:\/\/www.europesays.com\/fr\/456708\/","title":{"rendered":"un passant trouve une arme \u00e0 feu par terre"},"content":{"rendered":"<p itemprop=\"description\"><strong>Les rues de l&rsquo;agglom\u00e9ration grenobloise sont pleines de surprises.<\/strong><\/p>\n<p>Ce samedi \u00e0 la mi-journ\u00e9e, un passant a d\u00e9couvert une arme \u00e0 feu par terre, avenue Elise Grappe \u00e0 Saint-Martin-d&rsquo;H\u00e8res.<br \/>Imm\u00e9diatement pr\u00e9venus, les policiers ont saisi le pistolet qui n&rsquo;\u00e9tait pas charg\u00e9.<\/p>\n<p>Des analyses seront r\u00e9alis\u00e9es sur la crosse et le reste de l&rsquo;arme de poing, afin d&rsquo;\u00e9ventuellement identifier des individus qui l&rsquo;ont eu en main et qui l&rsquo;ont laiss\u00e9e au sol dans ce secteur \u00e0 proximit\u00e9 du parc Jo-Blachon.<\/p>\n","protected":false},"excerpt":{"rendered":"Les rues de l&rsquo;agglom\u00e9ration grenobloise sont pleines de surprises. Ce samedi \u00e0 la mi-journ\u00e9e, un passant a d\u00e9couvert&hellip;\n","protected":false},"author":2,"featured_media":456709,"comment_status":"","ping_status":"","sticky":false,"template":"","format":"standard","meta":{"footnotes":""},"categories":[9566],"tags":[1111,11,2813,2430,1109,251,1112,2811,1777,674,118,1011,27,21780,2731,14004,1922,1110,1114,108,12,316,25,2812,517,800],"class_list":{"0":"post-456708","1":"post","2":"type-post","3":"status-publish","4":"format-standard","5":"has-post-thumbnail","7":"category-grenoble","8":"tag-actu","9":"tag-actualites","10":"tag-article","11":"tag-auvergne-rhone-alpes","12":"tag-breves","13":"tag-culture","14":"tag-depeches","15":"tag-economique","16":"tag-eu","17":"tag-europe","18":"tag-faits-divers","19":"tag-fr","20":"tag-france","21":"tag-gf38","22":"tag-grenoble","23":"tag-grenoblemag","24":"tag-info","25":"tag-informations","26":"tag-infos","27":"tag-isere","28":"tag-news","29":"tag-politique","30":"tag-republique-francaise","31":"tag-sociale","32":"tag-sport","33":"tag-transports"},"share_on_mastodon":{"url":"https:\/\/pubeurope.com\/@fr\/115359622385024538","error":""},"_links":{"self":[{"href":"https:\/\/www.europesays.com\/fr\/wp-json\/wp\/v2\/posts\/456708","targetHints":{"allow":["GET"]}}],"collection":[{"href":"https:\/\/www.europesays.com\/fr\/wp-json\/wp\/v2\/posts"}],"about":[{"href":"https:\/\/www.europesays.com\/fr\/wp-json\/wp\/v2\/types\/post"}],"author":[{"embeddable":true,"href":"https:\/\/www.europesays.com\/fr\/wp-json\/wp\/v2\/users\/2"}],"replies":[{"embeddable":true,"href":"https:\/\/www.europesays.com\/fr\/wp-json\/wp\/v2\/comments?post=456708"}],"version-history":[{"count":0,"href":"https:\/\/www.europesays.com\/fr\/wp-json\/wp\/v2\/posts\/456708\/revisions"}],"wp:featuredmedia":[{"embeddable":true,"href":"https:\/\/www.europesays.com\/fr\/wp-json\/wp\/v2\/media\/456709"}],"wp:attachment":[{"href":"https:\/\/www.europesays.com\/fr\/wp-json\/wp\/v2\/media?parent=456708"}],"wp:term":[{"taxonomy":"category","embeddable":true,"href":"https:\/\/www.europesays.com\/fr\/wp-json\/wp\/v2\/categories?post=456708"},{"taxonomy":"post_tag","embeddable":true,"href":"https:\/\/www.europesays.com\/fr\/wp-json\/wp\/v2\/tags?post=456708"}],"curies":[{"name":"wp","href":"https:\/\/api.w.org\/{rel}","templated":true}]}}