{"id":456710,"date":"2025-10-12T05:48:12","date_gmt":"2025-10-12T05:48:12","guid":{"rendered":"https:\/\/www.europesays.com\/fr\/456710\/"},"modified":"2025-10-12T05:48:12","modified_gmt":"2025-10-12T05:48:12","slug":"ancien-haut-lieu-du-tourisme-a-rennes-quest-devenu-le-grand-bazar-parisien","status":"publish","type":"post","link":"https:\/\/www.europesays.com\/fr\/456710\/","title":{"rendered":"Ancien haut lieu du tourisme \u00e0 Rennes, qu\u2019est devenu le Grand bazar parisien\u00a0?"},"content":{"rendered":"<p>Au bonheur des clients<\/p>\n<p>Tout, tout, tout\u2026 Vous trouverez tout au Grand bazar parisien. Construit en 1890, ce haut lieu des emplettes rennaises affiche la marchandise d\u00e8s l\u2019entr\u00e9e, dont les \u00e9tals festonnent la rue Rallier-du-Baty. \u00c0 l\u2019int\u00e9rieur, on trouve du mat\u00e9riel de cuisine, des bicyclettes et de la papeterie, mais aussi des kilom\u00e8tres de tissus.<\/p>\n<p><a class=\"tlg-kiosque tlg-kiosque-rennes gtm-kiosque-rennes\" href=\"https:\/\/www.lemensuel.com\/rennes\" target=\"_blank\" rel=\"nofollow noopener\"><img decoding=\"async\" src=\"https:\/\/www.europesays.com\/fr\/wp-content\/uploads\/2025\/10\/MDR_une_complete.png\" alt=\"Couverture Mensuel Rennes\"\/><\/p>\n<p>Le Mensuel de Rennes<\/p>\n<p>Magazine curieux et (im)pertinent !<\/p>\n<p>D\u00e9couvrez<\/a>Inventaire \u00e0 la Pr\u00e9vert<\/p>\n<p>Le Grand bazar parisien vante la diversit\u00e9 de ses produits \u00e0 grands coups d\u2019encarts g\u00e9ants dans la presse locale. En 1907, on pouvait y acheter des serviettes moleskine (qualit\u00e9 extra, avec soufflets et huit \u0153illets d\u2019arr\u00eat), des gibeci\u00e8res mouton chagrin noir, des porte-musique en p\u00e9gamo\u00efd, des stylographes \u00e0 pompe, des balmorals cro\u00fbte cir\u00e9e, des lampes de piano demi-cristal, des lave-ponts, des chambres noires, des fers \u00e0 glacer\u2026<\/p>\n<p>Un voyage lunaire<\/p>\n<p>En hiver 1903, le Grand bazar accueille un \u00e9v\u00e9nement exceptionnel : une s\u00e9ance de cin\u00e9ma. Et ce n\u2018est pas n\u2019importe quel film : Le Voyage dans la Lune, de Georges M\u00e9li\u00e8s, pionnier de la science-fiction sur grand \u00e9cran. L\u2019Ouest-\u00e9clair (11\/12\/1903) s\u2019extasie devant la sc\u00e8ne devenue culte, o\u00f9 on voit \u00ab l\u2019obus gigantesque des astronomes arriver dans l\u2019\u0153il de la Lune \u00bb. Une salle pr\u00e9vue pour 300 spectateurs est am\u00e9nag\u00e9e \u00e0 cet effet. Install\u00e9 au 2e \u00e9tage, ce \u00ab cin\u00e9matographe \u00bb attire une foule consid\u00e9rable. Joli coup de pub !<\/p>\n<p>D\u00e9sormais une banque<\/p>\n<p>En 1930, le Grand bazar d\u00e9m\u00e9nage sur les quais et devient les Nouvelles galeries, aujourd\u2019hui Galeries Lafayette. L\u2019emplacement est occup\u00e9 depuis 1991 par la BNP, qui a fait construire pour l\u2019occasion un immeuble tout neuf. Con\u00e7u par l\u2019architecte Alain Richard, il allie \u00ab tradition et modernit\u00e9 \u00bb et communique fi\u00e8rement sur ses \u00ab 154 micro-ordinateurs \u00bb, signe ostentatoire de rapidit\u00e9 et d\u2019efficacit\u00e9 \u00e0 l\u2019\u00e9poque (Armor magazine, mars 1991).<\/p>\n","protected":false},"excerpt":{"rendered":"Au bonheur des clients Tout, tout, tout\u2026 Vous trouverez tout au Grand bazar parisien. Construit en 1890, ce&hellip;\n","protected":false},"author":2,"featured_media":456711,"comment_status":"","ping_status":"","sticky":false,"template":"","format":"standard","meta":{"footnotes":""},"categories":[2821],"tags":[1111,11,829,1777,674,1011,27,848,12,584,25],"class_list":{"0":"post-456710","1":"post","2":"type-post","3":"status-publish","4":"format-standard","5":"has-post-thumbnail","7":"category-rennes","8":"tag-actu","9":"tag-actualites","10":"tag-bretagne","11":"tag-eu","12":"tag-europe","13":"tag-fr","14":"tag-france","15":"tag-ille-et-vilaine","16":"tag-news","17":"tag-rennes","18":"tag-republique-francaise"},"share_on_mastodon":{"url":"https:\/\/pubeurope.com\/@fr\/115359626818022899","error":""},"_links":{"self":[{"href":"https:\/\/www.europesays.com\/fr\/wp-json\/wp\/v2\/posts\/456710","targetHints":{"allow":["GET"]}}],"collection":[{"href":"https:\/\/www.europesays.com\/fr\/wp-json\/wp\/v2\/posts"}],"about":[{"href":"https:\/\/www.europesays.com\/fr\/wp-json\/wp\/v2\/types\/post"}],"author":[{"embeddable":true,"href":"https:\/\/www.europesays.com\/fr\/wp-json\/wp\/v2\/users\/2"}],"replies":[{"embeddable":true,"href":"https:\/\/www.europesays.com\/fr\/wp-json\/wp\/v2\/comments?post=456710"}],"version-history":[{"count":0,"href":"https:\/\/www.europesays.com\/fr\/wp-json\/wp\/v2\/posts\/456710\/revisions"}],"wp:featuredmedia":[{"embeddable":true,"href":"https:\/\/www.europesays.com\/fr\/wp-json\/wp\/v2\/media\/456711"}],"wp:attachment":[{"href":"https:\/\/www.europesays.com\/fr\/wp-json\/wp\/v2\/media?parent=456710"}],"wp:term":[{"taxonomy":"category","embeddable":true,"href":"https:\/\/www.europesays.com\/fr\/wp-json\/wp\/v2\/categories?post=456710"},{"taxonomy":"post_tag","embeddable":true,"href":"https:\/\/www.europesays.com\/fr\/wp-json\/wp\/v2\/tags?post=456710"}],"curies":[{"name":"wp","href":"https:\/\/api.w.org\/{rel}","templated":true}]}}