{"id":456712,"date":"2025-10-12T05:49:10","date_gmt":"2025-10-12T05:49:10","guid":{"rendered":"https:\/\/www.europesays.com\/fr\/456712\/"},"modified":"2025-10-12T05:49:10","modified_gmt":"2025-10-12T05:49:10","slug":"cette-nounou-recoit-une-belle-surprise-pour-son-depart-en-retraite","status":"publish","type":"post","link":"https:\/\/www.europesays.com\/fr\/456712\/","title":{"rendered":"cette nounou re\u00e7oit une belle surprise pour son d\u00e9part en retraite"},"content":{"rendered":"<p>            Par<br \/>\n        <strong><br \/>\n            <a href=\"https:\/\/actu.fr\/auteur\/redaction-jv\" title=\"Consulter tous les articles de R\u00e9daction Vitr\u00e9\" target=\"_blank\" rel=\"noopener\">R\u00e9daction Vitr\u00e9<\/a><br \/>\n        <\/strong><\/p>\n<p>        Publi\u00e9 le<\/p>\n<p>            12 oct. 2025 \u00e0 7h10        <\/p>\n<p>Une belle surprise pour le d\u00e9part en retraite de <b>\u00ab\u2009Tata Gis\u00e8le\u2009\u00bb<\/b> \u00e0 <b>Ch\u00e2teaubourg<\/b> (Ille-et-Vilaine).<\/p>\n<p class=\" wall-content\">Apr\u00e8s <b>plus de 35\u00a0ans<\/b> pass\u00e9s \u00e0 choyer les tout-petits sur la commune, \u00ab\u2009Tata Gis\u00e8le\u2009\u00bb, <b>assistante maternelle<\/b> bien connue, a eu droit \u00e0 une f\u00eate surprise pour marquer son d\u00e9part \u00e0 la retraite.<\/p>\n<p>Depuis le Canada<\/p>\n<p class=\" wall-content\">Pr\u00e9par\u00e9e depuis plusieurs mois par son mari et ses enfants, la journ\u00e9e a r\u00e9uni <b>une vingtaine d\u2019enfants,<\/b> soit environ la moiti\u00e9 de ceux qu\u2019elle a gard\u00e9s.<\/p>\n<p class=\" wall-content\">Certains, aujourd\u2019hui install\u00e9s loin, jusqu\u2019au Canada, ont tenu \u00e0 participer \u00e0 distance \u00e0 travers de touchantes vid\u00e9os de remerciements.<\/p>\n<p class=\" wall-content\">Entre rires, larmes et retrouvailles, la surprise a \u00e9t\u00e9 riche en \u00e9motions.<\/p>\n<p class=\" wall-content\">Personnalisez votre actualit\u00e9 en ajoutant vos villes et m\u00e9dias en favori avec <a href=\"https:\/\/moncompte.actu.fr\" title=\"D\u00e9couvez Mon Actu\" rel=\"nofollow noopener\" data-trk=\"{&quot;cta&quot;:{&quot;action&quot;:&quot;https:\\\/\\\/moncompte.actu.fr&quot;,&quot;category&quot;:&quot;mon compte&quot;,&quot;from&quot;:&quot;article footer&quot;,&quot;name&quot;:&quot;Mon actu&quot;,&quot;type&quot;:&quot;cta&quot;}}\" target=\"_blank\">Mon Actu<\/a>.<\/p>\n","protected":false},"excerpt":{"rendered":"Par R\u00e9daction Vitr\u00e9 Publi\u00e9 le 12 oct. 2025 \u00e0 7h10 Une belle surprise pour le d\u00e9part en retraite&hellip;\n","protected":false},"author":2,"featured_media":456713,"comment_status":"","ping_status":"","sticky":false,"template":"","format":"standard","meta":{"footnotes":""},"categories":[2821],"tags":[1111,11,829,1777,674,1011,27,12,10585,584,25,104],"class_list":{"0":"post-456712","1":"post","2":"type-post","3":"status-publish","4":"format-standard","5":"has-post-thumbnail","7":"category-rennes","8":"tag-actu","9":"tag-actualites","10":"tag-bretagne","11":"tag-eu","12":"tag-europe","13":"tag-fr","14":"tag-france","15":"tag-news","16":"tag-petite-enfance","17":"tag-rennes","18":"tag-republique-francaise","19":"tag-societe"},"share_on_mastodon":{"url":"https:\/\/pubeurope.com\/@fr\/115359630261662259","error":""},"_links":{"self":[{"href":"https:\/\/www.europesays.com\/fr\/wp-json\/wp\/v2\/posts\/456712","targetHints":{"allow":["GET"]}}],"collection":[{"href":"https:\/\/www.europesays.com\/fr\/wp-json\/wp\/v2\/posts"}],"about":[{"href":"https:\/\/www.europesays.com\/fr\/wp-json\/wp\/v2\/types\/post"}],"author":[{"embeddable":true,"href":"https:\/\/www.europesays.com\/fr\/wp-json\/wp\/v2\/users\/2"}],"replies":[{"embeddable":true,"href":"https:\/\/www.europesays.com\/fr\/wp-json\/wp\/v2\/comments?post=456712"}],"version-history":[{"count":0,"href":"https:\/\/www.europesays.com\/fr\/wp-json\/wp\/v2\/posts\/456712\/revisions"}],"wp:featuredmedia":[{"embeddable":true,"href":"https:\/\/www.europesays.com\/fr\/wp-json\/wp\/v2\/media\/456713"}],"wp:attachment":[{"href":"https:\/\/www.europesays.com\/fr\/wp-json\/wp\/v2\/media?parent=456712"}],"wp:term":[{"taxonomy":"category","embeddable":true,"href":"https:\/\/www.europesays.com\/fr\/wp-json\/wp\/v2\/categories?post=456712"},{"taxonomy":"post_tag","embeddable":true,"href":"https:\/\/www.europesays.com\/fr\/wp-json\/wp\/v2\/tags?post=456712"}],"curies":[{"name":"wp","href":"https:\/\/api.w.org\/{rel}","templated":true}]}}