{"id":456720,"date":"2025-10-12T05:53:23","date_gmt":"2025-10-12T05:53:23","guid":{"rendered":"https:\/\/www.europesays.com\/fr\/456720\/"},"modified":"2025-10-12T05:53:23","modified_gmt":"2025-10-12T05:53:23","slug":"la-candidate-rn-a-la-ville-de-menton-alexandra-masson-a-inaugure-sa-permanence","status":"publish","type":"post","link":"https:\/\/www.europesays.com\/fr\/456720\/","title":{"rendered":"la candidate RN \u00e0 la ville de Menton Alexandra Masson a inaugur\u00e9 sa permanence"},"content":{"rendered":"<p class=\"fs-5 \">Premi\u00e8re candidate \u00e0 inscrire sa permanence dans le paysage mentonnais, Alexandra Masson (Rassemblement national) a ouvert, ce vendredi soir, son local de campagne <strong>situ\u00e9 au 1 rue des Marins devant la place Fornari,<\/strong> tout pr\u00e8s du march\u00e9 des Halles. Une foule amass\u00e9e (environ 500 personnes selon les organisateurs), un parterre d\u2019\u00e9lus sur l\u2019estrade, un DJ pour mettre l\u2019ambiance, une introduction \u00e0 l\u2019am\u00e9ricaine\u2026 l\u2019ouverture du local avait des allures de meeting pour la candidate aux \u00e9lections municipales qui est \u00e9galement d\u00e9put\u00e9e. Cette derni\u00e8re s\u2019est offert un bain de foule avant d\u2019atteindre son pupitre.<\/p>\n<p>                                                                                \u00ab Je continuerai car je suis pers\u00e9v\u00e9rante \u00bb<\/p>\n<p class=\"fs-5 \">Apr\u00e8s une pr\u00e9sentation des \u00e9lus pr\u00e9sents, Alexandra Masson a justifi\u00e9 l\u2019emplacement de sa permanence \u00e0 cet endroit qu\u2019elle consid\u00e8re comme \u00ab le c\u0153ur battant de Menton. C\u2019est l\u00e0 que la vie des Mentonnais se passe, qu\u2019on parle de nos petits tracas comme des grands sujets d\u2019actualit\u00e9. Nous voulons \u00eatre au contact direct et \u00e0 port\u00e9e de voix et de regard. Notre campagne sera celle de la proximit\u00e9, du dialogue et de la transparence. Je veux que cela soit votre permanence, votre maison. Vous y \u00eates les bienvenus. \u00bb Une pr\u00e9cision, salvatrice, la candidate indiquera plus tard que sa campagne se rendra sur les autres secteurs de Menton. \u00ab Je serai partout o\u00f9 on a besoin de nous. \u00bb<\/p>\n<p class=\"fs-5 \">Outre la propret\u00e9 urbaine, les liens transfrontaliers, le patrimoine et la jeunesse, Alexandra Masson d\u00e9voile sans grande surprise que la s\u00e9curit\u00e9 sera l\u2019une de ses priorit\u00e9s. \u00ab Je veux une pr\u00e9sence polici\u00e8re r\u00e9elle, 365 jours par an, 24 heures sur 24. Une police municipale forte dot\u00e9e de moyens modernes et des effectifs humains \u00e0 la hauteur des enjeux. Install\u00e9s dans la Villa Mathilde, les policiers nationaux souffrent de la v\u00e9tust\u00e9 du b\u00e2ti. Comme d\u00e9put\u00e9e, j\u2019ai demand\u00e9 \u00e0 plusieurs reprises des renforts et la r\u00e9novation du b\u00e2ti. Je continuerai car je suis pers\u00e9v\u00e9rante. \u00bb<\/p>\n","protected":false},"excerpt":{"rendered":"Premi\u00e8re candidate \u00e0 inscrire sa permanence dans le paysage mentonnais, Alexandra Masson (Rassemblement national) a ouvert, ce vendredi&hellip;\n","protected":false},"author":2,"featured_media":456721,"comment_status":"","ping_status":"","sticky":false,"template":"","format":"standard","meta":{"footnotes":""},"categories":[2819],"tags":[1111,11,1777,674,1011,27,3434,12,2401,882,25],"class_list":{"0":"post-456720","1":"post","2":"type-post","3":"status-publish","4":"format-standard","5":"has-post-thumbnail","7":"category-nice","8":"tag-actu","9":"tag-actualites","10":"tag-eu","11":"tag-europe","12":"tag-fr","13":"tag-france","14":"tag-municipales-2026","15":"tag-news","16":"tag-nice","17":"tag-provence-alpes-cote-dazur","18":"tag-republique-francaise"},"share_on_mastodon":{"url":"https:\/\/pubeurope.com\/@fr\/115359645920256941","error":""},"_links":{"self":[{"href":"https:\/\/www.europesays.com\/fr\/wp-json\/wp\/v2\/posts\/456720","targetHints":{"allow":["GET"]}}],"collection":[{"href":"https:\/\/www.europesays.com\/fr\/wp-json\/wp\/v2\/posts"}],"about":[{"href":"https:\/\/www.europesays.com\/fr\/wp-json\/wp\/v2\/types\/post"}],"author":[{"embeddable":true,"href":"https:\/\/www.europesays.com\/fr\/wp-json\/wp\/v2\/users\/2"}],"replies":[{"embeddable":true,"href":"https:\/\/www.europesays.com\/fr\/wp-json\/wp\/v2\/comments?post=456720"}],"version-history":[{"count":0,"href":"https:\/\/www.europesays.com\/fr\/wp-json\/wp\/v2\/posts\/456720\/revisions"}],"wp:featuredmedia":[{"embeddable":true,"href":"https:\/\/www.europesays.com\/fr\/wp-json\/wp\/v2\/media\/456721"}],"wp:attachment":[{"href":"https:\/\/www.europesays.com\/fr\/wp-json\/wp\/v2\/media?parent=456720"}],"wp:term":[{"taxonomy":"category","embeddable":true,"href":"https:\/\/www.europesays.com\/fr\/wp-json\/wp\/v2\/categories?post=456720"},{"taxonomy":"post_tag","embeddable":true,"href":"https:\/\/www.europesays.com\/fr\/wp-json\/wp\/v2\/tags?post=456720"}],"curies":[{"name":"wp","href":"https:\/\/api.w.org\/{rel}","templated":true}]}}