{"id":456724,"date":"2025-10-12T05:55:29","date_gmt":"2025-10-12T05:55:29","guid":{"rendered":"https:\/\/www.europesays.com\/fr\/456724\/"},"modified":"2025-10-12T05:55:29","modified_gmt":"2025-10-12T05:55:29","slug":"fc-nantes-louis-leroux-regale-avec-les-espoirs-video","status":"publish","type":"post","link":"https:\/\/www.europesays.com\/fr\/456724\/","title":{"rendered":"FC Nantes\u00a0: Louis Leroux r\u00e9gale avec les Espoirs\u00a0! (vid\u00e9o)"},"content":{"rendered":"<p><strong>Le Nantais a fait parler sa qualit\u00e9 devant le but \u00e0 l\u2019entra\u00eenement de l\u2019\u00e9quipe de France Espoirs.<\/strong><\/p>\n<p>A 19 ans, Louis Leroux confirme son potentiel depuis le d\u00e9but de la saison, que ce soit avec le FC Nantes, au milieu ou au poste de lat\u00e9ral gauche, ou avec les Espoirs.<\/p>\n<p>Leroux tr\u00e8s adroit \u00e0 l\u2019entra\u00eenement<\/p>\n<p>Le 8 septembre, lors d\u2019un match amical contre la Serbie, le Nantais avait inscrit son premier but avec les Bleuets. Il est entr\u00e9 en jeu hier soir avec l\u2019\u00e9quipe de G\u00e9rald Baticle lors de la large victoire sur le terrain de Iles F\u00e9ro\u00e9 (6-0). Et en marge de ce match, la FFF publie une vid\u00e9o des Bleuets o\u00f9 on voit les joueurs encha\u00eener les frappes \u00e0 l\u2019entra\u00eenement. Une s\u00e9ance lors de laquelle Leroux se montre particuli\u00e8rement adroit, enquillant les buts du gauche.<\/p>\n<blockquote class=\"instagram-media\" data-instgrm-captioned=\"\" data-instgrm-permalink=\"https:\/\/www.instagram.com\/reel\/DPn3TsbDNtQ\/?utm_source=ig_embed&amp;utm_campaign=loading\" data-instgrm-version=\"14\" style=\"background:#FFF;border:0;border-radius:3px;box-shadow:0 0 1px 0 rgba(0,0,0,0.5),0 1px 10px 0 rgba(0,0,0,0.15);margin:1px;max-width:540px;min-width:326px;padding:0;width:calc(100% - 2px)\"\/>\n<p><script async src=\"\/\/www.instagram.com\/embed.js\"><\/script><\/p>\n","protected":false},"excerpt":{"rendered":"Le Nantais a fait parler sa qualit\u00e9 devant le but \u00e0 l\u2019entra\u00eenement de l\u2019\u00e9quipe de France Espoirs. A&hellip;\n","protected":false},"author":2,"featured_media":456725,"comment_status":"","ping_status":"","sticky":false,"template":"","format":"standard","meta":{"footnotes":""},"categories":[2818],"tags":[1111,11,448,1777,674,63,1011,27,66,3388,766,12,2636,25,10662],"class_list":{"0":"post-456724","1":"post","2":"type-post","3":"status-publish","4":"format-standard","5":"has-post-thumbnail","7":"category-nantes","8":"tag-actu","9":"tag-actualites","10":"tag-champions-league","11":"tag-eu","12":"tag-europe","13":"tag-football","14":"tag-fr","15":"tag-france","16":"tag-ligue-1","17":"tag-matchs","18":"tag-nantes","19":"tag-news","20":"tag-pays-de-la-loire","21":"tag-republique-francaise","22":"tag-transferts"},"share_on_mastodon":{"url":"https:\/\/pubeurope.com\/@fr\/115359653810772223","error":""},"_links":{"self":[{"href":"https:\/\/www.europesays.com\/fr\/wp-json\/wp\/v2\/posts\/456724","targetHints":{"allow":["GET"]}}],"collection":[{"href":"https:\/\/www.europesays.com\/fr\/wp-json\/wp\/v2\/posts"}],"about":[{"href":"https:\/\/www.europesays.com\/fr\/wp-json\/wp\/v2\/types\/post"}],"author":[{"embeddable":true,"href":"https:\/\/www.europesays.com\/fr\/wp-json\/wp\/v2\/users\/2"}],"replies":[{"embeddable":true,"href":"https:\/\/www.europesays.com\/fr\/wp-json\/wp\/v2\/comments?post=456724"}],"version-history":[{"count":0,"href":"https:\/\/www.europesays.com\/fr\/wp-json\/wp\/v2\/posts\/456724\/revisions"}],"wp:featuredmedia":[{"embeddable":true,"href":"https:\/\/www.europesays.com\/fr\/wp-json\/wp\/v2\/media\/456725"}],"wp:attachment":[{"href":"https:\/\/www.europesays.com\/fr\/wp-json\/wp\/v2\/media?parent=456724"}],"wp:term":[{"taxonomy":"category","embeddable":true,"href":"https:\/\/www.europesays.com\/fr\/wp-json\/wp\/v2\/categories?post=456724"},{"taxonomy":"post_tag","embeddable":true,"href":"https:\/\/www.europesays.com\/fr\/wp-json\/wp\/v2\/tags?post=456724"}],"curies":[{"name":"wp","href":"https:\/\/api.w.org\/{rel}","templated":true}]}}