{"id":456727,"date":"2025-10-12T05:57:16","date_gmt":"2025-10-12T05:57:16","guid":{"rendered":"https:\/\/www.europesays.com\/fr\/456727\/"},"modified":"2025-10-12T05:57:16","modified_gmt":"2025-10-12T05:57:16","slug":"blanzy-a-61-ans-il-fait-bordeaux-bilbao-a-velo-pour-se-preparer-a-lune-des-courses-les-plus-dures-au-monde","status":"publish","type":"post","link":"https:\/\/www.europesays.com\/fr\/456727\/","title":{"rendered":"Blanzy. \u00c0 61 ans, il fait Bordeaux-Bilbao \u00e0 v\u00e9lo pour se pr\u00e9parer \u00e0 l\u2019une des courses les plus dures au monde"},"content":{"rendered":"<p class=\"insetTitle\">Blanzy &#8211; \u00ab\u00a0Ce n\u2019est pas parce qu\u2019on a des probl\u00e8mes qu\u2019on ne peut pas faire de belles choses\u00a0\u00bb<\/p>\n<p>En 2001, Gilles Penot est victime d\u2019un grave accident lors d\u2019une course cycliste. \u00ab\u00a0C\u2019\u00e9tait sur l\u2019Ard\u00e9choise. J\u2019ai eu la colonne vert\u00e9brale cass\u00e9e. Je ne suis pas pass\u00e9 loin de continuer ma vie en fauteuil roulant.\u00a0\u00bb Depuis, le Blanzynois a cherch\u00e9 des solutions pour se remettre en selle. Ce sportif pratiquait d\u00e9j\u00e0 le cyclisme depuis une dizaine d\u2019ann\u00e9es et s\u2019\u00e9tait aussi essay\u00e9 au football et \u00e0 la course \u00e0 pied.<\/p>\n<p>\u00ab\u00a0Pour le v\u00e9lo, j\u2019avais commenc\u00e9 par le VTT, puis j\u2019ai fait beaucoup de montagne, avant de me mettre \u00e0 l\u2019ultra distance.\u00a0\u00bb En 2021, il se fait fabriquer son v\u00e9lo en bambou par un artisan, aux normes mais sur mesure, et surtout plus confortable qu\u2019un v\u00e9lo classique. \u00ab \u00c7a change tout\u00a0! Il est l\u00e9g\u00e8rement plus lourd, mais il amortit beaucoup mieux les chocs. C\u2019est ce qui me permet d\u2019amoindrir les douleurs au dos, de continuer le v\u00e9lo et de me lancer dans des ultradistances. Ce n\u2019est pas parce qu\u2019on a des probl\u00e8mes qu\u2019on ne peut pas faire de belles choses\u00a0!\u00a0\u00bb \u00c0\u00a061 ans, il estime qu\u2019il a parcouru environ 50\u00a0000\u00a0km sur le v\u00e9lo en bambou qu\u2019il poss\u00e8de depuis quatre ann\u00e9es et qui vaut environ 5\u00a0000\u00a0euros \u00e0 l\u2019achat.<\/p>\n<p>\u00ab\u00a0Avec la volont\u00e9, on peut tout faire\u00a0!\u00a0\u00bb<\/p>\n<p>Parmi ses courses ultra-longues, la Paris-Brest-Paris de 1\u00a0200\u00a0km, Paris-Bordeaux, Blanzy-N\u00eemes, Angers-Blanzy, la Race Across Paris de 500\u00a0km, la Race Across France o\u00f9 il est venu \u00e0 bout de 1\u00a0000\u00a0km\u2026. Ce qui pla\u00eet tant \u00e0 Gilles dans cette discipline\u00a0? \u00ab\u00a0Le d\u00e9fi. Les ultras, c\u2019est 70\u00a0% de mental et 30\u00a0% de condition physique. Dans la nuit, le froid, la fatigue, on se sent parfois tr\u00e8s seul. Mais quand on franchit la ligne d\u2019arriv\u00e9e, quelle satisfaction\u00a0! J\u2019aime tester mes limites et les repousser. Il ne faut pas se comparer aux autres. Je roule \u00e0 mon allure. Je viens juste montrer qu\u2019avec la volont\u00e9, on peut tout faire.\u00a0\u00bb<\/p>\n<p class=\"insetSignature\">C\u00e9cile Aubry (CLP)<\/p>\n","protected":false},"excerpt":{"rendered":"Blanzy &#8211; \u00ab\u00a0Ce n\u2019est pas parce qu\u2019on a des probl\u00e8mes qu\u2019on ne peut pas faire de belles choses\u00a0\u00bb&hellip;\n","protected":false},"author":2,"featured_media":456728,"comment_status":"","ping_status":"","sticky":false,"template":"","format":"standard","meta":{"footnotes":""},"categories":[2817],"tags":[1111,11,50784,50785,1997,207,12568,1777,674,107,1011,27,1757,12,2219,25,6003,273,517],"class_list":{"0":"post-456727","1":"post","2":"type-post","3":"status-publish","4":"format-standard","5":"has-post-thumbnail","7":"category-bordeaux","8":"tag-actu","9":"tag-actualites","10":"tag-blanzy","11":"tag-blanzy-bassin","12":"tag-bordeaux","13":"tag-cyclisme","14":"tag-edition-montceau-les-mines","15":"tag-eu","16":"tag-europe","17":"tag-fil-info","18":"tag-fr","19":"tag-france","20":"tag-insolite","21":"tag-news","22":"tag-nouvelle-aquitaine","23":"tag-republique-francaise","24":"tag-saone-et-loire","25":"tag-selection-de-la-redaction","26":"tag-sport"},"share_on_mastodon":{"url":"https:\/\/pubeurope.com\/@fr\/115359661715166710","error":""},"_links":{"self":[{"href":"https:\/\/www.europesays.com\/fr\/wp-json\/wp\/v2\/posts\/456727","targetHints":{"allow":["GET"]}}],"collection":[{"href":"https:\/\/www.europesays.com\/fr\/wp-json\/wp\/v2\/posts"}],"about":[{"href":"https:\/\/www.europesays.com\/fr\/wp-json\/wp\/v2\/types\/post"}],"author":[{"embeddable":true,"href":"https:\/\/www.europesays.com\/fr\/wp-json\/wp\/v2\/users\/2"}],"replies":[{"embeddable":true,"href":"https:\/\/www.europesays.com\/fr\/wp-json\/wp\/v2\/comments?post=456727"}],"version-history":[{"count":0,"href":"https:\/\/www.europesays.com\/fr\/wp-json\/wp\/v2\/posts\/456727\/revisions"}],"wp:featuredmedia":[{"embeddable":true,"href":"https:\/\/www.europesays.com\/fr\/wp-json\/wp\/v2\/media\/456728"}],"wp:attachment":[{"href":"https:\/\/www.europesays.com\/fr\/wp-json\/wp\/v2\/media?parent=456727"}],"wp:term":[{"taxonomy":"category","embeddable":true,"href":"https:\/\/www.europesays.com\/fr\/wp-json\/wp\/v2\/categories?post=456727"},{"taxonomy":"post_tag","embeddable":true,"href":"https:\/\/www.europesays.com\/fr\/wp-json\/wp\/v2\/tags?post=456727"}],"curies":[{"name":"wp","href":"https:\/\/api.w.org\/{rel}","templated":true}]}}