{"id":456738,"date":"2025-10-12T06:04:10","date_gmt":"2025-10-12T06:04:10","guid":{"rendered":"https:\/\/www.europesays.com\/fr\/456738\/"},"modified":"2025-10-12T06:04:10","modified_gmt":"2025-10-12T06:04:10","slug":"course-pedestre-algernon-7600-participants-attendus-a-marseille","status":"publish","type":"post","link":"https:\/\/www.europesays.com\/fr\/456738\/","title":{"rendered":"Course p\u00e9destre &#8211; Algernon : 7600 participants attendus \u00e0 Marseille"},"content":{"rendered":"<p>Participer \u00e0 Algernon, c&rsquo;est l&rsquo;assurance de passer un grand moment de sport, de solidarit\u00e9, de partage mais aussi de f\u00eate. Mais pour tous les participants et participants porteurs d&rsquo;un handicap, leurs familles, leurs encadrants c&rsquo;est avant tout un moment unique qu&rsquo;ils attendent depuis longtemps et pour lequel ils ont envie de partager des \u00e9motions que seule cette \u00e9preuve festive unique en France peut procurer.<\/p>\n<p>En toute premi\u00e8re ligne, de nombreuses structures accueillant des personnes en situation de handicap ont fait de ce rendez-vous un \u00e9v\u00e9nement incontournable. L&rsquo;IME (institut m\u00e9dico-\u00e9ducatif) les Tamaris de Bonneveine, qui accueille des jeunes de 6 \u00e0 14 ans, sera <a href=\"https:\/\/www.laprovence.com\/article\/sports\/1122033879901514\/course-pedestre-algernon-un-heritage-a-preserver\" target=\"_blank\" rel=\"noopener\">au d\u00e9part ce dimanche pour la 41e \u00e9dition<\/a>.<\/p>\n<p>\u00ab\u00a0Depuis deux ans, nous participons avec les familles, explique Fr\u00e9d\u00e9ric, \u00e9ducateur.\u00a0\u00ab\u00a0C&rsquo;est l&rsquo;\u00e9mulation que nous voulions construire avec les parents et les \u00e9ducateurs de la structure. Nous serons soixante \u00e0 prendre le d\u00e9part, enfants et accompagnants compris.\u00a0\u00bb\u00a0Un gros d\u00e9fi qui n&rsquo;effraie nullement les \u00e9ducateurs impatients, comme les enfants et les familles, de vivre \u00e0 fond cette journ\u00e9e. \u00ab\u00a0C&rsquo;est une petite logistique \u00e0 mettre en place, mais nous avons tous envie de profiter de tout l&rsquo;aspect attrayant du parcours, avec la musique et toutes les animations. Cette ann\u00e9e, avant de franchir la ligne d&rsquo;arriv\u00e9e, nous allons entrer par la base nautique et passer \u00e0 c\u00f4t\u00e9 des anneaux olympiques et \u00e7\u00e0 c&rsquo;est quelque chose.\u00a0\u00bb<\/p>\n<p>Les membres de la structure de Marquixanes (Pyr\u00e9n\u00e9es orientales), qui s&rsquo;adresse \u00e0 des adultes en situation de handicap mental, sont des fid\u00e8les d&rsquo;Algernon et ne manqueraient pour rien au monde le rendez-vous marseillais. \u00ab\u00a0Nous y participons depuis plus de vingt ans, souligne Ga\u00ebtan leur \u00e9ducateur sportif. C&rsquo;est un rendez-vous incontournable.\u00a0La foule tout le long du parcours, la musique et l&rsquo;arriv\u00e9e sous l&rsquo;arche, c&rsquo;est souvent un trop plein d&rsquo;\u00e9motions qu&rsquo;ils ont du mal \u00e0 canaliser, mais ils en redemandent.\u00a0\u00ab\u00a0<\/p>\n<p>\u00ab\u00a0Quelque chose de tr\u00e8s fort \u00e0 vivre humainement\u00a0\u00bb<\/p>\n<p>Atteinte d&rsquo;une ag\u00e9n\u00e9sie de l&rsquo;avant-bras droit, Claire Verzaux a puis\u00e9 dans la course \u00e0 pied toute la volont\u00e9 qui fait maintenant sa force. Marraine de cette 41e \u00e9dition, la sportive de 39\u00a0ans, qui a d\u00e9j\u00e0 couru des marathons et trails, va d\u00e9couvrir, pour la premi\u00e8re fois, l&rsquo;ambiance unique d&rsquo;Algernon. \u00ab\u00a0J&rsquo;aime cette id\u00e9e d&rsquo;associer dans une \u00e9preuve de course \u00e0 pied cette notion d&rsquo;inclusion et de partage par le sport, confie la marraine de l&rsquo;\u00e9preuve. Je pense que toutes les personnes qui se trouvent en situation de handicap doivent oser se lancer dans ce type d&rsquo;\u00e9preuve d\u00e9di\u00e9e et pourquoi pas se faire accompagner. Le sport apporte tellement de bien-\u00eatre et de d\u00e9livrance qu&rsquo;il ne faut surtout pas h\u00e9siter. J&rsquo;ai vu les vid\u00e9os et des articles d&rsquo;Algernon. J&rsquo;ai compris que c&rsquo;\u00e9tait quelque chose de tr\u00e8s fort \u00e0 vivre humainement et j&rsquo;ai h\u00e2te de d\u00e9couvrir tous ces moments\u00a0\u00bb.<\/p>\n<p>Algernon, dimanche 12 octobre<br \/>D\u00e9parts \u00e0 10h au parc du Pharo (5km et 10km), arriv\u00e9e commune sur les plages du Prado apr\u00e8s avoir emprunt\u00e9 La Corniche qui sera ferm\u00e9e \u00e0 la circulation.<\/p>\n","protected":false},"excerpt":{"rendered":"Participer \u00e0 Algernon, c&rsquo;est l&rsquo;assurance de passer un grand moment de sport, de solidarit\u00e9, de partage mais aussi&hellip;\n","protected":false},"author":2,"featured_media":456739,"comment_status":"","ping_status":"","sticky":false,"template":"","format":"standard","meta":{"footnotes":""},"categories":[2814],"tags":[17,58193,1111,11,58192,17144,6466,1777,674,1011,27,884,12,16756,16882,882,25,60],"class_list":{"0":"post-456738","1":"post","2":"type-post","3":"status-publish","4":"format-standard","5":"has-post-thumbnail","7":"category-marseille","8":"tag-17","9":"tag-58193","10":"tag-actu","11":"tag-actualites","12":"tag-algernon","13":"tag-attendus","14":"tag-course","15":"tag-eu","16":"tag-europe","17":"tag-fr","18":"tag-france","19":"tag-marseille","20":"tag-news","21":"tag-participants","22":"tag-pedestre","23":"tag-provence-alpes-cote-dazur","24":"tag-republique-francaise","25":"tag-sports"},"share_on_mastodon":{"url":"https:\/\/pubeurope.com\/@fr\/115359689188574978","error":""},"_links":{"self":[{"href":"https:\/\/www.europesays.com\/fr\/wp-json\/wp\/v2\/posts\/456738","targetHints":{"allow":["GET"]}}],"collection":[{"href":"https:\/\/www.europesays.com\/fr\/wp-json\/wp\/v2\/posts"}],"about":[{"href":"https:\/\/www.europesays.com\/fr\/wp-json\/wp\/v2\/types\/post"}],"author":[{"embeddable":true,"href":"https:\/\/www.europesays.com\/fr\/wp-json\/wp\/v2\/users\/2"}],"replies":[{"embeddable":true,"href":"https:\/\/www.europesays.com\/fr\/wp-json\/wp\/v2\/comments?post=456738"}],"version-history":[{"count":0,"href":"https:\/\/www.europesays.com\/fr\/wp-json\/wp\/v2\/posts\/456738\/revisions"}],"wp:featuredmedia":[{"embeddable":true,"href":"https:\/\/www.europesays.com\/fr\/wp-json\/wp\/v2\/media\/456739"}],"wp:attachment":[{"href":"https:\/\/www.europesays.com\/fr\/wp-json\/wp\/v2\/media?parent=456738"}],"wp:term":[{"taxonomy":"category","embeddable":true,"href":"https:\/\/www.europesays.com\/fr\/wp-json\/wp\/v2\/categories?post=456738"},{"taxonomy":"post_tag","embeddable":true,"href":"https:\/\/www.europesays.com\/fr\/wp-json\/wp\/v2\/tags?post=456738"}],"curies":[{"name":"wp","href":"https:\/\/api.w.org\/{rel}","templated":true}]}}