{"id":456742,"date":"2025-10-12T06:06:14","date_gmt":"2025-10-12T06:06:14","guid":{"rendered":"https:\/\/www.europesays.com\/fr\/456742\/"},"modified":"2025-10-12T06:06:14","modified_gmt":"2025-10-12T06:06:14","slug":"pres-de-lyon-une-boulangerie-menacee-de-fermeture-a-cause-dun-projet-de-piste-cyclable","status":"publish","type":"post","link":"https:\/\/www.europesays.com\/fr\/456742\/","title":{"rendered":"pr\u00e8s de Lyon, une boulangerie menac\u00e9e de fermeture \u00e0 cause d\u2019un projet de piste cyclable"},"content":{"rendered":"<p>\n    La cr\u00e9ation d\u2019une nouvelle ligne de bus accompagn\u00e9e d\u2019une piste cyclable sur la commune de Bron, dans la m\u00e9tropole de Lyon, menace la p\u00e9rennit\u00e9 de la boulangerie Paneo, dont une partie va \u00eatre expropri\u00e9e.<\/p>\n<p class=\"fig-paragraph\">Cr\u00e9\u00e9e en 2015, la boulangerie Paneo,\u00a0<a href=\"https:\/\/video.lefigaro.fr\/figaro\/le-maire-de-bron-plaide-en-faveur-de-fabrice-balanche-enseignant-denigre-a-lyon-ii-20250419\" data-fig-type=\"Video\" data-gtm-custom-categorie=\"navigation\" data-gtm-custom-action=\"crossclick\" data-gtm-custom-label=\"Contextuel\" data-gtm-event=\"customEventSPE\" data-fig-domain=\"LEFIGARO\" target=\"_blank\" rel=\"noopener\">situ\u00e9e \u00e0 Bron sur la route de Genas<\/a>, est menac\u00e9e de disparition. Le lieu, pris\u00e9 des Brondillants, pourrait \u00eatre amput\u00e9 d\u2019une partie de son parking et d\u2019une de ses annexes \u00e0 cause d\u2019un projet de nouvelle ligne de bus accompagn\u00e9 de sa piste cyclable. L\u2019expropriation, demand\u00e9e par le Sytral, l\u2019op\u00e9rateur des transports dans la m\u00e9tropole lyonnaise, leur a \u00e9t\u00e9 notifi\u00e9e r\u00e9cemment, indique Ali Harbaoui, le propri\u00e9taire des lieux avec son fr\u00e8re Abdelkader. \u00ab\u00c7a va nous amputer d\u2019environ 40% de notre surface. Sans \u00e7a, on ne peut plus exercer\u00bb, se d\u00e9sesp\u00e8re le boulanger qui d\u00e9plore \u00abde ne pas avoir de recours possible\u00bb.<\/p>\n<p class=\"fig-paragraph\">Ce projet de ligne de\u00a0<a href=\"http:\/\/www.lefigaro.fr\/lyon\/un-recours-une-polemique-et-deja-du-retard-pour-le-super-bus-des-ecolos-a-l-est-de-lyon-20241104\" data-fig-type=\"NewsFlash\" data-gtm-custom-categorie=\"navigation\" data-gtm-custom-action=\"crossclick\" data-gtm-custom-label=\"Contextuel\" data-gtm-event=\"customEventSPE\" data-fig-domain=\"LEFIGARO\" target=\"_blank\" rel=\"noopener\">bus \u00e0 haut niveau de service n\u2019est pas nouveau<\/a>\u00a0et figurait d\u00e9j\u00e0 au plan local d\u2019urbanisme lors de pr\u00e9c\u00e9dent mandat. Il a toutefois \u00e9t\u00e9 revu par la majorit\u00e9 \u00e9cologiste actuelle qui y a ajout\u00e9 une voie lyonnaise, son r\u00e9seau de pistes cyclables. C\u2019est l\u2019inclusion de cette piste de 3 m\u00e8tres de large qui a oblig\u00e9 l\u2019op\u00e9rateur a proc\u00e9d\u00e9 \u00e0 des expropriations.<\/p>\n<p class=\"fig-body-link\">\n            \u00c0 lire aussi<br \/>\n        <a class=\"fig-body-link__link\" href=\"http:\/\/www.lefigaro.fr\/lyon\/a-lyon-ces-riverains-craignent-l-expropriation-pour-laisser-passer-un-couloir-de-bus-et-une-piste-cyclable-20230521\" data-fig-type=\"Article\" data-gtm-custom-categorie=\"navigation\" data-gtm-custom-action=\"crossclick\" data-gtm-custom-label=\"Contextuel\" data-gtm-event=\"customEventSPE\" data-fig-domain=\"LEFIGARO\" target=\"_blank\" rel=\"noopener\">\u00c0 Lyon, ces riverains craignent l&rsquo;expropriation pour laisser passer un couloir de bus et une piste cyclable<br \/>\n    <\/a>\n<\/p>\n<p>                                    <a class=\"fig-a11y-skip a11y-hidden\" href=\"#fig-a11y-skip-main-inarticle\"><br \/>\n        Passer la publicit\u00e9<br \/>\n    <\/a><\/p>\n<p>Un jugement d\u00e9finitif attendu en d\u00e9cembre<\/p>\n<p class=\"fig-paragraph\">Contact\u00e9, le Sytral explique que c\u2019est la\u00a0<a href=\"https:\/\/www.lefigaro.fr\/flash-eco\/2018\/07\/06\/97002-20180706FILWWW00260-loi-orientation-et-mobilites-borne-insiste-sur-les-chapitres-ecologiques.php\" data-fig-type=\"NewsFlash\" data-gtm-custom-categorie=\"navigation\" data-gtm-custom-action=\"crossclick\" data-gtm-custom-label=\"Contextuel\" data-gtm-event=\"customEventSPE\" data-fig-domain=\"LEFIGARO\" target=\"_blank\" rel=\"noopener\">loi d\u2019Orientation des Mobilit\u00e9s<\/a>\u00a0(LOM), qui a oblig\u00e9 l\u2019int\u00e9gration \u00abd\u2019une infrastructure cyclable de 3 m\u00e8tres, minimum r\u00e9glementaire\u00bb, \u00e0 ce projet. Pour l\u2019op\u00e9rateur des mobilit\u00e9s, seule \u00abune annexe de la boulangerie\u00bb est concern\u00e9e par l\u2019expropriation et \u00abdes \u00e9tudes de faisabilit\u00e9, financ\u00e9es par Sytral Mobilit\u00e9s, ont d\u00e9montr\u00e9 que le r\u00e9am\u00e9nagement propos\u00e9 permettait le maintien de la boulangerie en place.\u00bb \u00abLes g\u00e9rants n\u2019ont jamais donn\u00e9 suite \u00e0 ces propositions\u00bb, conclut le Sytral.<\/p>\n<p class=\"fig-paragraph\">De son c\u00f4t\u00e9, Ali assure \u00abqu\u2019il n\u2019y a jamais eu de discussion possible\u00bb. \u00abIls disent que c\u2019est comme \u00e7a et pas autrement. C\u2019est un comportement de voyous qui va mettre dix personnes au ch\u00f4mage\u00bb, s\u2019emporte-t-il. J\u00e9r\u00e9mie Br\u00e9aud, le maire de Bron d\u00e9plore, lui, \u00abune fragilisation du tissu commercial\u00bb de ce quartier. \u00abOn avait propos\u00e9 que la piste cyclable soit largement r\u00e9tr\u00e9cie \u00e0 cet endroit, ou qu\u2019elle soit d\u00e9vi\u00e9e vers une autre route mais \u00e7a n\u2019a pas \u00e9t\u00e9 retenu\u00bb, poursuit l\u2019\u00e9lu LR. Il d\u00e9nonce \u00e9galement les modalit\u00e9s de l\u2019expropriation\u00a0: \u00abL\u2019aberration c\u2019est que Sytral rach\u00e8te une partie de la boulangerie seulement. Mais sans cette partie le commerce n\u2019est plus viable. Bienvenue en Absurdistan\u00bb. Un jugement d\u00e9finitif est attendu en d\u00e9cembre prochain.<\/p>\n","protected":false},"excerpt":{"rendered":"La cr\u00e9ation d\u2019une nouvelle ligne de bus accompagn\u00e9e d\u2019une piste cyclable sur la commune de Bron, dans la&hellip;\n","protected":false},"author":2,"featured_media":456743,"comment_status":"","ping_status":"","sticky":false,"template":"","format":"standard","meta":{"footnotes":""},"categories":[1889],"tags":[1111,11,2430,215,1777,674,1011,27,2428,12,4798,25],"class_list":{"0":"post-456742","1":"post","2":"type-post","3":"status-publish","4":"format-standard","5":"has-post-thumbnail","7":"category-lyon","8":"tag-actu","9":"tag-actualites","10":"tag-auvergne-rhone-alpes","11":"tag-commerce","12":"tag-eu","13":"tag-europe","14":"tag-fr","15":"tag-france","16":"tag-lyon","17":"tag-news","18":"tag-pistes-cyclables","19":"tag-republique-francaise"},"share_on_mastodon":{"url":"https:\/\/pubeurope.com\/@fr\/115359697050862325","error":""},"_links":{"self":[{"href":"https:\/\/www.europesays.com\/fr\/wp-json\/wp\/v2\/posts\/456742","targetHints":{"allow":["GET"]}}],"collection":[{"href":"https:\/\/www.europesays.com\/fr\/wp-json\/wp\/v2\/posts"}],"about":[{"href":"https:\/\/www.europesays.com\/fr\/wp-json\/wp\/v2\/types\/post"}],"author":[{"embeddable":true,"href":"https:\/\/www.europesays.com\/fr\/wp-json\/wp\/v2\/users\/2"}],"replies":[{"embeddable":true,"href":"https:\/\/www.europesays.com\/fr\/wp-json\/wp\/v2\/comments?post=456742"}],"version-history":[{"count":0,"href":"https:\/\/www.europesays.com\/fr\/wp-json\/wp\/v2\/posts\/456742\/revisions"}],"wp:featuredmedia":[{"embeddable":true,"href":"https:\/\/www.europesays.com\/fr\/wp-json\/wp\/v2\/media\/456743"}],"wp:attachment":[{"href":"https:\/\/www.europesays.com\/fr\/wp-json\/wp\/v2\/media?parent=456742"}],"wp:term":[{"taxonomy":"category","embeddable":true,"href":"https:\/\/www.europesays.com\/fr\/wp-json\/wp\/v2\/categories?post=456742"},{"taxonomy":"post_tag","embeddable":true,"href":"https:\/\/www.europesays.com\/fr\/wp-json\/wp\/v2\/tags?post=456742"}],"curies":[{"name":"wp","href":"https:\/\/api.w.org\/{rel}","templated":true}]}}