{"id":456758,"date":"2025-10-12T06:15:13","date_gmt":"2025-10-12T06:15:13","guid":{"rendered":"https:\/\/www.europesays.com\/fr\/456758\/"},"modified":"2025-10-12T06:15:13","modified_gmt":"2025-10-12T06:15:13","slug":"face-a-la-carpe-asiatique-le-canada-et-les-etats-unis-resistent-aux-divisions-politiques","status":"publish","type":"post","link":"https:\/\/www.europesays.com\/fr\/456758\/","title":{"rendered":"Face \u00e0 la carpe asiatique, le Canada et les Etats-Unis r\u00e9sistent aux divisions politiques"},"content":{"rendered":"\n<p>Dunnville (Canada) (AFP) \u2013 Dans la r\u00e9gion des Grands Lacs, \u00e0 cheval entre le Canada et les Etats-Unis, une cause unit le pr\u00e9sident Donald Trump, ses opposants d\u00e9mocrates et les Canadiens qu\u2019il menace d\u2019annexer: la lutte contre la carpe asiatique, esp\u00e8ce invasive, qui menace l\u2019\u00e9quilibre \u00e9cologique de cette immense r\u00e9serve d\u2019eau douce.<\/p>\n<p>Introduite aux \u00c9tats-Unis dans les ann\u00e9es 1970 pour contr\u00f4ler les algues dans les \u00e9tangs d\u2019aquaculture, la carpe asiatique a progressivement migr\u00e9 vers le nord, probablement lors d\u2019inondations.<\/p>\n<p>Depuis, elle n\u2019a cess\u00e9 de se propager et de d\u00e9vorer tout sur son passage.<\/p>\n<p>\u00ab\u00a0Ce sont de v\u00e9ritables machines \u00e0 tout d\u00e9vorer\u00a0\u00bb, explique Trisiah Tugade, biologiste aquatique au sein du programme canadien d\u00e9di\u00e9 \u00e0 cette carpe envahissante.<\/p>\n<p>\u00c0 bord d\u2019un bateau embarqu\u00e9 sur la rivi\u00e8re Grand, affluent du lac \u00c9ri\u00e9, elle traque avec son \u00e9quipe ces poissons capables de ravager les \u00e9cosyst\u00e8mes.<\/p>\n<p>Sa progression via la rivi\u00e8re Illinois suscite des inqui\u00e9tudes: si elle atteignait les Grands Lacs, ce serait un cauchemar \u00e9cologique pour le plus grand syst\u00e8me d\u2019eau douce au monde.<\/p>\n<p>\u00ab\u00a0Rien ne fait plus peur aux d\u00e9fenseurs de l\u2019environnement que l\u2019id\u00e9e de voir ces carpes \u00e9tablir une population reproductrice dans les Grands Lacs\u00a0\u00bb, estime Mike Shriberg, sp\u00e9cialiste de la politique de l\u2019eau \u00e0 l\u2019Universit\u00e9 du Michigan.<\/p>\n<p>Alors, des \u00e9quipes canadiennes inspectent les affluents des Grands Lacs, ciblant les zones propices \u00e0 la reproduction: eaux chaudes, peu profondes, riches en v\u00e9g\u00e9tation.<\/p>\n<p>Sur la rivi\u00e8re Grand, Trisiah Tugade et son coll\u00e8gue biologiste Alex Price dirigent une op\u00e9ration de p\u00eache \u00e9lectrique. Des perches immerg\u00e9es diffusent des impulsions sans danger qui \u00e9tourdissent les poissons pour faciliter leur capture.<\/p>\n<p>Les sp\u00e9cimens sont ensuite identifi\u00e9s, mesur\u00e9s, et rel\u00e2ch\u00e9s s\u2019ils ne sont pas jug\u00e9s envahissants.<\/p>\n<p>Depuis le lancement du programme en 2012, seules quelques dizaines de carpes ont \u00e9t\u00e9 captur\u00e9es dans les eaux canadiennes.<\/p>\n<p>Centaines de milliers d\u2019\u0153ufs<\/p>\n<p>James Hall, p\u00eacheur professionnel sur le lac \u00c9ri\u00e9, se souvient avoir \u00e9t\u00e9 l\u2019un des premiers \u00e0 en attraper une: \u00ab\u00a0Je me demandais ce que c\u2019\u00e9tait. Je savais que c\u2019\u00e9tait un poisson inhabituel\u00a0\u00bb, raconte-t-il. Il l\u2019a conserv\u00e9e sur glace et a alert\u00e9 les autorit\u00e9s via la ligne d\u00e9di\u00e9e.<\/p>\n<p>Depuis la vigilance reste de mise. \u00ab\u00a0Ces poissons peuvent se reproduire plusieurs fois par an et pondre des centaines de milliers d\u2019\u0153ufs\u00a0\u00bb, souligne Alex Price.<\/p>\n<p>D\u00e8s leur premi\u00e8re ann\u00e9e, ils deviennent trop gros pour les pr\u00e9dateurs naturels.<\/p>\n<p>La menace est telle que cette lutte contre les carpes asiatiques continue \u00e0 recevoir un soutien bipartisan, notamment dans des Etats am\u00e9ricains cl\u00e9s comme le Michigan, l\u2019Ohio ou la Pennsylvanie.<\/p>\n<p>Pour Mike Shriberg, les Grands Lacs sont un \u00ab\u00a0facteur d\u2019unit\u00e9\u00a0\u00bb entre les partis am\u00e9ricains mais aussi entre les deux pays.<\/p>\n<p>Une note de la Maison Blanche sign\u00e9e par Trump en mai, r\u00e9affirmant son engagement contre \u00ab\u00a0la menace \u00e9conomique et \u00e9cologique des carpes envahissantes\u00a0\u00bb, a \u00e9t\u00e9 salu\u00e9e par tous.<\/p>\n<p>\u00ab\u00a0Dans un climat politique extr\u00eamement polaris\u00e9, ce soutien discret montre le r\u00f4le unique des Grands Lacs dans la politique am\u00e9ricaine\u00a0\u00bb, estime le chercheur.<\/p>\n<p>Les tensions commerciales et les menaces d\u2019annexion ont fragilis\u00e9 les relations bilat\u00e9rales entre les deux voisins nord-am\u00e9ricains. Et plus t\u00f4t cette ann\u00e9e, Donald Trump aurait m\u00eame d\u00e9clar\u00e9 \u00e0 l\u2019ancien Premier ministre Justin Trudeau qu\u2019il souhaitait r\u00e9viser les trait\u00e9s r\u00e9gissant les Grands Lacs.<\/p>\n<p>Dans ce contexte, l\u2019avenir est incertain et \u00ab\u00a0l\u2019hostilit\u00e9 de l\u2019administration Trump envers le Canada pourrait tout compromettre\u00a0\u00bb, ajoute Mike Shriberg.<\/p>\n<p>Pourtant si la carpe envahissante venait \u00e0 s\u2019installer durablement, les cons\u00e9quences seraient graves et impr\u00e9visibles.<\/p>\n<p>\u00ab\u00a0Cela bouleverserait l\u2019\u00e9quilibre \u00e9cologique, pr\u00e9vient-il. Une fois dans les lacs\u2026 je ne crois pas qu\u2019il serait possible de les \u00e9radiquer.\u00a0\u00bb<\/p>\n<p>\u00a9 AFP<\/p>\n<p><strong>\u00c0 lire aussi sur GoodPlanet Mag\u2019<\/strong><\/p>\n<p><a href=\"https:\/\/www.goodplanet.info\/2025\/09\/22\/sri-lanka-un-concours-de-peche-pour-limiter-le-nombre-despeces-invasives\/\" target=\"_blank\" rel=\"noopener nofollow\">Sri Lanka: un concours de p\u00eache pour limiter le nombre d\u2019esp\u00e8ces invasives<\/a><\/p>\n<p><a href=\"https:\/\/www.goodplanet.info\/2020\/03\/27\/pablo-escobar-hippopotames-especes-invaises\/\" target=\"_blank\" rel=\"noopener nofollow\">Ce que l\u2019\u00e9tonnante histoire des hippopotames de Pablo Escobar nous apprend sur les esp\u00e8ces invasives et la r\u00e9introduction des grands herbivores<\/a><\/p>\n<p><a href=\"https:\/\/www.goodplanet.info\/2019\/01\/31\/une-liste-de-66-especes-invasives-qui-menacent-les-especes-europeennes\/\" target=\"_blank\" rel=\"noopener nofollow\">Une liste de 66 esp\u00e8ces invasives qui menacent les esp\u00e8ces europ\u00e9ennes<\/a><\/p>\n","protected":false},"excerpt":{"rendered":"Dunnville (Canada) (AFP) \u2013 Dans la r\u00e9gion des Grands Lacs, \u00e0 cheval entre le Canada et les Etats-Unis,&hellip;\n","protected":false},"author":2,"featured_media":456759,"comment_status":"","ping_status":"","sticky":false,"template":"","format":"standard","meta":{"footnotes":""},"categories":[1589],"tags":[11,574,28043,73,1866,5154,12,4838,1864,1865,1863,308],"class_list":{"0":"post-456758","1":"post","2":"type-post","3":"status-publish","4":"format-standard","5":"has-post-thumbnail","7":"category-etats-unis","8":"tag-actualites","9":"tag-canada","10":"tag-especes-invasives","11":"tag-etats-unis","12":"tag-etats-unis-damerique","13":"tag-faune","14":"tag-news","15":"tag-peche","16":"tag-united-states","17":"tag-united-states-of-america","18":"tag-us","19":"tag-usa"},"share_on_mastodon":{"url":"https:\/\/pubeurope.com\/@fr\/115359732472692166","error":""},"_links":{"self":[{"href":"https:\/\/www.europesays.com\/fr\/wp-json\/wp\/v2\/posts\/456758","targetHints":{"allow":["GET"]}}],"collection":[{"href":"https:\/\/www.europesays.com\/fr\/wp-json\/wp\/v2\/posts"}],"about":[{"href":"https:\/\/www.europesays.com\/fr\/wp-json\/wp\/v2\/types\/post"}],"author":[{"embeddable":true,"href":"https:\/\/www.europesays.com\/fr\/wp-json\/wp\/v2\/users\/2"}],"replies":[{"embeddable":true,"href":"https:\/\/www.europesays.com\/fr\/wp-json\/wp\/v2\/comments?post=456758"}],"version-history":[{"count":0,"href":"https:\/\/www.europesays.com\/fr\/wp-json\/wp\/v2\/posts\/456758\/revisions"}],"wp:featuredmedia":[{"embeddable":true,"href":"https:\/\/www.europesays.com\/fr\/wp-json\/wp\/v2\/media\/456759"}],"wp:attachment":[{"href":"https:\/\/www.europesays.com\/fr\/wp-json\/wp\/v2\/media?parent=456758"}],"wp:term":[{"taxonomy":"category","embeddable":true,"href":"https:\/\/www.europesays.com\/fr\/wp-json\/wp\/v2\/categories?post=456758"},{"taxonomy":"post_tag","embeddable":true,"href":"https:\/\/www.europesays.com\/fr\/wp-json\/wp\/v2\/tags?post=456758"}],"curies":[{"name":"wp","href":"https:\/\/api.w.org\/{rel}","templated":true}]}}