{"id":456766,"date":"2025-10-12T06:19:09","date_gmt":"2025-10-12T06:19:09","guid":{"rendered":"https:\/\/www.europesays.com\/fr\/456766\/"},"modified":"2025-10-12T06:19:09","modified_gmt":"2025-10-12T06:19:09","slug":"quest-ce-que-chat-control-et-quelles-seront-ses-consequences-pour-leurope","status":"publish","type":"post","link":"https:\/\/www.europesays.com\/fr\/456766\/","title":{"rendered":"qu\u2019est-ce que \u201cChat Control\u201d et quelles seront ses cons\u00e9quences pour l\u2019Europe ?"},"content":{"rendered":"<p>Le Conseil de l\u2019Union europ\u00e9enne s\u2019appr\u00eate \u00e0 adopter la \u00ab\u00a0Child Sexual Abuse Regulation\u00a0\u00bb, aussi appel\u00e9e Chat Control, pour mieux lutter contre les abus sexuels sur les enfants en ligne. Ce texte impose une surveillance renforc\u00e9e des communications, avec des d\u00e9bats importants sur la vie priv\u00e9e et l\u2019efficacit\u00e9 des mesures. D\u00e9cryptage.<\/p>\n<p>C\u2019est en quelque sorte une r\u00e9volution num\u00e9rique qui va se jouer au Conseil de l\u2019Union europ\u00e9enne. Dans quelques jours, une d\u00e9cision majeure sera prise: la \u00ab\u00a0Child Sexual Abuse Regulation\u00a0\u00bb, aussi surnomm\u00e9e \u00ab\u00a0Chat Control\u00a0\u00bb, va s\u00fbrement \u00eatre approuv\u00e9 par les gouvernements des \u00c9tats membres de l\u2019UE. Et cela aura un impact tous les citoyens europ\u00e9ens. Mais alors, qu\u2019est-ce que c\u2019est exactement? Qui cela concerne-t-il? Et surtout, quelles en seront les cons\u00e9quences sur nos vies?<\/p>\n<p>Qu\u2019est-ce que c\u2019est ?<\/p>\n<p>Le \u00ab\u00a0Chat Control\u00a0\u00bb est le surnom donn\u00e9 \u00e0 une proposition de r\u00e8glement europ\u00e9en officiellement appel\u00e9e \u00ab\u00a0Child Sexual Abuse Regulation\u00a0\u00bb (CSAR) ou R\u00e8glement \u00e9tablissant des r\u00e8gles en vue de pr\u00e9venir et de combattre les abus sexuels sur enfants, en fran\u00e7ais.<\/p>\n<p>Pr\u00e9sent\u00e9e pour la premi\u00e8re fois en 2022, cette mesure vise \u00e0 renforcer la lutte contre les abus sexuels sur enfants en ligne en imposant une surveillance automatis\u00e9e des conversations priv\u00e9es, y compris celles chiffr\u00e9es. Le projet pr\u00e9voit d\u2019obliger tous les services de messagerie op\u00e9rant en Europe \u00e0 scanner les contenus des utilisateurs afin de d\u00e9tecter du mat\u00e9riel p\u00e9dopornographique, qu\u2019il soit connu ou inconnu.<\/p>\n<p>Cette surveillance pourrait \u00eatre mise en \u0153uvre gr\u00e2ce \u00e0 la technologie dite du \u00ab\u00a0client-side scanning\u00a0\u00bb, analysant les donn\u00e9es directement sur les appareils des utilisateurs avant qu\u2019elles ne soient chiffr\u00e9es.<\/p>\n<p>Le 14 octobre 2025, les ministres de la Justice des \u00c9tats membres de l\u2019UE se r\u00e9uniront avec le Conseil de l&rsquo;Union europ\u00e9enne, qui est avec le Parlement europ\u00e9en une des deux instances majeures de d\u00e9cision de l&rsquo;Union europ\u00e9enne. Ils d\u00e9cideront si cette proposition avancera vers une phase de n\u00e9gociation officielle. C\u2019est une \u00e9tape cruciale car une fois adopt\u00e9e, la mesure sera difficilement r\u00e9versible.<\/p>\n<p>Qui \u00e7a concerne?<\/p>\n<p>Tous les utilisateurs des services de messagerie et de communication sur Internet en Europe sont concern\u00e9s, y compris les millions de personnes utilisant des applications comme WhatsApp, ou Signal, r\u00e9put\u00e9es pour leur chiffrement de bout en bout. Le champ d\u2019application de cette mesure est tr\u00e8s large, englobant aussi bien les \u00e9changes professionnels que personnels.<\/p>\n<p>\u00c0 ce jour, 12 \u00c9tats membres soutiennent officiellement la proposition, tandis que plusieurs pays strat\u00e9giques tels que l\u2019Allemagne, la Belgique, l\u2019Italie et la Su\u00e8de, initialement oppos\u00e9s ou h\u00e9sitants, revoient leur position ou envisagent de la soutenir, ce qui pourrait jouer un r\u00f4le d\u00e9cisif lors du vote.<\/p>\n<p>Quelles cons\u00e9quences ?<\/p>\n<p>Selon de nombreuses organisations, dont l\u2019Internet Society, cette r\u00e9glementation pose des risques majeurs. Premi\u00e8rement, elle fragilise la confidentialit\u00e9 et la s\u00e9curit\u00e9 du chiffrement des communications, ce qui pourrait exposer les utilisateurs \u00e0 des failles et abus. Deuxi\u00e8mement, si elle est adopt\u00e9e, elle pourrait ouvrir la voie \u00e0 un effet domino visant d\u2019autres services comme les VPN ou des messageries alternatives, accentuant ainsi la surveillance g\u00e9n\u00e9ralis\u00e9e.<\/p>\n<p>Au-del\u00e0 des atteintes \u00e0 la vie priv\u00e9e et \u00e0 la s\u00e9curit\u00e9 du chiffrement, le projet pourrait provoquer une perte massive de confiance dans les services num\u00e9riques, tant de la part des utilisateurs que des entreprises. Les collaborateurs, clients et partenaires pourraient craindre de voir leurs communications surveill\u00e9es, ce qui fragiliserait les relations professionnelles&#8230; et personnelles.<\/p>\n<p>Enfin, en multipliant la collecte et l\u2019analyse automatis\u00e9e des donn\u00e9es priv\u00e9es, cette surveillance accro\u00eet fortement les risques de fuite ou de piratage de donn\u00e9es sensibles, exposant les utilisateurs \u00e0 des violations de confidentialit\u00e9 majeures.<\/p>\n<p>Sur le plan politique, le processus est tendu, avec des accusations de pression exerc\u00e9e par la pr\u00e9sidence danoise de l\u2019UE pour forcer l\u2019accord, ce qui alimente les inqui\u00e9tudes concernant la transparence de ce dossier sensible. La r\u00e9union du 14 octobre est donc un moment d\u00e9cisif qui pourrait sceller l\u2019avenir de ce projet controvers\u00e9.<\/p>\n","protected":false},"excerpt":{"rendered":"Le Conseil de l\u2019Union europ\u00e9enne s\u2019appr\u00eate \u00e0 adopter la \u00ab\u00a0Child Sexual Abuse Regulation\u00a0\u00bb, aussi appel\u00e9e Chat Control, pour&hellip;\n","protected":false},"author":2,"featured_media":456767,"comment_status":"","ping_status":"","sticky":false,"template":"","format":"standard","meta":{"footnotes":""},"categories":[1586],"tags":[11,1777,674,1779,1011,27,12,25,1778,364],"class_list":{"0":"post-456766","1":"post","2":"type-post","3":"status-publish","4":"format-standard","5":"has-post-thumbnail","7":"category-europe","8":"tag-actualites","9":"tag-eu","10":"tag-europe","11":"tag-european-union","12":"tag-fr","13":"tag-france","14":"tag-news","15":"tag-republique-francaise","16":"tag-ue","17":"tag-union-europeenne"},"share_on_mastodon":{"url":"https:\/\/pubeurope.com\/@fr\/115359748182439998","error":""},"_links":{"self":[{"href":"https:\/\/www.europesays.com\/fr\/wp-json\/wp\/v2\/posts\/456766","targetHints":{"allow":["GET"]}}],"collection":[{"href":"https:\/\/www.europesays.com\/fr\/wp-json\/wp\/v2\/posts"}],"about":[{"href":"https:\/\/www.europesays.com\/fr\/wp-json\/wp\/v2\/types\/post"}],"author":[{"embeddable":true,"href":"https:\/\/www.europesays.com\/fr\/wp-json\/wp\/v2\/users\/2"}],"replies":[{"embeddable":true,"href":"https:\/\/www.europesays.com\/fr\/wp-json\/wp\/v2\/comments?post=456766"}],"version-history":[{"count":0,"href":"https:\/\/www.europesays.com\/fr\/wp-json\/wp\/v2\/posts\/456766\/revisions"}],"wp:featuredmedia":[{"embeddable":true,"href":"https:\/\/www.europesays.com\/fr\/wp-json\/wp\/v2\/media\/456767"}],"wp:attachment":[{"href":"https:\/\/www.europesays.com\/fr\/wp-json\/wp\/v2\/media?parent=456766"}],"wp:term":[{"taxonomy":"category","embeddable":true,"href":"https:\/\/www.europesays.com\/fr\/wp-json\/wp\/v2\/categories?post=456766"},{"taxonomy":"post_tag","embeddable":true,"href":"https:\/\/www.europesays.com\/fr\/wp-json\/wp\/v2\/tags?post=456766"}],"curies":[{"name":"wp","href":"https:\/\/api.w.org\/{rel}","templated":true}]}}