{"id":456781,"date":"2025-10-12T06:29:13","date_gmt":"2025-10-12T06:29:13","guid":{"rendered":"https:\/\/www.europesays.com\/fr\/456781\/"},"modified":"2025-10-12T06:29:13","modified_gmt":"2025-10-12T06:29:13","slug":"hamilton-glisse-un-conseil-a-piastri-dans-son-duel-avec-norris","status":"publish","type":"post","link":"https:\/\/www.europesays.com\/fr\/456781\/","title":{"rendered":"Hamilton glisse un conseil \u00e0 Piastri dans son duel avec Norris"},"content":{"rendered":"<p itemprop=\"description\">Le septuple Champion du monde a gliss\u00e9 un<br \/>\nconseil aussi ironique que r\u00e9v\u00e9lateur \u00e0 Oscar Piastri, en pleine<br \/>\nlutte interne chez McLaren.<\/p>\n<p>La tension monte chez McLaren, o\u00f9 Oscar Piastri et Lando Norris<br \/>\nse disputent d\u00e9sormais la supr\u00e9matie interne \u2013 et peut-\u00eatre le<br \/>\ntitre mondial. L\u2019Australien devance son \u00e9quipier de 22 points, mais<br \/>\nles consignes d\u2019\u00e9quipe et la discipline collective pr\u00f4n\u00e9e par<br \/>\nWoking peinent \u00e0 contenir la rivalit\u00e9.<\/p>\n<p>Depuis le d\u00e9but de l\u2019\u00e9t\u00e9, l\u2019\u00e9quilibre entre performance<br \/>\nindividuelle et int\u00e9r\u00eat de l\u2019\u00e9quipe s\u2019est fragilis\u00e9. <a href=\"https:\/\/f1i.autojournal.fr\/infos\/feuilleton\/deux-mclaren-une-poudriere-pourquoi-lamertume-de-piastri-nest-pas-une-surprise\" target=\"_blank\" rel=\"noopener\"><br \/>\nParmi les multiples incidents impliquant des consignes d\u2019\u00e9quipe<br \/>\nchez McLaren<\/a>, l\u2019\u00e9pisode de Monza, o\u00f9 Piastri avait \u00e9t\u00e9 somm\u00e9 de<br \/>\nrendre la deuxi\u00e8me place \u00e0 Norris apr\u00e8s un arr\u00eat au stand lent, a<br \/>\nr\u00e9v\u00e9l\u00e9 des fissures derri\u00e8re la fa\u00e7ade unie de l\u2019\u00e9curie.<\/p>\n<p><strong>Hamilton : l\u2019exp\u00e9rience parle<\/strong><\/p>\n<p>Interrog\u00e9 sur la mani\u00e8re dont Piastri devait aborder cette<br \/>\nsituation, Lewis Hamilton \u2013 qui a connu ses propres batailles<br \/>\ninternes, notamment face \u00e0 Nico Rosberg \u2013 a r\u00e9pondu :<\/p>\n<p>\u201cNous sommes des concurrents, donc je ne lui transmettrais<br \/>\nrien\u201d, a-t-il d\u2019abord plaisant\u00e9.<\/p>\n<p>\u201cEt puis, ce n\u2019est pas comme si c\u2019\u00e9tait le premier<br \/>\nchampionnat pour lequel il se bat. Il a \u00e9videmment d\u00e9j\u00e0 disput\u00e9 des<br \/>\nchampionnats pendant des ann\u00e9es, donc je n\u2019ai pas grand-chose \u00e0 lui<br \/>\ndire. Je ne lui ai pas parl\u00e9, donc je ne sais pas dans quel \u00e9tat<br \/>\nd\u2019esprit il est.\u201d<\/p>\n<p>Mais derri\u00e8re l\u2019humour, Hamilton a gliss\u00e9 un avertissement \u00e0<br \/>\npeine voil\u00e9, empreint de son exp\u00e9rience des luttes intestines :<\/p>\n<p>\u201c\u2018Ne rends jamais ta place\u2019\u00a0: c\u2019est tout ce<br \/>\nque je peux lui dire\u201d, a-t-il ajout\u00e9.<\/p>\n<p><strong>Un message lourd de sens<\/strong><\/p>\n<p>Cette derni\u00e8re phrase, prononc\u00e9e avec un sourire, r\u00e9sonne<br \/>\npourtant comme un conseil strat\u00e9gique : dans une lutte pour le<br \/>\ntitre, aucune concession n\u2019est anodine. Piastri, jusque-l\u00e0 r\u00e9put\u00e9<br \/>\nmesur\u00e9, devra d\u00e9sormais trouver la fronti\u00e8re entre loyaut\u00e9 envers<br \/>\nl\u2019\u00e9quipe et instinct de champion.<\/p>\n<p>Chez McLaren, o\u00f9 l\u2019harmonie interne reste un pilier de la<br \/>\nm\u00e9thode Stella, ce genre de remarque ne passera sans doute pas<br \/>\ninaper\u00e7u. Mais Hamilton sait mieux que quiconque qu\u2019un duel<br \/>\nfratricide peut red\u00e9finir une carri\u00e8re \u2014 ou une \u00e9quipe.<\/p>\n","protected":false},"excerpt":{"rendered":"Le septuple Champion du monde a gliss\u00e9 un conseil aussi ironique que r\u00e9v\u00e9lateur \u00e0 Oscar Piastri, en pleine&hellip;\n","protected":false},"author":2,"featured_media":456782,"comment_status":"","ping_status":"","sticky":false,"template":"","format":"standard","meta":{"footnotes":""},"categories":[1412],"tags":[1451,2251,1452,1453,1454,1455,1011,27,1975,4475,2241,21763,60],"class_list":{"0":"post-456781","1":"post","2":"type-post","3":"status-publish","4":"format-standard","5":"has-post-thumbnail","7":"category-f1","8":"tag-f1","9":"tag-ferrari","10":"tag-formula-1","11":"tag-formula1","12":"tag-formule-1","13":"tag-formule1","14":"tag-fr","15":"tag-france","16":"tag-lewis-hamilton","17":"tag-mclaren","18":"tag-oscar-piastri","19":"tag-saison-2025-de-formule-1","20":"tag-sports"},"share_on_mastodon":{"url":"https:\/\/pubeurope.com\/@fr\/115359787389433839","error":""},"_links":{"self":[{"href":"https:\/\/www.europesays.com\/fr\/wp-json\/wp\/v2\/posts\/456781","targetHints":{"allow":["GET"]}}],"collection":[{"href":"https:\/\/www.europesays.com\/fr\/wp-json\/wp\/v2\/posts"}],"about":[{"href":"https:\/\/www.europesays.com\/fr\/wp-json\/wp\/v2\/types\/post"}],"author":[{"embeddable":true,"href":"https:\/\/www.europesays.com\/fr\/wp-json\/wp\/v2\/users\/2"}],"replies":[{"embeddable":true,"href":"https:\/\/www.europesays.com\/fr\/wp-json\/wp\/v2\/comments?post=456781"}],"version-history":[{"count":0,"href":"https:\/\/www.europesays.com\/fr\/wp-json\/wp\/v2\/posts\/456781\/revisions"}],"wp:featuredmedia":[{"embeddable":true,"href":"https:\/\/www.europesays.com\/fr\/wp-json\/wp\/v2\/media\/456782"}],"wp:attachment":[{"href":"https:\/\/www.europesays.com\/fr\/wp-json\/wp\/v2\/media?parent=456781"}],"wp:term":[{"taxonomy":"category","embeddable":true,"href":"https:\/\/www.europesays.com\/fr\/wp-json\/wp\/v2\/categories?post=456781"},{"taxonomy":"post_tag","embeddable":true,"href":"https:\/\/www.europesays.com\/fr\/wp-json\/wp\/v2\/tags?post=456781"}],"curies":[{"name":"wp","href":"https:\/\/api.w.org\/{rel}","templated":true}]}}