{"id":456803,"date":"2025-10-12T06:41:08","date_gmt":"2025-10-12T06:41:08","guid":{"rendered":"https:\/\/www.europesays.com\/fr\/456803\/"},"modified":"2025-10-12T06:41:08","modified_gmt":"2025-10-12T06:41:08","slug":"ian-watkins-ex-chanteur-britannique-emprisonne-pour-pedocriminalite-a-ete-tue-par-un-codetenu-le-monde-fr","status":"publish","type":"post","link":"https:\/\/www.europesays.com\/fr\/456803\/","title":{"rendered":"Ian Watkins, ex-chanteur britannique emprisonn\u00e9 pour p\u00e9docriminalit\u00e9, a \u00e9t\u00e9 tu\u00e9 par un cod\u00e9tenu &#8211; Le Monde.fr"},"content":{"rendered":"<ol>\n<li><a href=\"https:\/\/news.google.com\/rss\/articles\/CBMi_gFBVV95cUxNR1d2S01ZNlZyR0dYM0s1bzJneTBabTZ3YWtybV9zdGtkeGVWNzJCS3duTHh5UjFrQVk0NkNhblczaFpwT1dUZWNESE9jbk5wYUtsajMzN0RKUHFZRnhZd255Z2Rrc2JJTGRUVHhMUEF0elkwOXBfdWszWEd5MXgzLS1jemZCUmEyQXJ3VHRURnFXODZJZXljREV0NVQ4dWt6VElCTnFvR3BVelp2ZXdBblItWGhwSFVqTjNWbUZSU2xybFo0c0JvbDJiUl90dUs2c21XS0xkekxHMk16cFdkYUN0S1dGaUV4MEYzTjBxaGZ2Sjc0MGlIdDN6eER4QQ?oc=5\" target=\"_blank\" rel=\"nofollow noopener\">Ian Watkins, ex-chanteur britannique emprisonn\u00e9 pour p\u00e9docriminalit\u00e9, a \u00e9t\u00e9 tu\u00e9 par un cod\u00e9tenu<\/a>&nbsp;&nbsp;Le Monde.fr<\/li>\n<li><a href=\"https:\/\/news.google.com\/rss\/articles\/CBMi9gFBVV95cUxPbmFDdDNHX0dIMzVTcGNGdlVxTzk1eTQ1bmlMZVp2T0FBYmdhZko3MnpNTmxtSGV0ZGtRYjFLU0lHVjhBdUZqQmNzeEw5bHd1Vzd5RGRlYkw4UEEtV1o3c3J4SGtCUDZMemNOMksxaUZIRVZkRTRkRTRFQTV1aXVMNjcyR1otaDI0aG50cWVsdmpHVXdfY2xMN3hFQURNMTJoZDdzUXZDVVQ1MnpRLVN4RUt1ZlpEY09QbVh4R0g5QmZDdWxBMnMyMFd4X3BzLUVDaVVBMTZkTUdhOFlEc1NpR0c1T1Z4UndQbUJUdHRILUU3akJPNnc?oc=5\" target=\"_blank\" rel=\"nofollow noopener\">Condamn\u00e9 pour p\u00e9docriminalit\u00e9, le chanteur du groupe Lostprophets a \u00e9t\u00e9 tu\u00e9 en prison par un co-d\u00e9tenu<\/a>&nbsp;&nbsp;TF1 Info<\/li>\n<li><a href=\"https:\/\/news.google.com\/rss\/articles\/CBMi_gFBVV95cUxQd3dqZkE5MTR6NFBvR3VuYkZvLTF0YVN2c25TeHYxdWhqUnhpS3Y4VmZHbGM1Q3U0SERtTnE3ZFZXZTJfd1Bva0tDdzlmN0F4T2Z3eHFQa1AtdjVEQjd5Mk8wQ3lXZ2RuT1drUDQ5SjZBa0EyMVVVRGc3bk9PWU8zUlYzSVZnUnduWVRMT1daVUFrNjcxZ2h6UVFiYUlQUkdOcng0Y0puSDNhNGJIbWZTazRaY1NsdTljeFpqX3dUT3dPUTFZQTlYcEQ1QmRKRkxXMkF0WlA5LTUyT08xaDZTOGFuRUltQUVkTS1fQ29MRmZqYUpQU29qZURlTEkwQQ?oc=5\" target=\"_blank\" rel=\"nofollow noopener\">L\u2019ex-chanteur britannique et p\u00e9docriminel Ian Watkins meurt apr\u00e8s une agression en prison<\/a>&nbsp;&nbsp;Le Parisien<\/li>\n<li><a href=\"https:\/\/news.google.com\/rss\/articles\/CBMiyAFBVV95cUxQclBPTDdBcnEwbGtYN2J2dE5IVnd2X1RkMHVUOW5MTW5wS1FBRXREdG1VV21sZ2pSbmtMSElJNFpFZVFZY0Z5UWpaTERLOVdaQl81djd5T0RqN3dhR08xWGIwSnlqSzQ2aDJSN25XYkdJVHNicDI5dmVMYkpwSS02T0dLekRDWHYtWWNsQkctb29OR21vY3liaENJZ1M0cUI5NHNDQno0eE4xb3kwVElWbzlJUWVVZGtleTdmbUhXVnFCWjIyeVU5cQ?oc=5\" target=\"_blank\" rel=\"nofollow noopener\">Condamn\u00e9 pour tentative de viol sur un b\u00e9b\u00e9: le chanteur Ian Watkins tu\u00e9 en prison<\/a>&nbsp;&nbsp;24heures.ca<\/li>\n<li><a href=\"https:\/\/news.google.com\/rss\/articles\/CBMihwJBVV95cUxQUUk4a3dGZm5XRGg3QlZVLWJKMU55YXdPejhfWk5mOFRUeXVQdDlraGtFUWRZbW9Ec3plRG9kVjA1UDExRnFjdjZyVDZodE9vVlo0OGtjUmNnWXpJN1FGUktyUm0tV216TEt3cUlVMzZfb1p2c2N6TGt1STdLOVZ0LVQ5VWNaZllIQkZVMVROZGxJVnY2MFpPTzNraEFiVGRhMy0yRF9tbl9wWUd5a2c4c0ZxTFRXbGJMbExabnE1Ri1zcEtLN2ZsRnpGNktkc281bm8tQW15Z3phcDZVUFRTUXJCcllfNk5senNzWURXNGxHOU1QVnh3aXhwY0hwdFBsR1BPRWU0Yw?oc=5\" target=\"_blank\" rel=\"nofollow noopener\">Ian Watkins, ex-chanteur des Lostprophets condamn\u00e9 pour p\u00e9docriminalit\u00e9, meurt agress\u00e9 en prison<\/a>&nbsp;&nbsp;Ouest-France<\/li>\n<\/ol>\n","protected":false},"excerpt":{"rendered":"Ian Watkins, ex-chanteur britannique emprisonn\u00e9 pour p\u00e9docriminalit\u00e9, a \u00e9t\u00e9 tu\u00e9 par un cod\u00e9tenu&nbsp;&nbsp;Le Monde.fr Condamn\u00e9 pour p\u00e9docriminalit\u00e9, le&hellip;\n","protected":false},"author":2,"featured_media":395849,"comment_status":"","ping_status":"","sticky":false,"template":"","format":"standard","meta":{"footnotes":""},"categories":[8],"tags":[58,59,1011,27],"class_list":{"0":"post-456803","1":"post","2":"type-post","3":"status-publish","4":"format-standard","5":"has-post-thumbnail","7":"category-divertissement","8":"tag-divertissement","9":"tag-entertainment","10":"tag-fr","11":"tag-france"},"share_on_mastodon":{"url":"https:\/\/pubeurope.com\/@fr\/115359834692278628","error":""},"_links":{"self":[{"href":"https:\/\/www.europesays.com\/fr\/wp-json\/wp\/v2\/posts\/456803","targetHints":{"allow":["GET"]}}],"collection":[{"href":"https:\/\/www.europesays.com\/fr\/wp-json\/wp\/v2\/posts"}],"about":[{"href":"https:\/\/www.europesays.com\/fr\/wp-json\/wp\/v2\/types\/post"}],"author":[{"embeddable":true,"href":"https:\/\/www.europesays.com\/fr\/wp-json\/wp\/v2\/users\/2"}],"replies":[{"embeddable":true,"href":"https:\/\/www.europesays.com\/fr\/wp-json\/wp\/v2\/comments?post=456803"}],"version-history":[{"count":0,"href":"https:\/\/www.europesays.com\/fr\/wp-json\/wp\/v2\/posts\/456803\/revisions"}],"wp:featuredmedia":[{"embeddable":true,"href":"https:\/\/www.europesays.com\/fr\/wp-json\/wp\/v2\/media\/395849"}],"wp:attachment":[{"href":"https:\/\/www.europesays.com\/fr\/wp-json\/wp\/v2\/media?parent=456803"}],"wp:term":[{"taxonomy":"category","embeddable":true,"href":"https:\/\/www.europesays.com\/fr\/wp-json\/wp\/v2\/categories?post=456803"},{"taxonomy":"post_tag","embeddable":true,"href":"https:\/\/www.europesays.com\/fr\/wp-json\/wp\/v2\/tags?post=456803"}],"curies":[{"name":"wp","href":"https:\/\/api.w.org\/{rel}","templated":true}]}}