{"id":456808,"date":"2025-10-12T06:44:10","date_gmt":"2025-10-12T06:44:10","guid":{"rendered":"https:\/\/www.europesays.com\/fr\/456808\/"},"modified":"2025-10-12T06:44:10","modified_gmt":"2025-10-12T06:44:10","slug":"contre-la-repression-des-soldats-rejoignent-les-milliers-de-manifestants","status":"publish","type":"post","link":"https:\/\/www.europesays.com\/fr\/456808\/","title":{"rendered":"Contre la r\u00e9pression, des soldats rejoignent les milliers de manifestants"},"content":{"rendered":"<p>La violente crise politique \u00e0 Madagascar est-elle en train de basculer\u00a0? La question se pose alors que des soldats ont rejoint samedi les milliers de manifestants dans les rues de la capitale Antananarivo. Ces militaires appellent les forces de s\u00e9curit\u00e9 \u00e0 \u00ab\u00a0refuser les ordres de tirer\u00a0\u00bb sur la population et condamnent la r\u00e9pression polici\u00e8re.<\/p>\n<p>La manifestation de samedi \u00e0 Antananarivo a \u00e9t\u00e9 l\u2019une des plus importantes depuis le d\u00e9but de la contestation le 25\u00a0septembre, lanc\u00e9e par <a href=\"https:\/\/www.20minutes.fr\/monde\/4176882-20251005-maroc-nepal-madagascar-quand-gen-z-monde-entier-prend-rue\" target=\"_blank\" class=\"c-link c-link--is-underlined\" rel=\"nofollow noopener\">le mouvement Gen Z<\/a> pour protester contre les coupures d\u2019eau et d\u2019\u00e9lectricit\u00e9 et qui s\u2019est mut\u00e9e en une remise en cause du pouvoir du <a href=\"https:\/\/www.20minutes.fr\/monde\/4064050-20231125-presidentielle-madagascar-ancien-dj-andry-rajoelina-reelu-victoire-contestee\" target=\"_blank\" class=\"c-link c-link--is-underlined\" rel=\"nofollow noopener\">pr\u00e9sident Andry Rajoelina<\/a>.<\/p>\n<p>Le pr\u00e9sident ne quitte pas le pays<\/p>\n<p>Samedi soir, <a href=\"https:\/\/www.20minutes.fr\/monde\/4177596-20251007-crise-madagascar-face-emeutes-president-nomme-militaire-premier-ministre\" target=\"_blank\" class=\"c-link c-link--is-underlined\" rel=\"nofollow noopener\">le nouveau Premier ministre Ruphin Zafisambo<\/a> a assur\u00e9 que le gouvernement, \u00ab\u00a0qui se maintient fermement\u00a0\u00bb, \u00e9tait \u00ab\u00a0pr\u00eat \u00e0 collaborer et \u00e0 \u00e9couter toutes les forces\u00a0: les jeunes, les syndicats et l\u2019arm\u00e9e\u00a0\u00bb. \u00ab\u00a0Madagascar ne pourra pas r\u00e9sister \u00e0 d\u2019autres crises si cette division entre les citoyens persiste\u00a0\u00bb, a poursuivi le g\u00e9n\u00e9ral dans un bref discours film\u00e9.<\/p>\n<\/p>\n<p>De son c\u00f4t\u00e9, la pr\u00e9sidence a publi\u00e9 un communiqu\u00e9 assurant que le pr\u00e9sident \u00ab\u00a0reste dans le pays\u00a0\u00bb et \u00ab\u00a0continue de g\u00e9rer les affaires nationales\u00a0\u00bb.<\/p>\n<p>La police a fait usage samedi de gaz lacrymog\u00e8ne et de grenades assourdissantes pour disperser plusieurs milliers de manifestants. Une partie des policiers sont partis lorsque des soldats ont p\u00e9n\u00e9tr\u00e9 dans la ville dans des v\u00e9hicules militaires, certains agitant des drapeaux malgaches, et ont rejoint la foule dans la rue.<\/p>\n<p>Une unit\u00e9 d\u00e9j\u00e0 cruciale en\u00a02009<\/p>\n<p>Le d\u00e9part de la police a permis \u00e0 la foule de rejoindre la Place du 13\u00a0mai, devant l\u2019h\u00f4tel de ville d\u2019Antananarivo. Sur place, le colonel Michael Randrianirina, du CAPSAT (Corps d\u2019arm\u00e9e des personnels et des services administratifs et techniques) a d\u00e9clar\u00e9 que la police avait tir\u00e9 sur ses soldats, touchant un militaire et un journaliste. \u00ab\u00a0Le journaliste a \u00e9t\u00e9 touch\u00e9 \u00e0 la fesse, tandis que le soldat est d\u00e9c\u00e9d\u00e9\u00a0\u00bb. \u00ab\u00a0\u00c0 tous ceux qui ont envoy\u00e9 les gendarmes ici, \u00e0 commencer par le chef de la gendarmerie, le Premier ministre, le pr\u00e9sident [\u2026] Ils doivent quitter le pouvoir\u00a0\u00bb, a-t-il ajout\u00e9.<\/p>\n<p><a href=\"https:\/\/www.20minutes.fr\/dossier\/madagascar\" target=\"_blank\" class=\"c-link c-btn c-btn--primary\" rel=\"nofollow noopener\">Notre dossier sur Madagascar<\/a><\/p>\n<p>Avant de quitter leur base militaire en p\u00e9riph\u00e9rie d\u2019Antananarivo, les soldats du CAPSAT avaient appel\u00e9 \u00e0 la d\u00e9sob\u00e9issance. \u00ab\u00a0Unissons nos forces, militaires, gendarmes et policiers, et refusons d\u2019\u00eatre pay\u00e9s pour tirer sur nos amis, nos fr\u00e8res et nos s\u0153urs\u00a0\u00bb, ont-ils d\u00e9clar\u00e9 dans une vid\u00e9o. En\u00a02009, cette base avait d\u00e9j\u00e0 men\u00e9 une mutinerie lors du soul\u00e8vement populaire qui avait port\u00e9 au pouvoir l\u2019actuel pr\u00e9sident.<\/p>\n<p>Apr\u00e8s avoir adopt\u00e9 au d\u00e9but un ton conciliant, puis renvoy\u00e9 son gouvernement en r\u00e9ponse aux manifestations, Andry Rajoelina a nettement durci le ton, nommant un militaire comme Premier ministre le 6\u00a0octobre ainsi que seulement trois nouveaux ministres jusqu\u2019ici, tous issus des forces de s\u00e9curit\u00e9\u00a0: ceux des Arm\u00e9es, de la S\u00e9curit\u00e9 publique et de la Gendarmerie.<\/p>\n","protected":false},"excerpt":{"rendered":"La violente crise politique \u00e0 Madagascar est-elle en train de basculer\u00a0? La question se pose alors que des&hellip;\n","protected":false},"author":2,"featured_media":456809,"comment_status":"","ping_status":"","sticky":false,"template":"","format":"standard","meta":{"footnotes":""},"categories":[5],"tags":[47,11,55667,10643,1011,27,14,8459,1272,74,12,133,28],"class_list":{"0":"post-456808","1":"post","2":"type-post","3":"status-publish","4":"format-standard","5":"has-post-thumbnail","7":"category-international","8":"tag-actualite","9":"tag-actualites","10":"tag-andry-rajoelina","11":"tag-emeutes","12":"tag-fr","13":"tag-france","14":"tag-international","15":"tag-madagascar","16":"tag-manifestations","17":"tag-monde","18":"tag-news","19":"tag-video","20":"tag-world"},"share_on_mastodon":{"url":"https:\/\/pubeurope.com\/@fr\/115359846574160327","error":""},"_links":{"self":[{"href":"https:\/\/www.europesays.com\/fr\/wp-json\/wp\/v2\/posts\/456808","targetHints":{"allow":["GET"]}}],"collection":[{"href":"https:\/\/www.europesays.com\/fr\/wp-json\/wp\/v2\/posts"}],"about":[{"href":"https:\/\/www.europesays.com\/fr\/wp-json\/wp\/v2\/types\/post"}],"author":[{"embeddable":true,"href":"https:\/\/www.europesays.com\/fr\/wp-json\/wp\/v2\/users\/2"}],"replies":[{"embeddable":true,"href":"https:\/\/www.europesays.com\/fr\/wp-json\/wp\/v2\/comments?post=456808"}],"version-history":[{"count":0,"href":"https:\/\/www.europesays.com\/fr\/wp-json\/wp\/v2\/posts\/456808\/revisions"}],"wp:featuredmedia":[{"embeddable":true,"href":"https:\/\/www.europesays.com\/fr\/wp-json\/wp\/v2\/media\/456809"}],"wp:attachment":[{"href":"https:\/\/www.europesays.com\/fr\/wp-json\/wp\/v2\/media?parent=456808"}],"wp:term":[{"taxonomy":"category","embeddable":true,"href":"https:\/\/www.europesays.com\/fr\/wp-json\/wp\/v2\/categories?post=456808"},{"taxonomy":"post_tag","embeddable":true,"href":"https:\/\/www.europesays.com\/fr\/wp-json\/wp\/v2\/tags?post=456808"}],"curies":[{"name":"wp","href":"https:\/\/api.w.org\/{rel}","templated":true}]}}