{"id":456810,"date":"2025-10-12T06:45:10","date_gmt":"2025-10-12T06:45:10","guid":{"rendered":"https:\/\/www.europesays.com\/fr\/456810\/"},"modified":"2025-10-12T06:45:10","modified_gmt":"2025-10-12T06:45:10","slug":"paris-va-confronter-ses-habitants-a-une-crue-de-la-seine-de-plus-de-7-metres-2","status":"publish","type":"post","link":"https:\/\/www.europesays.com\/fr\/456810\/","title":{"rendered":"Paris va confronter ses habitants \u00e0 une crue de la Seine de plus de 7 m\u00e8tres"},"content":{"rendered":"<p>Que faire en cas de <a href=\"https:\/\/www.20minutes.fr\/planete\/rechauffement-climatique\/4172015-20250909-ign-publie-premiere-cartographie-detaillee-risques-inondation\" target=\"_blank\" class=\"c-link c-link--is-underlined\" rel=\"noopener\">fortes inondations<\/a>\u00a0? Les Parisiens vont avoir des \u00e9l\u00e9ments de r\u00e9ponse lundi. La capitale va en effet jouer le sc\u00e9nario d\u2019une crue majeure de <a href=\"https:\/\/www.20minutes.fr\/planete\/4178693-20251011-oise-millier-opposants-defilent-contre-canal-seine-nord-europe\" target=\"_blank\" class=\"c-link c-link--is-underlined\" rel=\"noopener\">la Seine<\/a>, comme celle de\u00a01910, pour sensibiliser \u00e0 ce type de <a href=\"https:\/\/www.20minutes.fr\/dossier\/catastrophe-naturelle\" target=\"_blank\" class=\"c-link c-link--is-underlined\" rel=\"noopener\">catastrophe naturelle<\/a>.<\/p>\n<p>Caves inond\u00e9es, transports \u00e0 l\u2019arr\u00eat, \u00e9lectricit\u00e9 coup\u00e9e, \u00e9vacuations par milliers\u2026 L\u2019inondation repr\u00e9sente le premier risque naturel qui menace Paris, o\u00f9 un d\u00e9bordement de la Seine pourrait toucher jusqu\u2019\u00e0 700.000 personnes, a expos\u00e9 \u00e0 la presse P\u00e9n\u00e9lope Komit\u00e8s, adjointe en charge de la r\u00e9silience \u00e0 la mairie, organisatrice de l\u2019exercice.<\/p>\n<p>La derni\u00e8re crue centennale date de\u00a01910<\/p>\n<p>La derni\u00e8re crue centennale \u2013 qui a une chance sur cent de se produire par an \u2013 remonte \u00e0 janvier\u00a01910, quand le fleuve avait atteint 8,62 m\u00e8tres au pont d\u2019Austerlitz, paralysant la ville pendant plusieurs semaines.<\/p>\n<\/p>\n<p>Un record in\u00e9gal\u00e9. Deux crues r\u00e9centes de la Seine, en\u00a02016 et\u00a02018, ont n\u00e9anmoins permis \u00ab\u00a0d\u2019avoir une bonne id\u00e9e de ce qu\u2019il peut se passer jusqu\u2019\u00e0 7 m\u00e8tres. Au-dessus, on rentre dans la science-fiction\u00a0\u00bb, explique Ziad Touat, responsable de la soci\u00e9t\u00e9 Crisotech, conceptrice du sc\u00e9nario qui se jouera lundi, \u00e0 l\u2019occasion de la journ\u00e9e nationale de la r\u00e9silience.<\/p>\n<p>Une \u00ab\u00a0culture du risque\u00a0\u00bb indispensable<\/p>\n<p>Contrairement aux crues torrentielles qui frappent le Midi, la lente mont\u00e9e des eaux caract\u00e9risant les inondations de la Seine limite le danger imm\u00e9diat, analyse Ludovic Faytre, sp\u00e9cialiste du risque inondation, dans une note de l\u2019Institut Paris R\u00e9gion (IPR). \u00ab\u00a0Mais l\u2019\u00e9tendue des surfaces potentiellement concern\u00e9es (pr\u00e8s de 500.000 ha en Ile-de-France) et l\u2019ampleur des enjeux humains et \u00e9conomiques, \u00e0 l\u2019\u00e9chelle d\u2019une agglom\u00e9ration de 10\u00a0millions d\u2019habitants\u00a0\u00bb, rendent la gestion de crise si complexe qu\u2019une \u00ab\u00a0culture du risque\u00a0\u00bb est indispensable.<\/p>\n<p>\u00ab\u00a0A Paris beaucoup se croient \u00e9pargn\u00e9s parce qu\u2019ils habitent loin de la Seine, ou en hauteur. Sauf qu\u2019une crue exceptionnelle comme celle de\u00a01910 peut affecter tous les quartiers, par effet de cascade\u00a0\u00bb, rel\u00e8ve pour sa part B\u00e9n\u00e9dicte Cadalen du service de gestion de crise de la Ville de Paris.<\/p>\n<p><a href=\"https:\/\/www.20minutes.fr\/dossier\/changement_climatique\" target=\"_blank\" class=\"c-link c-btn c-btn--primary\" rel=\"noopener\">Notre dossier sur le Changement climatique<\/a><\/p>\n<p>Alors pour se pr\u00e9parer, l\u2019exercice en \u00ab\u00a0conditions r\u00e9elles\u00a0\u00bb, sur le mod\u00e8le de \u00ab\u00a0Paris \u00e0 50 degr\u00e9s\u00a0\u00bb en\u00a02023, projettera des habitants du quartier du Marais un matin de mars\u00a02026. Le fleuve parisien d\u00e9borde d\u00e9j\u00e0 depuis deux mois mais a franchi dans la nuit les 7,10 m\u00e8tres sous l\u2019effet d\u2019un \u00e9pisode orageux. Des centaines de milliers de personnes doivent \u00eatre \u00e9vacu\u00e9es, le m\u00e9tro est inond\u00e9, le gaz et l\u2019\u00e9lectricit\u00e9 coup\u00e9s, les \u00e9gouts menacent de d\u00e9border et la p\u00e9nurie alimentaire pointe.<\/p>\n<p>Une soixantaine de participants, dont une classe de CM2, se livreront \u00e0 un jeu de r\u00f4les tout au long de la journ\u00e9e, qui d\u00e9marrera par une simulation d\u2019\u00e9vacuation d\u2019un immeuble vers l\u2019Acad\u00e9mie du climat, transform\u00e9e en centre d\u2019accueil et de regroupement. Par ailleurs, la pr\u00e9fecture de police organisera en parall\u00e8le un exercice \u00e0 l\u2019\u00e9chelle de l\u2019Ile-de-France, \u00ab\u00a0Hydros 2025\u00a0\u00bb, pour anticiper une \u00e9vacuation.<\/p>\n","protected":false},"excerpt":{"rendered":"Que faire en cas de fortes inondations\u00a0? Les Parisiens vont avoir des \u00e9l\u00e9ments de r\u00e9ponse lundi. La capitale&hellip;\n","protected":false},"author":2,"featured_media":456811,"comment_status":"","ping_status":"","sticky":false,"template":"","format":"standard","meta":{"footnotes":""},"categories":[4],"tags":[11,4732,11295,1011,27,662,4458,12,626,52,25,13527,133],"class_list":{"0":"post-456810","1":"post","2":"type-post","3":"status-publish","4":"format-standard","5":"has-post-thumbnail","7":"category-france","8":"tag-actualites","9":"tag-catastrophe-naturelle","10":"tag-crue","11":"tag-fr","12":"tag-france","13":"tag-ile-de-france","14":"tag-inondation","15":"tag-news","16":"tag-paris","17":"tag-planete","18":"tag-republique-francaise","19":"tag-seine","20":"tag-video"},"share_on_mastodon":{"url":"https:\/\/pubeurope.com\/@fr\/115359850384301981","error":""},"_links":{"self":[{"href":"https:\/\/www.europesays.com\/fr\/wp-json\/wp\/v2\/posts\/456810","targetHints":{"allow":["GET"]}}],"collection":[{"href":"https:\/\/www.europesays.com\/fr\/wp-json\/wp\/v2\/posts"}],"about":[{"href":"https:\/\/www.europesays.com\/fr\/wp-json\/wp\/v2\/types\/post"}],"author":[{"embeddable":true,"href":"https:\/\/www.europesays.com\/fr\/wp-json\/wp\/v2\/users\/2"}],"replies":[{"embeddable":true,"href":"https:\/\/www.europesays.com\/fr\/wp-json\/wp\/v2\/comments?post=456810"}],"version-history":[{"count":0,"href":"https:\/\/www.europesays.com\/fr\/wp-json\/wp\/v2\/posts\/456810\/revisions"}],"wp:featuredmedia":[{"embeddable":true,"href":"https:\/\/www.europesays.com\/fr\/wp-json\/wp\/v2\/media\/456811"}],"wp:attachment":[{"href":"https:\/\/www.europesays.com\/fr\/wp-json\/wp\/v2\/media?parent=456810"}],"wp:term":[{"taxonomy":"category","embeddable":true,"href":"https:\/\/www.europesays.com\/fr\/wp-json\/wp\/v2\/categories?post=456810"},{"taxonomy":"post_tag","embeddable":true,"href":"https:\/\/www.europesays.com\/fr\/wp-json\/wp\/v2\/tags?post=456810"}],"curies":[{"name":"wp","href":"https:\/\/api.w.org\/{rel}","templated":true}]}}