{"id":456816,"date":"2025-10-12T06:48:20","date_gmt":"2025-10-12T06:48:20","guid":{"rendered":"https:\/\/www.europesays.com\/fr\/456816\/"},"modified":"2025-10-12T06:48:20","modified_gmt":"2025-10-12T06:48:20","slug":"loire-a-saint-etienne-la-fete-du-livre-rassemble-toutes-les-generations","status":"publish","type":"post","link":"https:\/\/www.europesays.com\/fr\/456816\/","title":{"rendered":"Loire. \u00c0 Saint-Etienne, la F\u00eate du livre rassemble toutes les g\u00e9n\u00e9rations"},"content":{"rendered":"<p>Ne soyons pas candide. Tout n\u2019est pas parfait dans cette f\u00eate. Des auteurs locaux se sont \u00e9mus d\u2019une s\u00e9lection jug\u00e9e trop \u00ab\u00a0drastique\u00a0\u00bb (voir notre \u00e9dition du 10\u00a0octobre), d\u2019autres se sont parfois sentis bien seuls, on a cherch\u00e9 longtemps des \u0153uvres de th\u00e9\u00e2tre, les ateliers pour enfants ont \u00e9t\u00e9 trop rapidement pris d\u2019assaut, certains \u00e9crivains sont partis si vite qu\u2019on n\u2019a pu les rencontrer\u2026<\/p>\n<p>Et pourtant, elle est d\u00e9cid\u00e9ment bien belle, cette entr\u00e9e en automne litt\u00e9raire. Magique aussi.<\/p>\n<p>  Bussi et Ledig en guest-stars<\/p>\n<p>Comment croire que des livres rassemblent autant de g\u00e9n\u00e9rations, fassent entrer les mots sur un terrain vraiment populaire, \u00e9veillent des consciences en jouant\u00a0? Dribble et but. Pari gagn\u00e9.<\/p>\n<p>D\u00e8s vendredi, Michel Bussi d\u00e9dica\u00e7ait \u00e0 tour de bras son dernier ouvrage, Les Ombres du monde (Ed. Presses de la Cit\u00e9), Amandine Marshall, \u00e9galement arch\u00e9ologue, proposait aux enfants d\u2019\u00e9crire leur pr\u00e9nom en hi\u00e9roglyphes, de nombreux ados se pressaient devant le stand de Vincent Villeminot pour Nous dominions le monde (Ed. PKJ).<\/p>\n<p>Samedi matin, c\u2019est une longue file de lecteurs\/rices fid\u00e8les qui patientaient pour un moment sensible avec Agn\u00e8s Ledig, la marraine de cette \u00e9dition et autrice de R\u00e9pondre \u00e0 la nuit (Ed. Albin Michel).<\/p>\n<p>On pourrait multiplier les exemples, comme l\u2019engouement de nombreux jeunes pour The fucking Petit Chaperon Rouge of the dead d\u2019Anne et Minh ou, plus localement, le partage avec Pierre Mazet pour L\u2019Inconnu des barricades (Ed. du Ca\u00efman).<\/p>\n<p>Ce serait oublier les mots qui s\u2019\u00e9coutent en d\u00e9bats, en interviews, les mots qui se jouent et se dansent sous une Gayola qui leur donnent r\u00e9ellement vie.<\/p>\n<p>Cette f\u00eate est magique, c\u2019est \u00e7a. Elle est merveilleuse, comme les cr\u00e9atures expos\u00e9es dans le hall de l\u2019h\u00f4tel de ville, gr\u00e2ce \u00e0 Benjamin Lacombe, le parrain des Mots en Sc\u00e8ne. Elle est incroyable, comme les licornes, les elfes et les loups qui, mont\u00e9s sur \u00e9chasses, sortent de l\u2019imaginaire pour se prendre en selfies. R\u00e9alit\u00e9, fiction, qu\u2019est-ce qui est le plus vrai\u00a0?<\/p>\n<p>  \u00c0 suivre encore ce dimanche<\/p>\n<p>Il reste beaucoup d\u2019auteurs avec lesquels \u00e9changer, d\u2019abord sur leur stand. Citons sans exhaustivit\u00e9 Michel Bussi (de 10\u00a0h\u00a030 \u00e0 11\u00a0h\u00a030), Paul Gasnier (de 10\u00a0h \u00e0 11\u00a0h), C\u00e9dric Sapin-Defour (de 10\u00a0h \u00e0 13\u00a0h), Deloupy (tout le dimanche), Didier Mazenod (de 10\u00a0h \u00e0 13\u00a0h), Benjamin Lacombe (de 10\u00a0h \u00e0 13\u00a0h), C\u00e9cile Roumigui\u00e8re (de 10\u00a0h \u00e0 13\u00a0h), Amandine Marshall (de 13\u00a0h \u00e0 16\u00a0h) ou Minh (de 10\u00a0h \u00e0 13\u00a0h et de 16\u00a0h \u00e0 18\u00a0h).<\/p>\n<p>On peut aussi en croiser lors des rencontres programm\u00e9es sous diff\u00e9rents formats. C\u2019est le cas par exemple de Gilles Marchand pour Les Promesses orphelines (RCF, \u00e0 11\u00a0h), du dialogue avec les Diables font tourner la table (ronde), avec cinq auteurs de l\u2019\u00e9diteur partenaire Au Diable Vauvert (H\u00f4tel de Ville, 11\u00a0h\u00a015) ou de la master class flash avec Yann Mad\u00e9 sur Soignante (h\u00f4tel de ville).<\/p>\n<p>Sans oublier de nombreux spectacles, dont celui de cl\u00f4ture \u00e0 17\u00a0heures sous la Gayola, La Belle et la B\u00eate\u2026<\/p>\n","protected":false},"excerpt":{"rendered":"Ne soyons pas candide. Tout n\u2019est pas parfait dans cette f\u00eate. Des auteurs locaux se sont \u00e9mus d\u2019une&hellip;\n","protected":false},"author":2,"featured_media":456817,"comment_status":"","ping_status":"","sticky":false,"template":"","format":"standard","meta":{"footnotes":""},"categories":[9653],"tags":[1111,11,2430,1687,7539,1777,674,57546,1011,27,2410,3367,12,25,4001,7538],"class_list":{"0":"post-456816","1":"post","2":"type-post","3":"status-publish","4":"format-standard","5":"has-post-thumbnail","7":"category-saint-etienne","8":"tag-actu","9":"tag-actualites","10":"tag-auvergne-rhone-alpes","11":"tag-culture-loisirs","12":"tag-edition-loire-sud","13":"tag-eu","14":"tag-europe","15":"tag-fete-du-livre-de-saint-etienne","16":"tag-fr","17":"tag-france","18":"tag-livres-bd","19":"tag-loire","20":"tag-news","21":"tag-republique-francaise","22":"tag-saint-etienne","23":"tag-saint-etienne-ville"},"share_on_mastodon":{"url":"https:\/\/pubeurope.com\/@fr\/115359862160132137","error":""},"_links":{"self":[{"href":"https:\/\/www.europesays.com\/fr\/wp-json\/wp\/v2\/posts\/456816","targetHints":{"allow":["GET"]}}],"collection":[{"href":"https:\/\/www.europesays.com\/fr\/wp-json\/wp\/v2\/posts"}],"about":[{"href":"https:\/\/www.europesays.com\/fr\/wp-json\/wp\/v2\/types\/post"}],"author":[{"embeddable":true,"href":"https:\/\/www.europesays.com\/fr\/wp-json\/wp\/v2\/users\/2"}],"replies":[{"embeddable":true,"href":"https:\/\/www.europesays.com\/fr\/wp-json\/wp\/v2\/comments?post=456816"}],"version-history":[{"count":0,"href":"https:\/\/www.europesays.com\/fr\/wp-json\/wp\/v2\/posts\/456816\/revisions"}],"wp:featuredmedia":[{"embeddable":true,"href":"https:\/\/www.europesays.com\/fr\/wp-json\/wp\/v2\/media\/456817"}],"wp:attachment":[{"href":"https:\/\/www.europesays.com\/fr\/wp-json\/wp\/v2\/media?parent=456816"}],"wp:term":[{"taxonomy":"category","embeddable":true,"href":"https:\/\/www.europesays.com\/fr\/wp-json\/wp\/v2\/categories?post=456816"},{"taxonomy":"post_tag","embeddable":true,"href":"https:\/\/www.europesays.com\/fr\/wp-json\/wp\/v2\/tags?post=456816"}],"curies":[{"name":"wp","href":"https:\/\/api.w.org\/{rel}","templated":true}]}}