{"id":456818,"date":"2025-10-12T06:49:19","date_gmt":"2025-10-12T06:49:19","guid":{"rendered":"https:\/\/www.europesays.com\/fr\/456818\/"},"modified":"2025-10-12T06:49:19","modified_gmt":"2025-10-12T06:49:19","slug":"amneville-camille-letang-de-liverdun-en-meurthe-et-moselle-elue-miss-lorraine-2025-2","status":"publish","type":"post","link":"https:\/\/www.europesays.com\/fr\/456818\/","title":{"rendered":"Amn\u00e9ville. Camille L\u2019\u00c9tang, de Liverdun en Meurthe-et-Moselle, \u00e9lue Miss Lorraine 2025"},"content":{"rendered":"<p>C\u2019est souvent l\u00e0 que tout se joue. Au micro, lorsque les Miss ont \u00e0 peine soixante secondes chacune pour se pr\u00e9senter et convaincre. Et c\u2019est sans doute l\u00e0 que Camille L\u2019\u00c9tang a fait la diff\u00e9rence. Cette Liverdunoise de 23 ans, mesurant 1,72\u00a0m, a \u00e9t\u00e9 \u00e9lue ce samedi soir Miss Lorraine dans la salle de spectacle du zoo d\u2019Amn\u00e9ville. En se pr\u00e9sentant, la jeune femme a jou\u00e9 la carte de la sobri\u00e9t\u00e9 et de la sinc\u00e9rit\u00e9, sans en faire trop\u00a0: \u00ab\u00a0J\u2019essaye d\u2019apporter aux malades que j\u2019accompagne de la bienveillance. Cet engagement quotidien, je compte&#8230;<\/p>\n","protected":false},"excerpt":{"rendered":"C\u2019est souvent l\u00e0 que tout se joue. Au micro, lorsque les Miss ont \u00e0 peine soixante secondes chacune&hellip;\n","protected":false},"author":2,"featured_media":456481,"comment_status":"","ping_status":"","sticky":false,"template":"","format":"standard","meta":{"footnotes":""},"categories":[9635],"tags":[1111,11,58198,58201,58202,20063,1687,5598,1777,674,58199,1011,27,775,13318,3457,3034,5599,58200,1702,12,3456,4043,25,104,953,3140,58203],"class_list":{"0":"post-456818","1":"post","2":"type-post","3":"status-publish","4":"format-standard","5":"has-post-thumbnail","7":"category-nancy","8":"tag-actu","9":"tag-actualites","10":"tag-amneville","11":"tag-audun-le-tiche","12":"tag-audun-le-tiche-bassin","13":"tag-cc-du-pays-orne-moselle-57b","14":"tag-culture-loisirs","15":"tag-edition-metz-et-agglomeration","16":"tag-eu","17":"tag-europe","18":"tag-flevy","19":"tag-fr","20":"tag-france","21":"tag-grand-est","22":"tag-liverdun","23":"tag-meurthe-et-moselle","24":"tag-miss-france","25":"tag-moselle","26":"tag-moulins-les-metz","27":"tag-nancy","28":"tag-news","29":"tag-region-lorraine","30":"tag-repas-et-the-dansant","31":"tag-republique-francaise","32":"tag-societe","33":"tag-soiree","34":"tag-spectacle","35":"tag-zoo-damneville"},"share_on_mastodon":{"url":"https:\/\/pubeurope.com\/@fr\/115359866069795660","error":""},"_links":{"self":[{"href":"https:\/\/www.europesays.com\/fr\/wp-json\/wp\/v2\/posts\/456818","targetHints":{"allow":["GET"]}}],"collection":[{"href":"https:\/\/www.europesays.com\/fr\/wp-json\/wp\/v2\/posts"}],"about":[{"href":"https:\/\/www.europesays.com\/fr\/wp-json\/wp\/v2\/types\/post"}],"author":[{"embeddable":true,"href":"https:\/\/www.europesays.com\/fr\/wp-json\/wp\/v2\/users\/2"}],"replies":[{"embeddable":true,"href":"https:\/\/www.europesays.com\/fr\/wp-json\/wp\/v2\/comments?post=456818"}],"version-history":[{"count":0,"href":"https:\/\/www.europesays.com\/fr\/wp-json\/wp\/v2\/posts\/456818\/revisions"}],"wp:featuredmedia":[{"embeddable":true,"href":"https:\/\/www.europesays.com\/fr\/wp-json\/wp\/v2\/media\/456481"}],"wp:attachment":[{"href":"https:\/\/www.europesays.com\/fr\/wp-json\/wp\/v2\/media?parent=456818"}],"wp:term":[{"taxonomy":"category","embeddable":true,"href":"https:\/\/www.europesays.com\/fr\/wp-json\/wp\/v2\/categories?post=456818"},{"taxonomy":"post_tag","embeddable":true,"href":"https:\/\/www.europesays.com\/fr\/wp-json\/wp\/v2\/tags?post=456818"}],"curies":[{"name":"wp","href":"https:\/\/api.w.org\/{rel}","templated":true}]}}