{"id":456827,"date":"2025-10-12T06:55:10","date_gmt":"2025-10-12T06:55:10","guid":{"rendered":"https:\/\/www.europesays.com\/fr\/456827\/"},"modified":"2025-10-12T06:55:10","modified_gmt":"2025-10-12T06:55:10","slug":"cette-ville-change-la-collecte-des-biodechets-etes-vous-concernes","status":"publish","type":"post","link":"https:\/\/www.europesays.com\/fr\/456827\/","title":{"rendered":"cette ville change la collecte des biod\u00e9chets, \u00eates-vous concern\u00e9s\u00a0?"},"content":{"rendered":"<p>            Par<br \/>\n        <strong><br \/>\n            <a href=\"https:\/\/actu.fr\/auteur\/metropoop\" title=\"Consulter tous les articles de R\u00e9daction M\u00e9tropolitain\" target=\"_blank\" rel=\"noopener\">R\u00e9daction M\u00e9tropolitain<\/a><br \/>\n        <\/strong><\/p>\n<p>        Publi\u00e9 le<\/p>\n<p>            12 oct. 2025 \u00e0 8h38        <\/p>\n<p>C\u2019est une petite r\u00e9volution dans les habitudes de tri des Castelnauviens. <strong>Entre le 24 et le 28 novembre<\/strong>, la M\u00e9tropole de Montpellier mettra un terme \u00e0 la collecte en porte-\u00e0-porte des poubelles \u00ab\u00a0orange ou marron\u00a0\u00bb.<\/p>\n<p>    <a href=\"https:\/\/www.google.com\/maps\/embed?pb=!1m18!1m12!1m3!1d23100.218816047294!2d3.8906843003253715!3d43.63719545055573!2m3!1f0!2f0!3f0!3m2!1i1024!2i768!4f13.1!3m3!1m2!1s0x12b6a5f09796051d%3A0x4078821166acb80!2s34170%20Castelnau-le-Lez!5e0!3m2!1sen!2sfr!4v1760104300528!5m2!1sen!2sfr\" title=\"Ouvrie le lien\" target=\"_blank\" rel=\"noopener\">Cliquez ici pour visualiser le contenu<\/a><\/p>\n<p class=\" wall-content\">Pour accompagner cette transition, La Poste distribue <strong>depuis le 2 octobre<\/strong> un \u00ab\u00a0kit sp\u00e9cial biod\u00e9chets\u00a0\u00bb dans chaque foyer. Les habitants le recevront jusqu\u2019\u00e0 la mi-novembre. Ce kit comprend un d\u00e9pliant explicatif, un bioseau a\u00e9r\u00e9 sur six c\u00f4t\u00e9s et un lot unique de 36 sacs en papier Kraft.<\/p>\n<p>De nouvelles bornes dans toute la ville<\/p>\n<p class=\" wall-content\"><strong> \u00c0 partir du 17 novembre<\/strong>, la M\u00e9tropole installera des bornes d\u2019apport volontaire dans les rues de Castelnau-le-Lez. Leur d\u00e9ploiement durera une semaine. \u00ab\u00a0Elles seront implant\u00e9es en priorit\u00e9 \u00e0 proximit\u00e9 des autres conteneurs \u00e0 verre ou \u00e0 emballages d\u00e9j\u00e0 existants, dans des lieux de passage, et seront faciles d\u2019acc\u00e8s\u00a0\u00bb, assure la Ville de Castelnau-le-Lez dans son communiqu\u00e9. Chaque borne fera l\u2019objet d\u2019une collecte deux fois par semaine. Elle sera enti\u00e8rement lav\u00e9e une fois par semaine afin d\u2019\u00e9viter les odeurs. Les habitants pourront y d\u00e9poser leurs biod\u00e9chets avec ou sans le sac en papier.<\/p>\n<p class=\" wall-content\">Les Castelnauviens disposeront d\u00e9sormais de trois mani\u00e8res de valoriser leurs restes alimentaires. Ils pourront choisir le composteur individuel, gratuit sur demande aupr\u00e8s de la M\u00e9tropole, le composteur de quartier ou encore le nouveau conteneur \u00e0 biod\u00e9chets. Une fois les sacs Kraft fournis \u00e9puis\u00e9s, il suffira d\u2019utiliser les sacs en papier des fruits et l\u00e9gumes achet\u00e9s en magasin. Une astuce pratique qui prolonge le cycle du recyclage !<\/p>\n<p class=\" wall-content\">Personnalisez votre actualit\u00e9 en ajoutant vos villes et m\u00e9dias en favori avec <a href=\"https:\/\/moncompte.actu.fr\" title=\"D\u00e9couvez Mon Actu\" rel=\"nofollow noopener\" data-trk=\"{&quot;cta&quot;:{&quot;action&quot;:&quot;https:\\\/\\\/moncompte.actu.fr&quot;,&quot;category&quot;:&quot;mon compte&quot;,&quot;from&quot;:&quot;article footer&quot;,&quot;name&quot;:&quot;Mon actu&quot;,&quot;type&quot;:&quot;cta&quot;}}\" target=\"_blank\">Mon Actu<\/a>.<\/p>\n","protected":false},"excerpt":{"rendered":"Par R\u00e9daction M\u00e9tropolitain Publi\u00e9 le 12 oct. 2025 \u00e0 8h38 C\u2019est une petite r\u00e9volution dans les habitudes de&hellip;\n","protected":false},"author":2,"featured_media":456828,"comment_status":"","ping_status":"","sticky":false,"template":"","format":"standard","meta":{"footnotes":""},"categories":[9599],"tags":[1111,11,258,3008,436,1777,674,1011,27,2208,12,2680,52,25],"class_list":{"0":"post-456827","1":"post","2":"type-post","3":"status-publish","4":"format-standard","5":"has-post-thumbnail","7":"category-montpellier","8":"tag-actu","9":"tag-actualites","10":"tag-alimentation","11":"tag-dechets","12":"tag-environnement","13":"tag-eu","14":"tag-europe","15":"tag-fr","16":"tag-france","17":"tag-montpellier","18":"tag-news","19":"tag-occitanie","20":"tag-planete","21":"tag-republique-francaise"},"share_on_mastodon":{"url":"https:\/\/pubeurope.com\/@fr\/115359889791806325","error":""},"_links":{"self":[{"href":"https:\/\/www.europesays.com\/fr\/wp-json\/wp\/v2\/posts\/456827","targetHints":{"allow":["GET"]}}],"collection":[{"href":"https:\/\/www.europesays.com\/fr\/wp-json\/wp\/v2\/posts"}],"about":[{"href":"https:\/\/www.europesays.com\/fr\/wp-json\/wp\/v2\/types\/post"}],"author":[{"embeddable":true,"href":"https:\/\/www.europesays.com\/fr\/wp-json\/wp\/v2\/users\/2"}],"replies":[{"embeddable":true,"href":"https:\/\/www.europesays.com\/fr\/wp-json\/wp\/v2\/comments?post=456827"}],"version-history":[{"count":0,"href":"https:\/\/www.europesays.com\/fr\/wp-json\/wp\/v2\/posts\/456827\/revisions"}],"wp:featuredmedia":[{"embeddable":true,"href":"https:\/\/www.europesays.com\/fr\/wp-json\/wp\/v2\/media\/456828"}],"wp:attachment":[{"href":"https:\/\/www.europesays.com\/fr\/wp-json\/wp\/v2\/media?parent=456827"}],"wp:term":[{"taxonomy":"category","embeddable":true,"href":"https:\/\/www.europesays.com\/fr\/wp-json\/wp\/v2\/categories?post=456827"},{"taxonomy":"post_tag","embeddable":true,"href":"https:\/\/www.europesays.com\/fr\/wp-json\/wp\/v2\/tags?post=456827"}],"curies":[{"name":"wp","href":"https:\/\/api.w.org\/{rel}","templated":true}]}}