{"id":456829,"date":"2025-10-12T06:56:13","date_gmt":"2025-10-12T06:56:13","guid":{"rendered":"https:\/\/www.europesays.com\/fr\/456829\/"},"modified":"2025-10-12T06:56:13","modified_gmt":"2025-10-12T06:56:13","slug":"voici-les-foires-a-tout-vide-greniers-et-brocantes-programmees-dimanche-en-seine-maritime","status":"publish","type":"post","link":"https:\/\/www.europesays.com\/fr\/456829\/","title":{"rendered":"Voici les foires \u00e0 tout, vide-greniers et brocantes programm\u00e9es dimanche en Seine-Maritime"},"content":{"rendered":"<p>            Par<br \/>\n        <strong><br \/>\n            <a href=\"https:\/\/actu.fr\/auteur\/louise-boutard\" title=\"Consulter tous les articles de Louise Boutard\" target=\"_blank\" rel=\"noopener\">Louise Boutard<\/a><br \/>\n        <\/strong><\/p>\n<p>        Publi\u00e9 le<\/p>\n<p>            11 oct. 2025 \u00e0 8h14        <\/p>\n<p>Il est encore temps de profiter des <strong>foires \u00e0 tout et vide-greniers<\/strong> ce dimanche 12 octobre 2025 en Seine-Maritime. Comme chaque semaine, nous avons fait une liste non exhaustive des manifestations programm\u00e9es.<\/p>\n<p>Dimanche 12\u00a0octobre<\/p>\n<p class=\" wall-content\"><strong>Bellencombre\u2009:<\/strong> vide-greniers et vide-jardin dans la ch\u00e8vrerie du Val de Bures de 9\u2009h \u00e0 17\u2009h. Sous-abri.<\/p>\n<p class=\" wall-content\"><strong>Bully<\/strong>\u2009: bourse aux jouets dans la salle d\u2019activit\u00e9s de 8\u2009h\u200930 \u00e0 17\u2009h. Restauration sur place.<\/p>\n<p class=\" wall-content\"><strong>Cailly<\/strong>\u2009: foire \u00e0 la pu\u00e9riculture dans la salle des f\u00eates de 9\u2009h \u00e0 16\u2009h\u200930. Restauration sur place. Organis\u00e9 par l\u2019association 1, 2, 3 soleil.<\/p>\n<p class=\" wall-content\"><strong>Caudebec-l\u00e8s-Elbeuf<\/strong>\u2009: foire \u00e0 tout dans la salle Marcel-David, rue Emile-Zola de 6\u2009h \u00e0 18\u2009h Restauration sur place. Organis\u00e9 par le comit\u00e9 des f\u00eates de Caudebec-l\u00e8s-Elbeuf.<\/p>\n<p class=\" wall-content\"><strong>Dieppe<\/strong>\u2009: vide-greniers dans la cour de l\u2019\u00e9cole maternelle Valentin-Feldmann, rue Pierre-Albert-Roger, de 8\u2009h \u00e0 18\u2009h. Restauration sur place.<\/p>\n<p class=\" wall-content\"><strong>Elbeuf<\/strong>\u2009: foire \u00e0 tout sur le champ de foire de 6\u2009h \u00e0 18\u2009h. Restauration sur place.<\/p>\n<p class=\" wall-content\"><strong>\u00c9talondes<\/strong>\u2009: brocante de l\u2019association partage S\u00e9n\u00e9gal dans la salle des f\u00eates, rue du village de 8\u2009h \u00e0 17\u2009h\u200930<\/p>\n<p>Votre r\u00e9gion, votre actu !<\/p>\n<p>Recevez chaque jour les infos qui comptent pour vous.<\/p>\n<p>\t<a href=\"https:\/\/actu.fr\/newsletter\" class=\"ac-btn ac-btn--corner ac-btn--medium ac-btn--blue800\" target=\"_blank\" rel=\"noopener\">S&rsquo;incrire<\/a><\/p>\n<p class=\" wall-content\"><strong>Fontaine-le-Dun<\/strong>\u2009: foire \u00e0 l\u2019enfant, salle Andr\u00e9-Bourville rue Alfred-Labarbe de 9\u2009h \u00e0 17\u2009h. Restauration sur place.<\/p>\n<p class=\" wall-content\"><strong>La Vaupali\u00e8re\u2009:<\/strong> foire aux jouets, pu\u00e9riculture, livres d\u2019occasion, dans le gymnase de l\u2019all\u00e9e du Val Saint-L\u00e9onard, de 9\u2009h \u00e0 18\u2009h. Restauration sur place.<\/p>\n<p class=\" wall-content\"><strong>Le\u00a0Havre\u2009:<\/strong> vide-greniers dans la salle des f\u00eates de Bl\u00e9ville, 17 rue Pierre-Farcis. Entr\u00e9e 1 \u20ac. De 8\u2009h \u00e0 17\u2009h.<\/p>\n<p class=\" wall-content\"><strong>Le\u00a0Havre\u2009:<\/strong> vide-greniers du Clos du Val soleil, 12 rue Horace-Vernet, de 8\u2009h \u00e0 18\u2009h. Entr\u00e9e 1 \u20ac.<\/p>\n<p class=\" wall-content\"><strong>Le\u00a0Havre\u2009:<\/strong> vide-greniers dans la salle des f\u00eates de Graville, 133 rue de Verdun de 8\u2009h\u200930 \u00e0 17\u2009h\u200930. Entr\u00e9e 1 \u20ac. Restauration sur place. Vide-grenier au profit d\u2019une association pour aider \u00e0 la promotion du don de sang.<\/p>\n<p class=\" wall-content\"><strong>Le\u00a0Havre\u2009:<\/strong> vide-greniers des calinous \u00e0 la Fabrique de Sanvic, 100 rue David-d\u2019Angers de 8\u2009h \u00e0 16\u2009h\u200930. Entr\u00e9e 1 \u20ac. Restauration sur place.<\/p>\n<p class=\" wall-content\"><strong>Le Mesnil-Esnard<\/strong>\u2009: bourse aux v\u00eatements dans la salle des f\u00eates, rue des Perets de 9\u2009h \u00e0 17\u2009h. V\u00eatements, livres, jouets, articles de pu\u00e9riculture.<\/p>\n<p class=\" wall-content\"><strong>Martin-Eglise\u2009:<\/strong> foire aux jouets dans la salle des f\u00eates Andr\u00e9-D\u00e9saubry, 1 all\u00e9e du stade.\u00a0de 10\u2009h \u00e0 18\u2009h. L\u2019association Loisirs et culture organise une foire aux jouets et articles de pu\u00e9riculture\u2009: jouets, BD, consoles et jeux vid\u00e9o, v\u00e9los et v\u00eatements enfants. Salle chauff\u00e9e.<\/p>\n<p class=\" wall-content\"><strong>Mont-Saint-Aignan<\/strong>\u2009: vide-greniers au Rexy, 31 rue Aroux de 9\u2009h \u00e0 17\u2009h<\/p>\n<p class=\" wall-content\"><strong>Montivilliers\u2009<\/strong>: foire aux livres, pr\u00e8s de la piscine Belle-Etoile, rue Henri-Matisse de 9\u2009h \u00e0 17\u2009h. Entr\u00e9e 1\u00a0\u20ac.<\/p>\n<p class=\" wall-content\"><strong>Montivilliers<\/strong>\u2009: vide-greniers de l\u2019association DLLC \u00e0 l\u2019\u00e9cole Victor-Hugo, 1 place du Champ de foire de 7\u2009h\u200930 \u00e0 17\u2009h. Entr\u00e9e 1 \u20ac. Restauration sur place.<\/p>\n<p class=\" wall-content\"><strong>Rouen<\/strong>\u2009: vide-greniers au tiers lieu \u00ab\u2009La Base\u2009\u00bb, 5 rue Geuffroy de 10\u2009h \u00e0 18\u2009h. Restauration sur place. v\u00eatements, jouets, livres, d\u00e9co, vaisselle, objets insolites\u2026 Musique l\u2019apr\u00e8s-midi avec le groupe Cardere, de musique traditionnelle occitane. L\u2019occasion de d\u00e9couvrir des associations locales, et de soutenir le lieu qui rassemble des associations \u00e9cologistes.<\/p>\n<p class=\" wall-content\"><strong>Saint-Etienne-du-Rouvray<\/strong>\u2009: vide-greniers, 53 rue L\u00e9on-Gambetta de 8\u2009h \u00e0 18\u2009h. Restauration sur place. Organis\u00e9 par l\u2019union des commer\u00e7ants de Saint-Etienne-du-Rouvray.<\/p>\n<p class=\" wall-content\"><strong>Saint-Martin-aux-Arbres<\/strong>\u2009: foire \u00e0 tout et foire \u00e0 la pu\u00e9riculture aux granges de Saint-Martin de 8\u2009h \u00e0 17\u2009h\u200930. Restauration sur place.<\/p>\n<p class=\" wall-content\"><strong>Saint-Ouen-du-Breuil<\/strong>\u2009: foire \u00e0 tout couverte au gymnase et chalet, rue du stade\u00a0de 7\u2009h \u00e0 17\u2009h. Petite restauration sur place.<\/p>\n<p class=\" wall-content\"><strong>Saint-Pa\u00ebr<\/strong>\u2009: bourse aux jouets et pu\u00e9riculture dans la salle polyvalente, route de Duclair de 9\u2009h \u00e0 17\u2009h. Restauration sur place.<\/p>\n<p class=\" wall-content\"><strong>Sainte-Adresse<\/strong>\u2009: vide-greniers de l\u2019Assabut dans la salle Paul-Vatine, 30 rue Georges Boissaye du Bocage de 8\u2009h \u00e0 16\u2009h. Entr\u00e9e 1 \u20ac. Restauration sur place.<\/p>\n<p class=\" wall-content\"><strong>Yvecrique<\/strong>\u2009: foire aux livres et CD, DVD, Vinyls dans la salle des f\u00eates, de 9\u2009h \u00e0 17\u2009h.<\/p>\n<p class=\" wall-content\"><strong>Yvetot<\/strong>\u2009: foire \u00e0 tout dans la salle vieux-moulin, 49 rue de l\u2019Etang de 9\u2009h \u00e0 18\u2009h\u200930. Organis\u00e9 par l\u2019association amicale du bouloir yvetotais en salle. Restauration sur place.<\/p>\n<p>Vous souhaitez annoncer un \u00e9v\u00e9nement festif ou associatif, une initiative locale\u2009? Rendez-vous sur notre plateforme <a href=\"https:\/\/www.infolocale.fr\/decouvrir\/actu\/\" target=\"_blank\" rel=\"noopener\">Infolocale.<\/a><\/p>\n<p class=\" wall-content\">Personnalisez votre actualit\u00e9 en ajoutant vos villes et m\u00e9dias en favori avec <a href=\"https:\/\/moncompte.actu.fr\" title=\"D\u00e9couvez Mon Actu\" rel=\"nofollow noopener\" data-trk=\"{&quot;cta&quot;:{&quot;action&quot;:&quot;https:\\\/\\\/moncompte.actu.fr&quot;,&quot;category&quot;:&quot;mon compte&quot;,&quot;from&quot;:&quot;article footer&quot;,&quot;name&quot;:&quot;Mon actu&quot;,&quot;type&quot;:&quot;cta&quot;}}\" target=\"_blank\">Mon Actu<\/a>.<\/p>\n","protected":false},"excerpt":{"rendered":"Par Louise Boutard Publi\u00e9 le 11 oct. 2025 \u00e0 8h14 Il est encore temps de profiter des foires&hellip;\n","protected":false},"author":2,"featured_media":456830,"comment_status":"","ping_status":"","sticky":false,"template":"","format":"standard","meta":{"footnotes":""},"categories":[9587],"tags":[1111,11,6961,1777,674,10087,1011,27,1652,12,5161,25,9590,3365],"class_list":{"0":"post-456829","1":"post","2":"type-post","3":"status-publish","4":"format-standard","5":"has-post-thumbnail","7":"category-rouen","8":"tag-actu","9":"tag-actualites","10":"tag-brocante","11":"tag-eu","12":"tag-europe","13":"tag-foires-a-tout","14":"tag-fr","15":"tag-france","16":"tag-loisirs-culture","17":"tag-news","18":"tag-normandie","19":"tag-republique-francaise","20":"tag-rouen","21":"tag-vide-greniers"},"share_on_mastodon":{"url":"https:\/\/pubeurope.com\/@fr\/115359893889452853","error":""},"_links":{"self":[{"href":"https:\/\/www.europesays.com\/fr\/wp-json\/wp\/v2\/posts\/456829","targetHints":{"allow":["GET"]}}],"collection":[{"href":"https:\/\/www.europesays.com\/fr\/wp-json\/wp\/v2\/posts"}],"about":[{"href":"https:\/\/www.europesays.com\/fr\/wp-json\/wp\/v2\/types\/post"}],"author":[{"embeddable":true,"href":"https:\/\/www.europesays.com\/fr\/wp-json\/wp\/v2\/users\/2"}],"replies":[{"embeddable":true,"href":"https:\/\/www.europesays.com\/fr\/wp-json\/wp\/v2\/comments?post=456829"}],"version-history":[{"count":0,"href":"https:\/\/www.europesays.com\/fr\/wp-json\/wp\/v2\/posts\/456829\/revisions"}],"wp:featuredmedia":[{"embeddable":true,"href":"https:\/\/www.europesays.com\/fr\/wp-json\/wp\/v2\/media\/456830"}],"wp:attachment":[{"href":"https:\/\/www.europesays.com\/fr\/wp-json\/wp\/v2\/media?parent=456829"}],"wp:term":[{"taxonomy":"category","embeddable":true,"href":"https:\/\/www.europesays.com\/fr\/wp-json\/wp\/v2\/categories?post=456829"},{"taxonomy":"post_tag","embeddable":true,"href":"https:\/\/www.europesays.com\/fr\/wp-json\/wp\/v2\/tags?post=456829"}],"curies":[{"name":"wp","href":"https:\/\/api.w.org\/{rel}","templated":true}]}}