{"id":456836,"date":"2025-10-12T07:00:20","date_gmt":"2025-10-12T07:00:20","guid":{"rendered":"https:\/\/www.europesays.com\/fr\/456836\/"},"modified":"2025-10-12T07:00:20","modified_gmt":"2025-10-12T07:00:20","slug":"emploi-la-poste-recrute-280-saisonniers-en-bretagne-pour-trier-et-livrer-les-colis-de-noel","status":"publish","type":"post","link":"https:\/\/www.europesays.com\/fr\/456836\/","title":{"rendered":"Emploi. La Poste recrute 280 saisonniers en Bretagne pour trier et livrer les colis de No\u00ebl"},"content":{"rendered":"<p>            Par<br \/>\n        <strong><br \/>\n            <a href=\"https:\/\/actu.fr\/auteur\/clemence-pays02-actu-fr\" title=\"Consulter tous les articles de Cl\u00e9mence Pays\" target=\"_blank\" rel=\"noopener\">Cl\u00e9mence Pays<\/a><br \/>\n        <\/strong><\/p>\n<p>        Publi\u00e9 le<\/p>\n<p>            12 oct. 2025 \u00e0 6h32        <\/p>\n<p>J-74 avant <a href=\"https:\/\/actu.fr\/tag\/noel-a-rennes\" target=\"_blank\" rel=\"noopener\">No\u00ebl<\/a>. Et si cela peut para\u00eetre encore loin pour certaines personnes, <strong>La Poste est d\u00e9j\u00e0 \u00ab\u2009dans les starting-blocks\u2009\u00bb<\/strong> et se pr\u00e9pare \u00e0 \u00ab\u2009un pic de colis \u00e0 traiter et \u00e0 distribuer en un temps record\u2009\u00bb.<\/p>\n<p class=\" wall-content\">\u00ab\u2009Entre le Single Day, le Black Friday, le Cyber Monday et No\u00ebl, la fin d\u2019ann\u00e9e repr\u00e9sente un v\u00e9ritable <strong>d\u00e9fi logistique<\/strong> pour La Poste. Le <strong>volume quotidien national des colis<\/strong> \u00e0 livrer peut atteindre <strong>jusqu\u2019\u00e0 3\u00a0millions<\/strong> contre 1,5\u00a0million en temps normal\u2009\u00bb, d\u00e9taille La Poste.<\/p>\n<p class=\" wall-content\">Pour absorber ce flux important, <a href=\"https:\/\/actu.fr\/bretagne\/rennes_35238\/video-a-noel-sur-la-plateforme-la-poste-colissimo-de-rennes-on-double-notre-activite_60481231.html\" target=\"_blank\" rel=\"noopener\">la plateforme de tri Colissimo, situ\u00e9e au Rheu, pr\u00e8s de Rennes<\/a>, va \u00ab\u2009tourner \u00e0 plein r\u00e9gime\u2009\u00bb.<\/p>\n<p class=\" wall-content\">Les plus de <strong>150 sites de pr\u00e9paration\/distributions<\/strong> pr\u00e9sents dans les quatre d\u00e9partements de la <strong>Bretagne<\/strong> seront \u00e9galement fortement mobilis\u00e9s.<\/p>\n<p>280 saisonniers suppl\u00e9mentaires<\/p>\n<p class=\" wall-content\"><strong>\u00ab\u20095\u2009000 postiers bretons sont mobilis\u00e9s\u2009:<\/strong> du facteur au charg\u00e9 de client\u00e8le [\u2026] en passant par les cadres de l\u2019entreprise\u2009\u00bb.<\/p>\n<p class=\" wall-content\">Pour renforcer ses \u00e9quipes op\u00e9rationnelles, La Poste annonce \u00e9galement <strong>recruter 280 saisonniers sur des postes de tri et de livraison<\/strong> \u00e0 pourvoir de fin novembre \u00e0 fin d\u00e9cembre.<\/p>\n<p class=\" wall-content\">Les personnes qui souhaitent candidater doivent avoir \u00ab\u2009le <strong>sens du service,<\/strong> [\u00eatre] <strong>rigoureux, ponctuels, autonomes<\/strong> et dot\u00e9s d\u2019un bon <strong>esprit d\u2019\u00e9quipe\u2009\u00bb.<\/strong><\/p>\n<p>Votre r\u00e9gion, votre actu !<\/p>\n<p>Recevez chaque jour les infos qui comptent pour vous.<\/p>\n<p>\t<a href=\"https:\/\/actu.fr\/newsletter\" class=\"ac-btn ac-btn--corner ac-btn--medium ac-btn--blue800\" target=\"_blank\" rel=\"noopener\">S&rsquo;incrire<\/a><\/p>\n<p class=\" wall-content\">Ceux qui souhaitent pr\u00e9tendre \u00e0 un poste de <strong>facteurs<\/strong> doivent imp\u00e9rativement \u00eatre d\u00e9tenteur d\u2019un <strong>permis B.<\/strong><\/p>\n<p class=\" wall-content\"><strong>Pour postuler,<\/strong> les candidates et candidats peuvent se connecter au <a href=\"https:\/\/www.laposterecrute.fr\/\" target=\"_blank\" rel=\"noopener\">site de La Poste d\u00e9di\u00e9 au recrutemen<\/a>t ou se rapprocher des agences d\u2019int\u00e9rim suivantes\u2009: Actual, Ad\u00e9quat, Adecco, Crit, Gojob, Manpower, Mistertemp, Proman, RAS, Staffmatch, Start Peaople, Synergie.<\/p>\n<p class=\" wall-content\">Personnalisez votre actualit\u00e9 en ajoutant vos villes et m\u00e9dias en favori avec <a href=\"https:\/\/moncompte.actu.fr\" title=\"D\u00e9couvez Mon Actu\" rel=\"nofollow noopener\" data-trk=\"{&quot;cta&quot;:{&quot;action&quot;:&quot;https:\\\/\\\/moncompte.actu.fr&quot;,&quot;category&quot;:&quot;mon compte&quot;,&quot;from&quot;:&quot;article footer&quot;,&quot;name&quot;:&quot;Mon actu&quot;,&quot;type&quot;:&quot;cta&quot;}}\" target=\"_blank\">Mon Actu<\/a>.<\/p>\n","protected":false},"excerpt":{"rendered":"Par Cl\u00e9mence Pays Publi\u00e9 le 12 oct. 2025 \u00e0 6h32 J-74 avant No\u00ebl. Et si cela peut para\u00eetre&hellip;\n","protected":false},"author":2,"featured_media":456837,"comment_status":"","ping_status":"","sticky":false,"template":"","format":"standard","meta":{"footnotes":""},"categories":[2821],"tags":[1111,11,829,33,341,1777,674,1011,27,3316,12,584,25],"class_list":{"0":"post-456836","1":"post","2":"type-post","3":"status-publish","4":"format-standard","5":"has-post-thumbnail","7":"category-rennes","8":"tag-actu","9":"tag-actualites","10":"tag-bretagne","11":"tag-economie","12":"tag-emploi","13":"tag-eu","14":"tag-europe","15":"tag-fr","16":"tag-france","17":"tag-la-poste","18":"tag-news","19":"tag-rennes","20":"tag-republique-francaise"},"share_on_mastodon":{"url":"https:\/\/pubeurope.com\/@fr\/115359909379184873","error":""},"_links":{"self":[{"href":"https:\/\/www.europesays.com\/fr\/wp-json\/wp\/v2\/posts\/456836","targetHints":{"allow":["GET"]}}],"collection":[{"href":"https:\/\/www.europesays.com\/fr\/wp-json\/wp\/v2\/posts"}],"about":[{"href":"https:\/\/www.europesays.com\/fr\/wp-json\/wp\/v2\/types\/post"}],"author":[{"embeddable":true,"href":"https:\/\/www.europesays.com\/fr\/wp-json\/wp\/v2\/users\/2"}],"replies":[{"embeddable":true,"href":"https:\/\/www.europesays.com\/fr\/wp-json\/wp\/v2\/comments?post=456836"}],"version-history":[{"count":0,"href":"https:\/\/www.europesays.com\/fr\/wp-json\/wp\/v2\/posts\/456836\/revisions"}],"wp:featuredmedia":[{"embeddable":true,"href":"https:\/\/www.europesays.com\/fr\/wp-json\/wp\/v2\/media\/456837"}],"wp:attachment":[{"href":"https:\/\/www.europesays.com\/fr\/wp-json\/wp\/v2\/media?parent=456836"}],"wp:term":[{"taxonomy":"category","embeddable":true,"href":"https:\/\/www.europesays.com\/fr\/wp-json\/wp\/v2\/categories?post=456836"},{"taxonomy":"post_tag","embeddable":true,"href":"https:\/\/www.europesays.com\/fr\/wp-json\/wp\/v2\/tags?post=456836"}],"curies":[{"name":"wp","href":"https:\/\/api.w.org\/{rel}","templated":true}]}}