{"id":456842,"date":"2025-10-12T07:04:10","date_gmt":"2025-10-12T07:04:10","guid":{"rendered":"https:\/\/www.europesays.com\/fr\/456842\/"},"modified":"2025-10-12T07:04:10","modified_gmt":"2025-10-12T07:04:10","slug":"ce-festival-debarque-en-plein-centre-ville","status":"publish","type":"post","link":"https:\/\/www.europesays.com\/fr\/456842\/","title":{"rendered":"ce festival d\u00e9barque en plein centre-ville"},"content":{"rendered":"<p>            Par<br \/>\n        <strong><br \/>\n            <a href=\"https:\/\/actu.fr\/auteur\/ugo-maillard\" title=\"Consulter tous les articles de Ugo Maillard\" target=\"_blank\" rel=\"noopener\">Ugo Maillard<\/a><br \/>\n        <\/strong><\/p>\n<p>        Publi\u00e9 le<\/p>\n<p>            12 oct. 2025 \u00e0 8h08        <\/p>\n<p>\u00ab\u2009Le rendez-vous incontournable pour les amoureux des chiens.\u2009\u00bb Du samedi\u00a019 au dimanche 19\u00a0octobre 2025, le <strong>Woofest<\/strong> est de retour pour une deuxi\u00e8me \u00e0 Nice (<a href=\"https:\/\/actu.fr\/provence-alpes-cote-d-azur\/alpes-maritimes_06\" target=\"_blank\" rel=\"noopener\">Alpes-Maritimes<\/a>). Au programme de ces deux jours de festival, des animations dans le centre-ville\u2009: sur la promenade des Anglais et sur la colline du Ch\u00e2teau.<\/p>\n<p class=\" wall-content\">D\u00e9couvrez le programme de cet \u00e9v\u00e8nement.<\/p>\n<p>Une course sur la prom\u2019<\/p>\n<p class=\" wall-content\">Une <strong>course avec des obstacles<\/strong> sera organis\u00e9e sur la promenade des Anglais \u00e0 <a href=\"https:\/\/actu.fr\/nice\/\" target=\"_blank\" rel=\"noopener\">Nice<\/a>, durant ce week-end. Il est n\u00e9cessaire de s\u2019inscrire et de prendre un billet \u00e0 35\u00a0euros pour participer \u00e0 cet immense d\u00e9fi.<\/p>\n<p class=\" wall-content\">\u00ab\u2009Un footing convivial dans les rues de Nice avec son chien, ponctu\u00e9 de d\u00e9fis ludiques et de franchissements d\u2019obstacles. Le tout dans le d\u00e9cor ensoleill\u00e9 de la Promenade des Anglais et du centre-ville, pour un moment de sport et de complicit\u00e9 unique\u2009\u00bb, explique l\u2019organisation du festival.<\/p>\n<p class=\" wall-content\">Pour ce qui est des spectateurs, le show est \u00e9videmment gratuit.<\/p>\n<p class=\" wall-content\"><a href=\"https:\/\/www.instagram.com\/p\/DFdGUxlNz76\/embed\" title=\"Ouvrir le lien sur Instagram\" target=\"_blank\" rel=\"noopener\">Visualiser le contenu sur Instagram<\/a><\/p>\n<p>Une marche solidaire pour la cause animale<\/p>\n<p>Le Woofest lance sa Grande Marche Solidaire le samedi matin. : \u00ab\u00a0Pas de chrono ni de performance, juste le plaisir de marcher ensemble pour la cause animale. Un ticket achet\u00e9, une action concr\u00e8te de financ\u00e9e !\u00a0\u00bb<\/p>\n<p class=\" wall-content\">\u00c0 noter que les tickets pour la marche solidaire sont en vente <a href=\"https:\/\/my.wilout-online.com\/3c708940b2711d06634053ee11917d99\/s?_gl=1*16bsnhv*_gcl_au*OTc4NjA5OTMzLjE3NTEwMzY0OTAuMjU4NTA0MzE4LjE3NTgyNzUyMjYuMTc1ODI3NTIyNg..\" target=\"_blank\" rel=\"noopener\">ici<\/a>, \u00e0 12,85\u00a0euros.<\/p>\n<p>Votre r\u00e9gion, votre actu !<\/p>\n<p>Recevez chaque jour les infos qui comptent pour vous.<\/p>\n<p>\t<a href=\"https:\/\/actu.fr\/newsletter\" class=\"ac-btn ac-btn--corner ac-btn--medium ac-btn--blue800\" target=\"_blank\" rel=\"noopener\">S&rsquo;incrire<\/a><br \/>\nUn village sur la Colline du Ch\u00e2teau<\/p>\n<p class=\" wall-content\">Pour compl\u00e9ter les diff\u00e9rentes animations, un village est mis en place durant deux jours sur la Colline du Ch\u00e2teau. Enti\u00e8rement gratuit et accessible sur une ou deux journ\u00e9es, il propose aux ma\u00eetres et \u00e0 leurs compagnons \u00e0 quatre pattes un parcours riche en animations, d\u00e9monstrations et ateliers\u2009:<\/p>\n<ul class=\" wall-content\">\n<li>Activit\u00e9s ludiques et sportives\u2009: cani-paddle (piscine et mer), trotti-paddle, agility, haybale, Woof Challenge<\/li>\n<li>Bien-\u00eatre et complicit\u00e9\u2009: doga, ost\u00e9opathie, massage<\/li>\n<li>Ateliers et conseils\u2009: premiers secours animaliers, stands \u00e9ducatifs, focus VS stimulus<\/li>\n<li>Jeux et stimulations\u2009: piscine \u00e0 balles, nosework, ateliers interactifs<\/li>\n<\/ul>\n<p class=\" wall-content\">\u00ab\u2009Le village des exposants compl\u00e8te l\u2019exp\u00e9rience, avec des accessoires, gourmandises et nouveaut\u00e9s pour g\u00e2ter son fid\u00e8le compagnon\u2009\u00bb, conclut l\u2019organisation du Woofest.<\/p>\n<p class=\" wall-content\">Personnalisez votre actualit\u00e9 en ajoutant vos villes et m\u00e9dias en favori avec <a href=\"https:\/\/moncompte.actu.fr\" title=\"D\u00e9couvez Mon Actu\" rel=\"nofollow noopener\" data-trk=\"{&quot;cta&quot;:{&quot;action&quot;:&quot;https:\\\/\\\/moncompte.actu.fr&quot;,&quot;category&quot;:&quot;mon compte&quot;,&quot;from&quot;:&quot;article footer&quot;,&quot;name&quot;:&quot;Mon actu&quot;,&quot;type&quot;:&quot;cta&quot;}}\" target=\"_blank\">Mon Actu<\/a>.<\/p>\n<p>                    <script async src=\"\/\/www.instagram.com\/embed.js\"><\/script><\/p>\n","protected":false},"excerpt":{"rendered":"Par Ugo Maillard Publi\u00e9 le 12 oct. 2025 \u00e0 8h08 \u00ab\u2009Le rendez-vous incontournable pour les amoureux des chiens.\u2009\u00bb&hellip;\n","protected":false},"author":2,"featured_media":420809,"comment_status":"","ping_status":"","sticky":false,"template":"","format":"standard","meta":{"footnotes":""},"categories":[2819],"tags":[1111,11,1867,1777,674,1011,27,1652,12,2401,882,25],"class_list":{"0":"post-456842","1":"post","2":"type-post","3":"status-publish","4":"format-standard","5":"has-post-thumbnail","7":"category-nice","8":"tag-actu","9":"tag-actualites","10":"tag-animaux","11":"tag-eu","12":"tag-europe","13":"tag-fr","14":"tag-france","15":"tag-loisirs-culture","16":"tag-news","17":"tag-nice","18":"tag-provence-alpes-cote-dazur","19":"tag-republique-francaise"},"share_on_mastodon":{"url":"https:\/\/pubeurope.com\/@fr\/115359925314488420","error":""},"_links":{"self":[{"href":"https:\/\/www.europesays.com\/fr\/wp-json\/wp\/v2\/posts\/456842","targetHints":{"allow":["GET"]}}],"collection":[{"href":"https:\/\/www.europesays.com\/fr\/wp-json\/wp\/v2\/posts"}],"about":[{"href":"https:\/\/www.europesays.com\/fr\/wp-json\/wp\/v2\/types\/post"}],"author":[{"embeddable":true,"href":"https:\/\/www.europesays.com\/fr\/wp-json\/wp\/v2\/users\/2"}],"replies":[{"embeddable":true,"href":"https:\/\/www.europesays.com\/fr\/wp-json\/wp\/v2\/comments?post=456842"}],"version-history":[{"count":0,"href":"https:\/\/www.europesays.com\/fr\/wp-json\/wp\/v2\/posts\/456842\/revisions"}],"wp:featuredmedia":[{"embeddable":true,"href":"https:\/\/www.europesays.com\/fr\/wp-json\/wp\/v2\/media\/420809"}],"wp:attachment":[{"href":"https:\/\/www.europesays.com\/fr\/wp-json\/wp\/v2\/media?parent=456842"}],"wp:term":[{"taxonomy":"category","embeddable":true,"href":"https:\/\/www.europesays.com\/fr\/wp-json\/wp\/v2\/categories?post=456842"},{"taxonomy":"post_tag","embeddable":true,"href":"https:\/\/www.europesays.com\/fr\/wp-json\/wp\/v2\/tags?post=456842"}],"curies":[{"name":"wp","href":"https:\/\/api.w.org\/{rel}","templated":true}]}}