{"id":456857,"date":"2025-10-12T07:12:28","date_gmt":"2025-10-12T07:12:28","guid":{"rendered":"https:\/\/www.europesays.com\/fr\/456857\/"},"modified":"2025-10-12T07:12:28","modified_gmt":"2025-10-12T07:12:28","slug":"vendredi-03-juillet-2026-the-weeknd-se-produira-au-stade-pierre-mauroy","status":"publish","type":"post","link":"https:\/\/www.europesays.com\/fr\/456857\/","title":{"rendered":"Vendredi 03 juillet 2026, The Weeknd se produira au Stade Pierre Mauroy"},"content":{"rendered":"<p style=\"text-align: justify;\"><strong>Vendredi 03 juillet 2026, <\/strong>le <strong>Stade Pierre Mauroy <\/strong>accueillera le <strong>concert <\/strong><strong>\u00ab The Weeknd : After Hours Til Dawn Tour \u00bb !<\/strong><\/p>\n<p style=\"text-align: justify;\">The Weeknd : After Hours Til Dawn Tour !<br \/>La superstar mondiale certifi\u00e9e diamant The Weeknd a annonc\u00e9 sept nouvelles dates en Europe et au Royaume-Uni pour sa tourn\u00e9e des stades After Hours Til Dawn 2026, une extension d\u2019une s\u00e9rie d\u00e9j\u00e0 record qui a compt\u00e9 plus de 40 stades complets cette ann\u00e9e.<\/p>\n<p>Produite par Live Nation et sponsoris\u00e9e par Nespresso, la tourn\u00e9e 2026 comprendra d\u00e9sormais de nouvelles \u00e9tapes \u00e0 Manchester, Copenhague, Munich, Lille, Barcelone et Lisbonne, ainsi qu\u2019une date suppl\u00e9mentaire \u00e0 Paris.<\/p>\n<p>Playboi Carti accompagnera The Weeknd sur l\u2019ensemble des dates europ\u00e9ennes et britanniques. La tourn\u00e9e pr\u00e9c\u00e9demment annonc\u00e9e en Europe et au Royaume-Uni est presque compl\u00e8te, avec seulement quelques billets encore disponibles sur certains march\u00e9s.<\/p>\n<p>La tourn\u00e9e c\u00e9l\u00e8bre la trilogie d\u2019albums acclam\u00e9s de The Weeknd \u2014 After Hours (2020), Dawn FM (2022) et Hurry Up Tomorrow (2025) \u2014 et met en avant ses plus grands succ\u00e8s.<\/p>\n<p style=\"text-align: justify;\">La partie nord-am\u00e9ricaine a d\u00e9j\u00e0 compt\u00e9 plus de 40 stades \u00e0 guichets ferm\u00e9s, battant records d\u2019affluence et de recettes aux \u00c9tats-Unis et au Canada.<\/p>\n<p>Lanc\u00e9e en 2022, la tourn\u00e9e After Hours Til Dawn est devenue la plus grande tourn\u00e9e R&amp;B de l\u2019histoire, jou\u00e9e sur plusieurs continents : Am\u00e9rique du Nord, Europe, Royaume-Uni, Am\u00e9rique du Sud et Australie.<\/p>\n<p style=\"text-align: justify;\"><img loading=\"lazy\" decoding=\"async\" class=\"alignnone size-full wp-image-13185 tie-appear\" src=\"https:\/\/www.europesays.com\/fr\/wp-content\/uploads\/2025\/04\/1744722321_833_arrow.png\" alt=\"Puce\" width=\"9\" height=\"9\"\/> Les <strong>billets<\/strong> sont en vente dans les <strong>points de vente habituels <\/strong>\u00e0 partir du<strong> vendredi 17 octobre 2025 \u00e0 12h. Pr\u00e9vente le 16 octobre 2025 \u00e0 12h<\/strong> (Stade Pierre Mauroy\u2026).<\/p>\n<p><strong>\u00a0<\/strong><\/p>\n<p>\u00a0<\/p>\n<p class=\"has-text-align-right\">Source : Stade Pierre Mauroy \/ Image : DR \u2013 \u00a9 Live Nation<\/p>\n<p class=\"has-text-align-right\">\u00a0<\/p>\n","protected":false},"excerpt":{"rendered":"Vendredi 03 juillet 2026, le Stade Pierre Mauroy accueillera le concert \u00ab The Weeknd : After Hours Til&hellip;\n","protected":false},"author":2,"featured_media":456858,"comment_status":"","ping_status":"","sticky":false,"template":"","format":"standard","meta":{"footnotes":""},"categories":[2815],"tags":[58204,1111,11,1697,13593,1777,674,1011,27,811,1307,12,25,13595,37243,58205],"class_list":{"0":"post-456857","1":"post","2":"type-post","3":"status-publish","4":"format-standard","5":"has-post-thumbnail","7":"category-lille","8":"tag-03-juillet-2026","9":"tag-actu","10":"tag-actualites","11":"tag-concert","12":"tag-decathlon-arena","13":"tag-eu","14":"tag-europe","15":"tag-fr","16":"tag-france","17":"tag-hauts-de-france","18":"tag-lille","19":"tag-news","20":"tag-republique-francaise","21":"tag-stade-pierre-mauroy","22":"tag-the-weeknd","23":"tag-the-weeknd-after-hours-til-dawn-tour"},"share_on_mastodon":{"url":"https:\/\/pubeurope.com\/@fr\/115359957139773542","error":""},"_links":{"self":[{"href":"https:\/\/www.europesays.com\/fr\/wp-json\/wp\/v2\/posts\/456857","targetHints":{"allow":["GET"]}}],"collection":[{"href":"https:\/\/www.europesays.com\/fr\/wp-json\/wp\/v2\/posts"}],"about":[{"href":"https:\/\/www.europesays.com\/fr\/wp-json\/wp\/v2\/types\/post"}],"author":[{"embeddable":true,"href":"https:\/\/www.europesays.com\/fr\/wp-json\/wp\/v2\/users\/2"}],"replies":[{"embeddable":true,"href":"https:\/\/www.europesays.com\/fr\/wp-json\/wp\/v2\/comments?post=456857"}],"version-history":[{"count":0,"href":"https:\/\/www.europesays.com\/fr\/wp-json\/wp\/v2\/posts\/456857\/revisions"}],"wp:featuredmedia":[{"embeddable":true,"href":"https:\/\/www.europesays.com\/fr\/wp-json\/wp\/v2\/media\/456858"}],"wp:attachment":[{"href":"https:\/\/www.europesays.com\/fr\/wp-json\/wp\/v2\/media?parent=456857"}],"wp:term":[{"taxonomy":"category","embeddable":true,"href":"https:\/\/www.europesays.com\/fr\/wp-json\/wp\/v2\/categories?post=456857"},{"taxonomy":"post_tag","embeddable":true,"href":"https:\/\/www.europesays.com\/fr\/wp-json\/wp\/v2\/tags?post=456857"}],"curies":[{"name":"wp","href":"https:\/\/api.w.org\/{rel}","templated":true}]}}