{"id":456859,"date":"2025-10-12T07:13:23","date_gmt":"2025-10-12T07:13:23","guid":{"rendered":"https:\/\/www.europesays.com\/fr\/456859\/"},"modified":"2025-10-12T07:13:23","modified_gmt":"2025-10-12T07:13:23","slug":"ce-quon-fait-letat-ne-le-fait-pas-les-associations-lancent-un-sos-paroles-de-terrain-recueillies-dans-une-manifestation","status":"publish","type":"post","link":"https:\/\/www.europesays.com\/fr\/456859\/","title":{"rendered":"\u00ab\u00a0Ce qu&rsquo;on fait, l&rsquo;\u00c9tat ne le fait pas\u00a0\u00bb, les associations lancent un SOS, paroles de terrain recueillies dans une manifestation"},"content":{"rendered":"<p class=\"article__intro\">Les associations \u00e9taient dans la rue, samedi 11 octobre 2025. Elles s&rsquo;inqui\u00e8tent des baisses de subventions, de budget de plus en plus contraints. Elles craignent de ne plus remplir leurs missions. Paroles d&rsquo;acteurs de terrain au sein de la manifestation \u00e0 Lille. <\/p>\n<p>\n      La Quotidienne Soci\u00e9t\u00e9\n    <\/p>\n<p>\n      De la vie quotidienne aux grands enjeux, recevez tous les jours les sujets qui font la soci\u00e9t\u00e9 locale, comme la justice, l\u2019\u00e9ducation, la sant\u00e9 et la famille.\n    <\/p>\n<p>    France T\u00e9l\u00e9visions utilise votre adresse e-mail afin de vous envoyer la newsletter \u00ab\u00a0La Quotidienne Soci\u00e9t\u00e9\u00a0\u00bb. Vous pouvez vous d\u00e9sinscrire \u00e0 tout moment via le lien en bas de cette newsletter. <a target=\"_blank\" href=\"https:\/\/www.francetelevisions.fr\/groupe\/confidentialite\/politique-de-confidentialite\/politique-de-confidentialite-de-france-televisions-6503\" rel=\"nofollow noopener\">Notre politique de confidentialit\u00e9<\/a><\/p>\n<p>France handicap, le Planning familial, France Nature Environnement, la Ligue de protection des oiseaux, les Centres sociaux, l&rsquo;\u00e9conomie sociale et solidaire, des centaines d&rsquo;associations ont d\u00e9fil\u00e9 contre les baisses de subventions et de budget qui impactent leur quotidien. R\u00e9duire les missions ou le personnel, un dilemme pour un univers dont les effets positifs se mesurent souvent \u00e0 long terme.<\/p>\n<p><a data-article-figure=\"\" href=\"https:\/\/france3-regions.franceinfo.fr\/image\/o4HaUkWhfbPm5pUNV4bM-sJ-AAE\/1920x1080\/regions\/2025\/10\/11\/manif-asso-lille-32-00-00-00-11-68ea8e50c7b06186301311.jpg\" data-pswp-width=\"1920\" data-pswp-height=\"1080\" target=\"_blank\" rel=\"nofollow noopener\"><\/p>\n<p>          <img width=\"600\" height=\"400\" class=\"article-image lazy\" data-src=\"https:\/\/www.europesays.com\/fr\/wp-content\/uploads\/2025\/10\/manif-asso-lille-32-00-00-00-11-68ea8e50c7b06186301311.jpg\" alt=\"Dans la manifestation \u00e0 Lille, samedi 11 octobre 2025.\" fetchpriority=\"high\" as=\"image\"\/><\/p>\n<p>\n            Dans la manifestation \u00e0 Lille, samedi 11 octobre 2025.<br \/>\n                           \u2022<br \/>\n                                      \u00a9 B. Th\u00e9ry \/ FTV\n                      <\/p>\n<p><\/a><br \/>\nClaire Marchand, tr\u00e9sori\u00e8re du Planning familial du Nord<\/p>\n<p>On ne sait pas \u00e0 quelle sauce on sera mang\u00e9 sur 2026. Ce qu&rsquo;il faut bien comprendre, c&rsquo;est que, moi, je ne m&rsquo;enrichis pas. Les subventions, \u00e7a paye les salaires, \u00e7a permet d&rsquo;assurer des prestations. Nous, on a une d\u00e9l\u00e9gation de service public. Ce n&rsquo;est pas de l&rsquo;argent qu&rsquo;on jette par les fen\u00eatres.<\/p>\n<p><a data-article-figure=\"\" href=\"https:\/\/france3-regions.franceinfo.fr\/image\/jv4ASgEHl3UlZ3ZrNTOpxq0gyiA\/1920x1080\/regions\/2025\/10\/11\/manif-asso-lille-5-00-02-05-18-68ea8ceda885f602423825.jpg\" data-pswp-width=\"1920\" data-pswp-height=\"1080\" target=\"_blank\" rel=\"nofollow noopener\"><\/p>\n<p>          <img width=\"600\" height=\"400\" class=\"article-image lazy\" data-src=\"https:\/\/www.europesays.com\/fr\/wp-content\/uploads\/2025\/10\/manif-asso-lille-5-00-02-05-18-68ea8ceda885f602423825.jpg\" alt=\"Claire Marchand craint de ne plus pouvoir aider les femmes victimes de violences.\" fetchpriority=\"high\" as=\"image\"\/><\/p>\n<p>\n            Claire Marchand craint de ne plus pouvoir aider les femmes victimes de violences.<br \/>\n                           \u2022<br \/>\n                                      \u00a9 B. Th\u00e9ry \/ FTV\n                      <\/p>\n<p><\/a><\/p>\n<p>Au planning, on agit plus particuli\u00e8rement sur les Droits des femmes, mais il y a beaucoup de choses sur l&rsquo;accompagnement des femmes victimes de violence. Ce n&rsquo;est que le r\u00e9seau associatif qui fait \u00e7a. Si on coupe les vivres des associations, les personnes qu&rsquo;on aide, elles iront o\u00f9\u00a0? Ce qu&rsquo;on fait, l&rsquo;\u00c9tat ne le fait pas en fait.<\/p>\n<p>Nous n&rsquo;avons pas de probl\u00e8me pour recruter, mais si on ne peut pas payer les salaires&#8230; c&rsquo;est la question aujourd&rsquo;hui.<\/p>\n<p>Thierry Dereux, pr\u00e9sident de France Nature Environnement Hauts-de-France :<\/p>\n<p>La r\u00e9duction des budgets, \u00e7a fait des ann\u00e9es, et \u00e7a s\u2019amplifie. Peu \u00e0 peu, vous vous trouvez sans rien. Comment payer des salari\u00e9s dont on a bien besoin ? Il n\u2019y a pas que les b\u00e9n\u00e9voles\u00a0!<\/p>\n<p>France Nature Environnement, c&rsquo;est 1 million d&rsquo;adh\u00e9rents, en Outre-mer et en M\u00e9tropole. On a des baisses consid\u00e9rables. On a des diminutions drastiques.<\/p>\n<p><a data-article-figure=\"\" href=\"https:\/\/france3-regions.franceinfo.fr\/image\/PJVSe1WoaJFHBxGjhrnOJOhlZMU\/1920x1080\/regions\/2025\/10\/11\/manif-asso-lille-14-00-00-12-22-68ea8cc6e0304007981832.jpg\" data-pswp-width=\"1920\" data-pswp-height=\"1080\" target=\"_blank\" rel=\"nofollow noopener\"><\/p>\n<p>          <img width=\"600\" height=\"400\" class=\"article-image lazy\" data-src=\"https:\/\/www.europesays.com\/fr\/wp-content\/uploads\/2025\/10\/manif-asso-lille-14-00-00-12-22-68ea8cc6e0304007981832.jpg\" alt=\"Thierry Dereux, Pr\u00e9sident de FNE Hauts-de-France.\" fetchpriority=\"high\" as=\"image\"\/><\/p>\n<p>\n            Thierry Dereux, Pr\u00e9sident de FNE Hauts-de-France.<br \/>\n                           \u2022<br \/>\n                                      \u00a9 B. Th\u00e9ry \/ FTV\n                      <\/p>\n<p><\/a><\/p>\n<p>Ce qui nous fait le plus peur, c&rsquo;est de devoir licencier. On a compt\u00e9 60\u00a0000 salari\u00e9s qui pourraient \u00eatre licenci\u00e9s. Ce qui pourrait aussi nous faire peur ce sont les r\u00e9gressions environnementales qui sont tr\u00e8s importantes. (&#8230;) Il y a des atteintes \u00e0 l&rsquo;environnement en permanence. Nous sommes des vigies sur le terrain, on est des lanceurs d&rsquo;alerte, on r\u00e9alise des op\u00e9rations, par exemple sur les d\u00e9chets qu\u2019on appelle \u00ab\u00a0Sentinelles de la nature\u00a0\u00bb\u00a0: des gens d\u00e9tectent des probl\u00e8mes de d\u00e9p\u00f4t sauvage \u2014 et Dieu sait qu&rsquo;il y en a dans le Nord-, on travaille l\u00e0-dessus et demain si on n&rsquo;a plus les moyens, on va laisser pourrir tout \u00e7a.<\/p>\n<p>\u00a0<\/p>\n<p>Emmanuel Varin, coordinateur p\u00e9dagogique Le Petit Poucet, association des centres sociaux de la r\u00e9gion de Valenciennes<\/p>\n<p>Dans les centres sociaux, on ne peut pas maintenir le niveau d&rsquo;action qu&rsquo;on aimerait pouvoir maintenir. On ne peut pas faire face \u00e0 la demande des habitants parce qu&rsquo;il y a de moins en moins de subventions. On a l&rsquo;impression que le gouvernement, que la chose politique d&rsquo;une mani\u00e8re g\u00e9n\u00e9rale, nous rit au nez en permanence. On veut se faire entendre parce qu&rsquo;on pense qu&rsquo;on est l\u00e0 pour cr\u00e9er du lien social et qu&rsquo;on a besoin de nous. On a besoin des b\u00e9n\u00e9voles, on a besoin des habitants et des professionnels et on a envie de le faire savoir.<\/p>\n<p><a data-article-figure=\"\" href=\"https:\/\/france3-regions.franceinfo.fr\/image\/K3V0IFZCoe5qEzTHRSIY7zaZg_w\/1920x1080\/regions\/2025\/10\/11\/manif-asso-lille-25-00-00-23-24-68ea8c9b02707163473827.jpg\" data-pswp-width=\"1920\" data-pswp-height=\"1080\" target=\"_blank\" rel=\"nofollow noopener\"><\/p>\n<p>          <img width=\"600\" height=\"400\" class=\"article-image lazy\" data-src=\"https:\/\/www.europesays.com\/fr\/wp-content\/uploads\/2025\/10\/manif-asso-lille-25-00-00-23-24-68ea8c9b02707163473827.jpg\" alt=\"Emmanuel Varin d\u00e9plore des budgets en baisse dans les Centres sociaux.\" fetchpriority=\"high\" as=\"image\"\/><\/p>\n<p>\n            Emmanuel Varin d\u00e9plore des budgets en baisse dans les Centres sociaux.<br \/>\n                           \u2022<br \/>\n                                      \u00a9 B. Th\u00e9ry \/ FTV\n                      <\/p>\n<p><\/a><\/p>\n<p>Au niveau du budget, de la tr\u00e9sorerie, de tous les moyens mat\u00e9riels qui nous sont donn\u00e9s, on a l&rsquo;impression d&rsquo;\u00eatre toujours en train de mendier et d&rsquo;\u00eatre les pauvres. Alors que ce qui se vit au quotidien, c&rsquo;est la sant\u00e9, c&rsquo;est l&rsquo;action sociale, c&rsquo;est la solitude des a\u00een\u00e9s, des seniors sur laquelle on essaie de mettre des petits pansements, des petits sparadraps. C&rsquo;est pour \u00e7a qu&rsquo;on a mis des sparadraps. On est un peu pitoyable et mis\u00e9rable avec nos pansements et nos sparadraps, mais faute de mieux, on essaie de les tenir tant qu&rsquo;il est possible de les tenir.<\/p>\n","protected":false},"excerpt":{"rendered":"Les associations \u00e9taient dans la rue, samedi 11 octobre 2025. Elles s&rsquo;inqui\u00e8tent des baisses de subventions, de budget&hellip;\n","protected":false},"author":2,"featured_media":456860,"comment_status":"","ping_status":"","sticky":false,"template":"","format":"standard","meta":{"footnotes":""},"categories":[2815],"tags":[1111,11,1777,674,1011,27,811,1307,12,25],"class_list":{"0":"post-456859","1":"post","2":"type-post","3":"status-publish","4":"format-standard","5":"has-post-thumbnail","7":"category-lille","8":"tag-actu","9":"tag-actualites","10":"tag-eu","11":"tag-europe","12":"tag-fr","13":"tag-france","14":"tag-hauts-de-france","15":"tag-lille","16":"tag-news","17":"tag-republique-francaise"},"share_on_mastodon":{"url":"https:\/\/pubeurope.com\/@fr\/115359960658794667","error":""},"_links":{"self":[{"href":"https:\/\/www.europesays.com\/fr\/wp-json\/wp\/v2\/posts\/456859","targetHints":{"allow":["GET"]}}],"collection":[{"href":"https:\/\/www.europesays.com\/fr\/wp-json\/wp\/v2\/posts"}],"about":[{"href":"https:\/\/www.europesays.com\/fr\/wp-json\/wp\/v2\/types\/post"}],"author":[{"embeddable":true,"href":"https:\/\/www.europesays.com\/fr\/wp-json\/wp\/v2\/users\/2"}],"replies":[{"embeddable":true,"href":"https:\/\/www.europesays.com\/fr\/wp-json\/wp\/v2\/comments?post=456859"}],"version-history":[{"count":0,"href":"https:\/\/www.europesays.com\/fr\/wp-json\/wp\/v2\/posts\/456859\/revisions"}],"wp:featuredmedia":[{"embeddable":true,"href":"https:\/\/www.europesays.com\/fr\/wp-json\/wp\/v2\/media\/456860"}],"wp:attachment":[{"href":"https:\/\/www.europesays.com\/fr\/wp-json\/wp\/v2\/media?parent=456859"}],"wp:term":[{"taxonomy":"category","embeddable":true,"href":"https:\/\/www.europesays.com\/fr\/wp-json\/wp\/v2\/categories?post=456859"},{"taxonomy":"post_tag","embeddable":true,"href":"https:\/\/www.europesays.com\/fr\/wp-json\/wp\/v2\/tags?post=456859"}],"curies":[{"name":"wp","href":"https:\/\/api.w.org\/{rel}","templated":true}]}}