{"id":456862,"date":"2025-10-12T07:15:14","date_gmt":"2025-10-12T07:15:14","guid":{"rendered":"https:\/\/www.europesays.com\/fr\/456862\/"},"modified":"2025-10-12T07:15:14","modified_gmt":"2025-10-12T07:15:14","slug":"jo-euro-mondial-les-marseillais-rodes-aux-plus-grands-evenements-sportifs","status":"publish","type":"post","link":"https:\/\/www.europesays.com\/fr\/456862\/","title":{"rendered":"JO, Euro, mondial&#8230; Les Marseillais rod\u00e9s aux plus grands \u00e9v\u00e9nements sportifs"},"content":{"rendered":"<p>Comparaison n&rsquo;est pas raison. Encore moins dans ce domaine. Entre Marseille et Aix, c\u00f4t\u00e9 accueil d&rsquo;\u00e9v\u00e9nements sportifs, c&rsquo;est le jour et la nuit quand il s&rsquo;agit de lister les manifestations qui s&rsquo;y d\u00e9roulent chaque ann\u00e9e, ou bien ponctuellement. \u00ab\u00a0Aix est attractive en termes de qualit\u00e9 de vie notamment, c&rsquo;est une ville tr\u00e8s connue, du moins en France, mais Marseille c&rsquo;est un phare, et cette puissance lui donne la capacit\u00e9 d&rsquo;organiser de grands \u00e9v\u00e9nements populaires. Elle est plus int\u00e9ressante, plus efficiente\u00a0\u00bb, analyse Eric Quintin.<\/p>\n<p>La liste des grands \u00e9v\u00e9nements re\u00e7us ces 30 derni\u00e8res ann\u00e9es donnerait presque le tournis aux fans de sport : coupe du monde 1998, deux mondiaux de rugby (2007, 2023), Euro-2016 <a href=\"https:\/\/www.laprovence.com\/article\/region\/1152363644122715\/leffet-jeux-olympiques-deja-ressenti-dans-les-clubs-de-sport-provencaux\" target=\"_blank\" rel=\"nofollow noopener\">ou encore les Jeux olympiques en 2024 avec l&rsquo;accueil des \u00e9preuves de voile<\/a> et football, demi-finales de Top 14 et finales de coupes d&rsquo;Europe de rugby.<\/p>\n<p>Un palmar\u00e8s unique<\/p>\n<p>C&rsquo;est simple, aucune autre ville en France, hormis Paris et Saint-Denis, peut se targuer d&rsquo;avoir un tel palmar\u00e8s, d&rsquo;autant que Marseille a, \u00e0 chaque fois, eu un r\u00f4le central dans ces organisations en h\u00e9ritant de rencontres importantes. Et c&rsquo;est sans parler des diff\u00e9rents matches des \u00e9quipes de France (football et r&#8230;<\/p>\n","protected":false},"excerpt":{"rendered":"Comparaison n&rsquo;est pas raison. Encore moins dans ce domaine. Entre Marseille et Aix, c\u00f4t\u00e9 accueil d&rsquo;\u00e9v\u00e9nements sportifs, c&rsquo;est&hellip;\n","protected":false},"author":2,"featured_media":456863,"comment_status":"","ping_status":"","sticky":false,"template":"","format":"standard","meta":{"footnotes":""},"categories":[2814],"tags":[17,1111,11,2835,1777,450,674,1011,27,3237,151,761,884,2181,12,882,25,60],"class_list":{"0":"post-456862","1":"post","2":"type-post","3":"status-publish","4":"format-standard","5":"has-post-thumbnail","7":"category-marseille","8":"tag-17","9":"tag-actu","10":"tag-actualites","11":"tag-aix","12":"tag-eu","13":"tag-euro","14":"tag-europe","15":"tag-fr","16":"tag-france","17":"tag-jo","18":"tag-les","19":"tag-marseillais","20":"tag-marseille","21":"tag-mondial","22":"tag-news","23":"tag-provence-alpes-cote-dazur","24":"tag-republique-francaise","25":"tag-sports"},"share_on_mastodon":{"url":"https:\/\/pubeurope.com\/@fr\/115359968460404846","error":""},"_links":{"self":[{"href":"https:\/\/www.europesays.com\/fr\/wp-json\/wp\/v2\/posts\/456862","targetHints":{"allow":["GET"]}}],"collection":[{"href":"https:\/\/www.europesays.com\/fr\/wp-json\/wp\/v2\/posts"}],"about":[{"href":"https:\/\/www.europesays.com\/fr\/wp-json\/wp\/v2\/types\/post"}],"author":[{"embeddable":true,"href":"https:\/\/www.europesays.com\/fr\/wp-json\/wp\/v2\/users\/2"}],"replies":[{"embeddable":true,"href":"https:\/\/www.europesays.com\/fr\/wp-json\/wp\/v2\/comments?post=456862"}],"version-history":[{"count":0,"href":"https:\/\/www.europesays.com\/fr\/wp-json\/wp\/v2\/posts\/456862\/revisions"}],"wp:featuredmedia":[{"embeddable":true,"href":"https:\/\/www.europesays.com\/fr\/wp-json\/wp\/v2\/media\/456863"}],"wp:attachment":[{"href":"https:\/\/www.europesays.com\/fr\/wp-json\/wp\/v2\/media?parent=456862"}],"wp:term":[{"taxonomy":"category","embeddable":true,"href":"https:\/\/www.europesays.com\/fr\/wp-json\/wp\/v2\/categories?post=456862"},{"taxonomy":"post_tag","embeddable":true,"href":"https:\/\/www.europesays.com\/fr\/wp-json\/wp\/v2\/tags?post=456862"}],"curies":[{"name":"wp","href":"https:\/\/api.w.org\/{rel}","templated":true}]}}