{"id":456864,"date":"2025-10-12T07:16:11","date_gmt":"2025-10-12T07:16:11","guid":{"rendered":"https:\/\/www.europesays.com\/fr\/456864\/"},"modified":"2025-10-12T07:16:11","modified_gmt":"2025-10-12T07:16:11","slug":"quand-lavocat-du-maire-de-lyon-seme-le-doute-sur-la-legalite-de-ces-depenses","status":"publish","type":"post","link":"https:\/\/www.europesays.com\/fr\/456864\/","title":{"rendered":"quand l&rsquo;avocat du maire de Lyon s\u00e8me le doute sur la l\u00e9galit\u00e9 de ces d\u00e9penses"},"content":{"rendered":"<p><a href=\"https:\/\/www.lyonmag.com\/article\/147217\/virees-shopping-du-maire-de-lyon-face-aux-attaques-voici-les-depenses-reelles-de-gregory-doucet\" target=\"_blank\" rel=\"noopener\">La pol\u00e9mique sur les frais de repr\u00e9sentation du maire de Lyon<\/a> prend un nouveau tournant juridique. Apr\u00e8s avoir d\u00e9nonc\u00e9 ce qu&rsquo;il consid\u00e8re \u00eatre des \u00ab\u00a0vir\u00e9es shopping\u00a0\u00bb aux frais des Lyonnais, <a href=\"https:\/\/www.lyonmag.com\/profil-personnalite-lyonnaise\/753\/alexandre-humbert-dupalais\" target=\"_blank\" rel=\"noopener\">Alexandre Dupalais<\/a>, avocat et candidat \u00e0 la mairie en 2026, ne s\u2019en tient plus uniquement \u00e0 la morale ou \u00e0 l\u2019\u00e9thique : il questionne d\u00e9sormais la l\u00e9galit\u00e9 m\u00eame de ces remboursements.<\/p>\n<p>Jusqu\u2019ici, la Ville de Lyon assurait avoir r\u00e9duit drastiquement les d\u00e9penses et \u00eatre largement en dessous du seuil r\u00e9glementaire, avec environ 800 euros par an rembours\u00e9s \u00e0 <a href=\"https:\/\/www.lyonmag.com\/profil-personnalite-lyonnaise\/504\/gregory-doucet\" target=\"_blank\" rel=\"noopener\">Gr\u00e9gory Doucet<\/a>. Mais un \u00e9l\u00e9ment inattendu vient fragiliser cette d\u00e9fense : le cabinet de l\u2019avocat de l&rsquo;\u00e9dile, Me Didier Seban \u2014 notamment au c\u00f4t\u00e9 du maire de Lyon lors de son placement en garde \u00e0 vue dans l&rsquo;affaire dite des charg\u00e9s de missions de la Ville de Lyon \u2014 n\u2019est pas totalement align\u00e9 sur la position de son client.<\/p>\n<p>Dans un article de\u00a0<a href=\"https:\/\/www.maire-info.com\/r\u00e9glementation\/frais-de-representation-des-maires-rappel-des-regles-article-30051\" target=\"_blank\" rel=\"noopener\">maire-info<\/a>, m\u00e9dia de r\u00e9f\u00e9rence des \u00e9lus locaux, le cabinet Seban,\u00a0sp\u00e9cialis\u00e9 en droit des collectivit\u00e9s locales,\u00a0a analys\u00e9 les rapports de chambres r\u00e9gionales des comptes concernant d&rsquo;autres communes. Et sa conclusion est sans ambigu\u00eft\u00e9 : \u00ab\u00a0les frais d\u2019habillement &lsquo;ne peuvent vraisemblablement pas \u00eatre pris en charge au titre des frais de repr\u00e9sentation&rsquo;, ne pouvant \u00eatre rattach\u00e9s &lsquo;\u00e0 un quelconque int\u00e9r\u00eat communal&rsquo;.\u00a0\u00bb<\/p>\n<p>Une exception pourrait exister uniquement \u00ab\u00a0s\u2019il s\u2019agit d\u2019une d\u00e9pense li\u00e9e \u00e0 une c\u00e9r\u00e9monie particuli\u00e8re, &lsquo;exigeant par exemple une tenue de gala&rsquo;, comme l&rsquo;avait relev\u00e9 la CRC de la r\u00e9gion Paca.\u00a0\u00bb<\/p>\n<p>Toujours dans les colonnes du quotidien, le cabinet pr\u00e9vient m\u00eame : \u00ab\u00a0Les maires concern\u00e9s ont donc int\u00e9r\u00eat \u00e0 la plus grande prudence sur cette question et, en tout \u00e9tat de cause, ils doivent absolument conserver les justificatifs de toutes les d\u00e9penses qui justifient le versement de cette indemnit\u00e9. Et ne pas oublier que ces notes de frais, factures, etc., peuvent \u00eatre rendues publiques.\u00a0\u00bb<\/p>\n<p>Pour Alexandre Dupalais, cet avis juridique change la donne : \u00ab\u00a0Il (Gr\u00e9gory Doucet) a fait campagne sur la sobri\u00e9t\u00e9, il se fait quand m\u00eame rembourser des costumes et des chemises sur les frais de la mairie. Ce n\u2019est pas \u00e0 moi d\u2019appr\u00e9cier, c\u2019est \u00e0 chaque \u00e9lecteur de se faire son opinion.\u00a0En revanche, concernant la l\u00e9galit\u00e9 c\u2019est discutable. L\u2019avocat de Gregory Doucet estime que les frais d\u2019habillement ne sont pas susceptibles d\u2019\u00eatre rembours\u00e9s. C\u2019est quand m\u00eame une information int\u00e9ressante.\u00a0\u00bb<\/p>\n<p><strong>\u00ab\u00a0On ne repr\u00e9sente personne en poncho !\u00a0\u00bb<\/strong><\/p>\n<p>Il assure ne pas s\u2019arr\u00eater au simple d\u00e9bat moral :\u00a0\u00bbJe pense que d\u2019un point de vue global l\u2019ensemble des Fran\u00e7ais qui doivent bien s\u2019habiller pour aller au travail, \u00e0 leurs frais, ne doivent pas bien comprendre que les maires se fassent rembourser leur v\u00eatement par la collectivit\u00e9 surtout au vu des indemnit\u00e9s qu\u2019ils touchent.\u00a0\u00bb<\/p>\n<p>Et m\u00eame si les montants ont \u00e9t\u00e9 vot\u00e9s en conseil municipal, Alexandre Dupalais est cat\u00e9gorique : \u00ab\u00a0Ce n\u2019est pas parce que c\u2019est vot\u00e9 que c\u2019est l\u00e9gal, ils s\u2019abritent tous en disant que tout le monde fait \u00e7a, mais \u00e7a ne veut toujours pas dire que c\u2019est l\u00e9gal.\u00a0\u00bb<\/p>\n<p>Alexandre Dupalais pointe aussi la nature de certaines d\u00e9penses du maire de Lyon : un poncho \u00e0 45 euros et un \u00ab\u00a0surpantalon ville\u00a0\u00bb \u00e0 25 euros achet\u00e9s le 16 mai 2024 dans un magasin D\u00e9cathlon. \u00ab\u00a0Pour le coup on parle de frais de repr\u00e9sentation et je crois qu&rsquo;on ne repr\u00e9sente personne en poncho !\u00a0\u00bb, ironise-t-il. Il ajoute : \u00ab\u00a0Quand on fait campagne sur la sobri\u00e9t\u00e9, qu\u2019on veut donner cette image de chevalier blanc \u00e0 d\u00e9noncer, \u00e0 \u00eatre tout le temps sur le terrain de la morale, c&rsquo;est quand m\u00eame assez hypocrite.\u00a0\u00bb<\/p>\n<p>Selon le candidat UDR-RN, il n\u2019appartient plus au d\u00e9bat politique de trancher :\u00a0\u00ab\u00a0\u00c7a sera au parquet de trancher et d\u2019instruire ou pas.\u00a0\u00bb Il regrette m\u00eame que la droite classique ne se saisisse pas du dossier : \u00ab\u00a0J\u2019aurai pens\u00e9 que l\u2019opposition lyonnaise se serait pench\u00e9 sur le dossier, il faut que moi, modeste opposant qui ne suis pas \u00e9lu fasse \u00e7a.\u00a0\u00bb<\/p>\n<p>En toile de fond, subsiste la question de la transparence des finances publiques : \u00ab\u00a0La moindre des choses pour les Lyonnais, c\u2019est de rendre compte de comment on d\u00e9pense leur argent.\u00a0\u00bb\u00a0Et Alexandre Dupalais conclut en m\u00ealant fiscalit\u00e9 et priorit\u00e9s :\u00a0\u00bbQuand on augmente de 9% la taxe fonci\u00e8re, il faut nous expliquer \u00e0 quoi \u00e7a sert, je refuse que ce soit pour payer des costumes \u00e0 Gr\u00e9gory Doucet, d\u00e9sol\u00e9. Surtout quand on est larmoyant en disant qu\u2019on n&rsquo;a plus de sous.\u00a0\u00bb<\/p>\n","protected":false},"excerpt":{"rendered":"La pol\u00e9mique sur les frais de repr\u00e9sentation du maire de Lyon prend un nouveau tournant juridique. Apr\u00e8s avoir&hellip;\n","protected":false},"author":2,"featured_media":456865,"comment_status":"","ping_status":"","sticky":false,"template":"","format":"standard","meta":{"footnotes":""},"categories":[1889],"tags":[1111,11,2813,2190,2430,1109,251,1112,2811,1777,674,118,1011,27,1922,1110,1114,2428,2810,12,241,316,25,2812,517,800],"class_list":{"0":"post-456864","1":"post","2":"type-post","3":"status-publish","4":"format-standard","5":"has-post-thumbnail","7":"category-lyon","8":"tag-actu","9":"tag-actualites","10":"tag-article","11":"tag-asvel","12":"tag-auvergne-rhone-alpes","13":"tag-breves","14":"tag-culture","15":"tag-depeches","16":"tag-economique","17":"tag-eu","18":"tag-europe","19":"tag-faits-divers","20":"tag-fr","21":"tag-france","22":"tag-info","23":"tag-informations","24":"tag-infos","25":"tag-lyon","26":"tag-lyonmag","27":"tag-news","28":"tag-ol","29":"tag-politique","30":"tag-republique-francaise","31":"tag-sociale","32":"tag-sport","33":"tag-transports"},"share_on_mastodon":{"url":"https:\/\/pubeurope.com\/@fr\/115359972370142870","error":""},"_links":{"self":[{"href":"https:\/\/www.europesays.com\/fr\/wp-json\/wp\/v2\/posts\/456864","targetHints":{"allow":["GET"]}}],"collection":[{"href":"https:\/\/www.europesays.com\/fr\/wp-json\/wp\/v2\/posts"}],"about":[{"href":"https:\/\/www.europesays.com\/fr\/wp-json\/wp\/v2\/types\/post"}],"author":[{"embeddable":true,"href":"https:\/\/www.europesays.com\/fr\/wp-json\/wp\/v2\/users\/2"}],"replies":[{"embeddable":true,"href":"https:\/\/www.europesays.com\/fr\/wp-json\/wp\/v2\/comments?post=456864"}],"version-history":[{"count":0,"href":"https:\/\/www.europesays.com\/fr\/wp-json\/wp\/v2\/posts\/456864\/revisions"}],"wp:featuredmedia":[{"embeddable":true,"href":"https:\/\/www.europesays.com\/fr\/wp-json\/wp\/v2\/media\/456865"}],"wp:attachment":[{"href":"https:\/\/www.europesays.com\/fr\/wp-json\/wp\/v2\/media?parent=456864"}],"wp:term":[{"taxonomy":"category","embeddable":true,"href":"https:\/\/www.europesays.com\/fr\/wp-json\/wp\/v2\/categories?post=456864"},{"taxonomy":"post_tag","embeddable":true,"href":"https:\/\/www.europesays.com\/fr\/wp-json\/wp\/v2\/tags?post=456864"}],"curies":[{"name":"wp","href":"https:\/\/api.w.org\/{rel}","templated":true}]}}