{"id":456868,"date":"2025-10-12T07:18:12","date_gmt":"2025-10-12T07:18:12","guid":{"rendered":"https:\/\/www.europesays.com\/fr\/456868\/"},"modified":"2025-10-12T07:18:12","modified_gmt":"2025-10-12T07:18:12","slug":"vins-en-ile-de-france-quand-ligp-tire-la-qualite-des-productions-vers-le-haut","status":"publish","type":"post","link":"https:\/\/www.europesays.com\/fr\/456868\/","title":{"rendered":"Vins en \u00cele-de-France\u00a0: quand \u00ab\u00a0l\u2019IGP tire la qualit\u00e9 des productions vers le haut\u00a0\u00bb"},"content":{"rendered":"<p class=\"paragraph text_align_left lp-f-body-02\">Depuis 2021, <a href=\"https:\/\/www.leparisien.fr\/essonne-91\/nous-visons-lexcellence-la-percee-inattendue-du-vin-dile-de-france-12-10-2025-FUZYXAD4EBBOBILML4J36LE374.php\" target=\"_blank\" rel=\"noreferrer nofollow noopener\">les producteurs de vins franciliens<\/a> peuvent revendiquer l\u2019origine de leurs productions avec l\u2019indication g\u00e9ographique prot\u00e9g\u00e9e (IGP) \u00cele-de-France. Un gage de qualit\u00e9 qui, selon le pr\u00e9sident du Syndicat des vignerons d\u2019\u00cele-de-France (Syvif), Patric Bersac, a tir\u00e9 la qualit\u00e9 vers le haut.<\/p>\n<p class=\"paragraph text_align_left lp-f-body-02\"><b>Vingt ans d\u2019efforts ont \u00e9t\u00e9 n\u00e9cessaires pour que l\u2019IGP \u00cele-de-France voie le jour en 2021. Que change-t-elle pour les producteurs ?<\/b><\/p>\n","protected":false},"excerpt":{"rendered":"Depuis 2021, les producteurs de vins franciliens peuvent revendiquer l\u2019origine de leurs productions avec l\u2019indication g\u00e9ographique prot\u00e9g\u00e9e (IGP)&hellip;\n","protected":false},"author":2,"featured_media":456869,"comment_status":"","ping_status":"","sticky":false,"template":"","format":"standard","meta":{"footnotes":""},"categories":[1592],"tags":[1111,11,3013,1936,1777,674,1011,27,662,1944,12,626,25],"class_list":{"0":"post-456868","1":"post","2":"type-post","3":"status-publish","4":"format-standard","5":"has-post-thumbnail","7":"category-ile-de-france","8":"tag-actu","9":"tag-actualites","10":"tag-bien-manger","11":"tag-essonne","12":"tag-eu","13":"tag-europe","14":"tag-fr","15":"tag-france","16":"tag-ile-de-france","17":"tag-ma-ville","18":"tag-news","19":"tag-paris","20":"tag-republique-francaise"},"share_on_mastodon":{"url":"https:\/\/pubeurope.com\/@fr\/115359980225494966","error":""},"_links":{"self":[{"href":"https:\/\/www.europesays.com\/fr\/wp-json\/wp\/v2\/posts\/456868","targetHints":{"allow":["GET"]}}],"collection":[{"href":"https:\/\/www.europesays.com\/fr\/wp-json\/wp\/v2\/posts"}],"about":[{"href":"https:\/\/www.europesays.com\/fr\/wp-json\/wp\/v2\/types\/post"}],"author":[{"embeddable":true,"href":"https:\/\/www.europesays.com\/fr\/wp-json\/wp\/v2\/users\/2"}],"replies":[{"embeddable":true,"href":"https:\/\/www.europesays.com\/fr\/wp-json\/wp\/v2\/comments?post=456868"}],"version-history":[{"count":0,"href":"https:\/\/www.europesays.com\/fr\/wp-json\/wp\/v2\/posts\/456868\/revisions"}],"wp:featuredmedia":[{"embeddable":true,"href":"https:\/\/www.europesays.com\/fr\/wp-json\/wp\/v2\/media\/456869"}],"wp:attachment":[{"href":"https:\/\/www.europesays.com\/fr\/wp-json\/wp\/v2\/media?parent=456868"}],"wp:term":[{"taxonomy":"category","embeddable":true,"href":"https:\/\/www.europesays.com\/fr\/wp-json\/wp\/v2\/categories?post=456868"},{"taxonomy":"post_tag","embeddable":true,"href":"https:\/\/www.europesays.com\/fr\/wp-json\/wp\/v2\/tags?post=456868"}],"curies":[{"name":"wp","href":"https:\/\/api.w.org\/{rel}","templated":true}]}}