{"id":456870,"date":"2025-10-12T07:19:13","date_gmt":"2025-10-12T07:19:13","guid":{"rendered":"https:\/\/www.europesays.com\/fr\/456870\/"},"modified":"2025-10-12T07:19:13","modified_gmt":"2025-10-12T07:19:13","slug":"les-vins-franciliens-prises-jusqua-new-york-ce-ne-sont-pas-de-simples-curiosites","status":"publish","type":"post","link":"https:\/\/www.europesays.com\/fr\/456870\/","title":{"rendered":"Les vins franciliens pris\u00e9s jusqu\u2019\u00e0 New York\u00a0: ce ne sont pas \u00ab\u00a0de simples curiosit\u00e9s\u00a0\u00bb"},"content":{"rendered":"<p class=\"paragraph text_align_left lp-f-body-02\">Quand il jette un \u0153il dans le r\u00e9troviseur, le journaliste \u00e0 la Revue du vin de France, Alexis Goujard, note une r\u00e9elle am\u00e9lioration de la production francilienne. \u00ab Il y a cinq ou six ans, il y avait surtout des domaines associatifs, pointe le sp\u00e9cialiste. Le c\u00f4t\u00e9 festif des vendanges l\u2019emportait sur la vinification. Les volumes, assez faibles, \u00e9taient pour ainsi dire presque produits \u00e0 but non lucratif. \u00bb<\/p>\n<p class=\"paragraph text_align_left lp-f-body-02\">Mais l\u2019envie de produire des vins de qualit\u00e9 a rapidement \u00e9merg\u00e9. \u00ab Tout a chang\u00e9 avec l\u2019arriv\u00e9e des domaines de <a href=\"https:\/\/www.leparisien.fr\/yvelines-78\/concours-des-vins-dile-de-france-la-bouche-du-roi-redonne-sa-noblesse-a-la-plaine-de-versailles-01-10-2023-GPKT3ULBL5AWXIAC3UCP2DQ4PA.php\" target=\"_self\" rel=\"noopener\">la Bouche du Roi<\/a> dans les Yvelines et des <a href=\"https:\/\/www.leparisien.fr\/seine-et-marne-77\/les-coteaux-du-montguichet-meilleur-vin-dile-de-france-la-reconnaissance-dun-projet-fou-07-10-2023-MYO2FYYTMJCHNGRJ577NKKG3VQ.php\" target=\"_self\" rel=\"noopener\">Coteaux du Montguichet<\/a> en Seine-et-Marne (lire par ailleurs), note le journaliste. Ils ont pr\u00eat\u00e9 une grande attention au choix des c\u00e9pages et ont imm\u00e9diatement eu la volont\u00e9 de cr\u00e9er des vins ambitieux et p\u00e9rennes. \u00bb<\/p>\n","protected":false},"excerpt":{"rendered":"Quand il jette un \u0153il dans le r\u00e9troviseur, le journaliste \u00e0 la Revue du vin de France, Alexis&hellip;\n","protected":false},"author":2,"featured_media":456871,"comment_status":"","ping_status":"","sticky":false,"template":"","format":"standard","meta":{"footnotes":""},"categories":[1592],"tags":[1111,11,1936,1777,674,1011,27,662,1944,12,626,25],"class_list":{"0":"post-456870","1":"post","2":"type-post","3":"status-publish","4":"format-standard","5":"has-post-thumbnail","7":"category-ile-de-france","8":"tag-actu","9":"tag-actualites","10":"tag-essonne","11":"tag-eu","12":"tag-europe","13":"tag-fr","14":"tag-france","15":"tag-ile-de-france","16":"tag-ma-ville","17":"tag-news","18":"tag-paris","19":"tag-republique-francaise"},"share_on_mastodon":{"url":"https:\/\/pubeurope.com\/@fr\/115359984278293686","error":""},"_links":{"self":[{"href":"https:\/\/www.europesays.com\/fr\/wp-json\/wp\/v2\/posts\/456870","targetHints":{"allow":["GET"]}}],"collection":[{"href":"https:\/\/www.europesays.com\/fr\/wp-json\/wp\/v2\/posts"}],"about":[{"href":"https:\/\/www.europesays.com\/fr\/wp-json\/wp\/v2\/types\/post"}],"author":[{"embeddable":true,"href":"https:\/\/www.europesays.com\/fr\/wp-json\/wp\/v2\/users\/2"}],"replies":[{"embeddable":true,"href":"https:\/\/www.europesays.com\/fr\/wp-json\/wp\/v2\/comments?post=456870"}],"version-history":[{"count":0,"href":"https:\/\/www.europesays.com\/fr\/wp-json\/wp\/v2\/posts\/456870\/revisions"}],"wp:featuredmedia":[{"embeddable":true,"href":"https:\/\/www.europesays.com\/fr\/wp-json\/wp\/v2\/media\/456871"}],"wp:attachment":[{"href":"https:\/\/www.europesays.com\/fr\/wp-json\/wp\/v2\/media?parent=456870"}],"wp:term":[{"taxonomy":"category","embeddable":true,"href":"https:\/\/www.europesays.com\/fr\/wp-json\/wp\/v2\/categories?post=456870"},{"taxonomy":"post_tag","embeddable":true,"href":"https:\/\/www.europesays.com\/fr\/wp-json\/wp\/v2\/tags?post=456870"}],"curies":[{"name":"wp","href":"https:\/\/api.w.org\/{rel}","templated":true}]}}