{"id":456884,"date":"2025-10-12T07:26:12","date_gmt":"2025-10-12T07:26:12","guid":{"rendered":"https:\/\/www.europesays.com\/fr\/456884\/"},"modified":"2025-10-12T07:26:12","modified_gmt":"2025-10-12T07:26:12","slug":"aux-etats-unis-les-therapies-de-conversion-proches-dun-retour-en-force-a-cause-de-la-cour-supreme","status":"publish","type":"post","link":"https:\/\/www.europesays.com\/fr\/456884\/","title":{"rendered":"Aux \u00c9tats-Unis, les th\u00e9rapies de conversion proches d\u2019un retour en force \u00e0 cause de la Cour supr\u00eame"},"content":{"rendered":"<p class=\"mb-4 text-lg md:leading-8 break-words\">\u00c9TATS-UNIS &#8211; De quoi inqui\u00e9ter encore plus les personnes LGBTQ+ aux \u00c9tats-Unis. La Cour supr\u00eame a \u00e9tudi\u00e9 ce mardi 7\u00a0octobre le cas des \u00ab\u00a0<a href=\"https:\/\/fr.news.yahoo.com\/th%C3%A9rapies-conversion-p%C3%A9tition-d%C3%A9passe-million-141422408.html\" data-ylk=\"slk:th\u00e9rapies de conversion;elm:context_link;itc:0;sec:content-canvas;outcm:mb_qualified_link;_E:mb_qualified_link;ct:story;\" class=\"link  yahoo-link\" rel=\"nofollow noopener\" target=\"_blank\">th\u00e9rapies de conversion<\/a>\u00a0\u00bb pour les mineurs, qu\u2019elle pourrait r\u00e9autoriser \u00e0 l\u2019\u00e9chelle nationale. Ces \u00ab\u00a0traitements\u00a0\u00bb, qui ont pour objectif de changer l\u2019<a href=\"https:\/\/fr.news.yahoo.com\/elon-musk-appelle-%C3%A0-boycotter-150415967.html\" data-ylk=\"slk:identit\u00e9 de genre;elm:context_link;itc:0;sec:content-canvas;outcm:mb_qualified_link;_E:mb_qualified_link;ct:story;\" class=\"link  yahoo-link\" rel=\"nofollow noopener\" target=\"_blank\">identit\u00e9 de genre<\/a> ou l\u2019orientation sexuelle des patients, sont \u00e9videmment controvers\u00e9s puisqu\u2019il n\u2019y a rien \u00e0 \u00ab\u00a0soigner\u00a0\u00bb. Ils sont m\u00eame interdits en France depuis 2022, mais aussi dans plusieurs \u00c9tats am\u00e9ricains\u2026 pour le moment du moins.<\/p>\n<p class=\"mb-4 text-lg md:leading-8 break-words\">Tout part du cas de Kaley Chiles, une th\u00e9rapeute en psychologie qui exerce dans le Colorado. La justice am\u00e9ricaine a rejet\u00e9 \u00e0 deux reprises la requ\u00eate de cette chr\u00e9tienne \u00e9vang\u00e9lique, qui conteste l\u2019interdiction des th\u00e9rapies de conversion dans cet \u00c9tat au nom de la \u00ab\u00a0libert\u00e9 d\u2019expression\u00a0\u00bb. Au gr\u00e9 des contestations en appel, son dossier a fini par atterrir devant la <a href=\"https:\/\/fr.news.yahoo.com\/%C3%A9tats-unis-d%C3%A9cision-cour-supr%C3%AAme-070502948.html\" data-ylk=\"slk:Cour supr\u00eame;elm:context_link;itc:0;sec:content-canvas;outcm:mb_qualified_link;_E:mb_qualified_link;ct:story;\" class=\"link  yahoo-link\" rel=\"nofollow noopener\" target=\"_blank\">Cour supr\u00eame<\/a>, la plus haute juridiction du pays \u00e0 majorit\u00e9 conservatrice, qui rendra sa d\u00e9cision d\u2019ici la fin juin\u00a02026.<\/p>\n<p class=\"mb-4 text-lg md:leading-8 break-words\"><a href=\"https:\/\/fr.news.yahoo.com\/%C3%A0-orlando-m%C3%A9morial-arc-ciel-163011330.html\" data-ylk=\"slk:\u00c0 Orlando, le m\u00e9morial arc-en-ciel de la tuerie de 2016\u00a0effac\u00e9 par les autorit\u00e9s r\u00e9publicaines;elm:context_link;itc:0;sec:content-canvas;outcm:mb_qualified_link;_E:mb_qualified_link;ct:story;\" class=\"link  yahoo-link\" rel=\"nofollow noopener\" target=\"_blank\"> \u00c0 Orlando, le m\u00e9morial arc-en-ciel de la tuerie de 2016\u00a0effac\u00e9 par les autorit\u00e9s r\u00e9publicaines <\/a><\/p>\n<p class=\"mb-4 text-lg md:leading-8 break-words\">La soignante veut la suspension d\u2019une loi de 2019\u00a0qui interdit aux th\u00e9rapeutes du Colorado de conseiller \u00e0 un mineur de \u00ab\u00a0changer son expression de genre\u00a0\u00bb ou \u00ab\u00a0d\u2019\u00e9liminer ou r\u00e9duire son attirance [\u2026] envers des personnes du m\u00eame sexe\u00a0\u00bb. Cette loi va dans le sens d\u2019un rapport de 2020\u00a0de l\u2019expert ind\u00e9pendant de l\u2019<a href=\"https:\/\/www.ohchr.org\/fr\/stories\/2020\/07\/conversion-therapy-can-amount-torture-and-should-be-banned-says-un-expert#:~:text=L%27expression%20%C2%AB%20th%C3%A9rapie%20de%20conversion,de%20genre%20variant%20en%20une\" rel=\"nofollow noopener\" target=\"_blank\" data-ylk=\"slk:ONU;elm:context_link;itc:0;sec:content-canvas\" class=\"link \">ONU<\/a> sur l\u2019orientation sexuelle et l\u2019identit\u00e9 de genre, qui d\u00e9crivait les th\u00e9rapies de conversion comme \u00ab\u00a0intrins\u00e8quement discriminatoires, cruelles, inhumaines et d\u00e9gradantes\u00a0\u00bb.<\/p>\n<p class=\"mb-4 text-lg md:leading-8 break-words\">Ces \u00ab\u00a0th\u00e9rapies\u00a0\u00bb sont aussi contest\u00e9es par les professionnels de sant\u00e9, comme en t\u00e9moigne le <a href=\"https:\/\/www.supremecourt.gov\/DocketPDF\/24\/24-539\/370703\/20250826102657442_24-539%20tsac%20American%20Psychological%20Assn.pdf\" rel=\"nofollow noopener\" target=\"_blank\" data-ylk=\"slk:rapport adress\u00e9;elm:context_link;itc:0;sec:content-canvas\" class=\"link \">rapport adress\u00e9<\/a> \u00e0 la Cour supr\u00eame par plusieurs organisations dont l\u2019Association am\u00e9ricaine de psychologie. Elles appellent les soignants \u00e0 \u00ab\u00a0aider les minorit\u00e9s \u00e0 faire face \u00e0 la stigmatisation\u00a0\u00bb et font un constat sans appel\u00a0: non seulement \u00ab\u00a0les th\u00e9rapies de conversion sont inefficaces\u00a0\u00bb, mais elles exposent aussi les patients \u00e0 \u00ab\u00a0un risque consid\u00e9rable de dommages psychologiques\u00a0\u00bb.<\/p>\n<p>Une d\u00e9fense du droit d\u2019\u00ab\u00a0\u00e9liminer\u00a0\u00bb certaines attirances sexuelles<\/p>\n<p class=\"mb-4 text-lg md:leading-8 break-words\">Ces arguments ne convainquent visiblement pas Kaley Chiles, qui a appris la psychologie au S\u00e9minaire de Denver, une institution conservatrice proposant <a href=\"https:\/\/denverseminary.edu\/academics\/\" rel=\"nofollow noopener\" target=\"_blank\" data-ylk=\"slk:sur son site;elm:context_link;itc:0;sec:content-canvas\" class=\"link \">sur son site<\/a> plus de formations th\u00e9ologiques que psychologiques.<\/p>\n<p class=\"mb-4 text-lg md:leading-8 break-words\">Cit\u00e9e par le <a href=\"https:\/\/www.nytimes.com\/2025\/10\/05\/us\/politics\/supreme-court-conversion-therapy.html\" rel=\"nofollow noopener\" target=\"_blank\" data-ylk=\"slk:New York Times;elm:context_link;itc:0;sec:content-canvas\" class=\"link \">New York Times<\/a>, Kaley Chiles assure qu\u2019elle ne cherche pas \u00e0 \u00ab\u00a0gu\u00e9rir\u00a0\u00bb ou \u00ab\u00a0changer\u00a0\u00bb l\u2019orientation sexuelle de ses patients et affirme qu\u2019elle veut juste les aider \u00e0 atteindre leurs \u00ab\u00a0objectifs\u00a0\u00bb&#8230; parmi lesquels peuvent figurer \u00ab\u00a0la r\u00e9duction ou l\u2019\u00e9limination des attirances sexuelles ind\u00e9sirables\u00a0\u00bb. Le cas de cette th\u00e9rapeute peut sembler anecdotique, mais il a une importance nationale.<\/p>\n<p class=\"mb-4 text-lg md:leading-8 break-words\">Si la Cour supr\u00eame juge inconstitutionnelle la loi du Colorado sur les th\u00e9rapies de conversion, sa d\u00e9cision sans appel s\u2019appliquera \u00e0 toutes les lois du m\u00eame genre dans l\u2019ensemble des <a href=\"https:\/\/fr.news.yahoo.com\/%C3%A9tats-unis-violence-d-ice-104507235.html\" data-ylk=\"slk:\u00c9tats-Unis;elm:context_link;itc:0;sec:content-canvas;outcm:mb_qualified_link;_E:mb_qualified_link;ct:story;\" class=\"link  yahoo-link\" rel=\"nofollow noopener\" target=\"_blank\">\u00c9tats-Unis<\/a>. D\u2019apr\u00e8s le m\u00e9dia <a href=\"https:\/\/www.axios.com\/local\/denver\/2025\/03\/11\/mapped-conversion-therapy-across-the-u-s\" rel=\"nofollow noopener\" target=\"_blank\" data-ylk=\"slk:Axios;elm:context_link;itc:0;sec:content-canvas\" class=\"link \">Axios<\/a>, les th\u00e9rapies de conversion sont \u00ab\u00a0partiellement\u00a0\u00bb interdites dans 5\u00a0\u00c9tats et compl\u00e8tement dans 23\u00a0autres (auxquels s\u2019ajoute le district de Columbia). Autant de l\u00e9gislations qui prot\u00e8gent les personnes LGBTQ+, mais sont \u00e0 la merci de la Cour supr\u00eame.<\/p>\n<p>Les conservateurs ont la main sur la Cour supr\u00eame<\/p>\n<p class=\"mb-4 text-lg md:leading-8 break-words\">Les associations et les sp\u00e9cialistes ne sont pas tr\u00e8s optimistes, \u00e0 l\u2019image d\u2019Hugo Bouvard, enseignant chercheur \u00e0 l\u2019universit\u00e9 Paris-Cit\u00e9 interrog\u00e9 par Le HuffPost. Sp\u00e9cialiste de la politique am\u00e9ricaine, il estime qu\u2019\u00ab\u00a0il n\u2019y a pas grand-chose \u00e0 attendre de la Cour supr\u00eame en mati\u00e8re de protection des personnes LGBTQ+\u00a0\u00bb, puisque six\u00a0juges sur neuf\u00a0ont \u00e9t\u00e9 nomm\u00e9s par des pr\u00e9sidents r\u00e9publicains et \u00ab\u00a0adoptent une posture tr\u00e8s conservatrice sur les questions de genre et de sexualit\u00e9\u00a0\u00bb.<\/p>\n<p class=\"mb-4 text-lg md:leading-8 break-words\">La Cour supr\u00eame a ainsi remis en question en 2022 le droit f\u00e9d\u00e9ral \u00e0 l\u2019<a href=\"https:\/\/fr.news.yahoo.com\/d%C3%A9cision-trump-restreint-encore-droit-122010866.html\" data-ylk=\"slk:IVG;elm:context_link;itc:0;sec:content-canvas;outcm:mb_qualified_link;_E:mb_qualified_link;ct:story;\" class=\"link  yahoo-link\" rel=\"nofollow noopener\" target=\"_blank\">IVG<\/a> et en juin dernier, les six juges conservateurs ont confirm\u00e9 une loi du Tennessee interdisant aux mineurs les soins li\u00e9s \u00e0 la transition de genre. Une d\u00e9cision qui a impact\u00e9 les droits des personnes trans dans plus d\u2019une vingtaine d\u2019autres \u00c9tats, avait alors relev\u00e9 la <a href=\"https:\/\/www.bbc.com\/news\/articles\/crr7ej97y0eo\" rel=\"nofollow noopener\" target=\"_blank\" data-ylk=\"slk:BBC;elm:context_link;itc:0;sec:content-canvas\" class=\"link \">BBC<\/a>. \u00ab\u00a0Il n\u2019y a pas de signaux positifs quant aux d\u00e9cisions \u00e0 venir sur ces sujets\u00a0\u00bb, r\u00e9sume Hugo Bouvard.<\/p>\n<p class=\"mb-4 text-lg md:leading-8 break-words\">La situation est \u00e0 l\u2019avantage des conservateurs am\u00e9ricains, qui ont vol\u00e9 aux secours de Kaley Chiles pour permettre la r\u00e9introduction des th\u00e9rapies de conversion. La th\u00e9rapeute est repr\u00e9sent\u00e9e par l\u2019Alliance Defending Freedom (ADF), une puissante organisation chr\u00e9tienne coutumi\u00e8re des actions en justice pour contester des lois sur les droits LGBTQ+, mais aussi sur l\u2019IVG ou le remboursement des <a href=\"https:\/\/fr.news.yahoo.com\/%C3%A9tats-unis-l-arriv%C3%A9e-d-061619037.html\" data-ylk=\"slk:contraceptifs;elm:context_link;itc:0;sec:content-canvas;outcm:mb_qualified_link;_E:mb_qualified_link;ct:story;\" class=\"link  yahoo-link\" rel=\"nofollow noopener\" target=\"_blank\">contraceptifs<\/a>.<\/p>\n<p>Des droits LGBTQ+ toujours plus fragilis\u00e9s<\/p>\n<p class=\"mb-4 text-lg md:leading-8 break-words\">Sinc\u00e8re ou non, la proc\u00e9dure entam\u00e9e par Kaley Chiles pourrait avoir un r\u00e9el impact sur les personnes LGBTQ+, d\u2019autant plus que \u00ab\u00a0leurs droits, et en premier lieu ceux des personnes trans, sont remis en cause aux \u00c9tats-Unis depuis pr\u00e8s de dix ans\u00a0\u00bb, selon Hugo Bouvard. Aupr\u00e8s du HuffPost, l\u2019enseignant-chercheur cite les lois mises en place dans certains \u00c9tats pour \u00ab\u00a0forcer les personnes trans \u00e0 <a href=\"https:\/\/fr.news.yahoo.com\/au-congr%C3%A8s-am%C3%A9ricain-r%C3%A9publicaine-veut-210738105.html\" data-ylk=\"slk:se rendre dans les toilettes;elm:context_link;itc:0;sec:content-canvas;outcm:mb_qualified_link;_E:mb_qualified_link;ct:story;\" class=\"link  yahoo-link\" rel=\"nofollow noopener\" target=\"_blank\">se rendre dans les toilettes<\/a> qui correspondent au sexe qui leur a \u00e9t\u00e9 assign\u00e9 \u00e0 la naissance\u00a0\u00bb, ou encore celles qui interdisent de mentionner l\u2019homosexualit\u00e9 ou la transidentit\u00e9 \u00e0 l\u2019\u00e9cole.<\/p>\n<p class=\"mb-4 text-lg md:leading-8 break-words\">\u00ab\u00a0Depuis le retour de <a href=\"https:\/\/fr.news.yahoo.com\/trump-mauvaise-foi-n-tromp%C3%A9-133351672.html\" data-ylk=\"slk:Donald Trump;elm:context_link;itc:0;sec:content-canvas;outcm:mb_qualified_link;_E:mb_qualified_link;ct:story;\" class=\"link  yahoo-link\" rel=\"nofollow noopener\" target=\"_blank\">Donald Trump<\/a> au pouvoir, tous ces ph\u00e9nom\u00e8nes se sont amplifi\u00e9s et, surtout, ont re\u00e7u le soutien du gouvernement f\u00e9d\u00e9ral\u00a0\u00bb, poursuit Hugo Bouvard, pointant que les personnes trans ont \u00e9t\u00e9 \u00ab\u00a0effac\u00e9es des documents et sites internet officiels\u00a0\u00bb et \u00ab\u00a0exclues de l\u2019arm\u00e9e am\u00e9ricaine\u00a0\u00bb, comme lors du premier mandat du r\u00e9publicain \u00e0 la Maison-Blanche. Dans ce contexte, un retour en force des th\u00e9rapies de conversion porterait un coup s\u00e9v\u00e8re aux droits d\u00e9j\u00e0 fragiles des personnes LGBTQ+.<\/p>\n<p class=\"mb-4 text-lg md:leading-8 break-words\"><a href=\"https:\/\/fr.news.yahoo.com\/prix-nobel-paix-trump-obtient-053706827.html\" data-ylk=\"slk:Prix Nobel de la paix\u00a0: Trump obtient un nouveau soutien \u00e0 quatre jours de la remise du prix Nobel;elm:context_link;itc:0;sec:content-canvas;outcm:mb_qualified_link;_E:mb_qualified_link;ct:story;\" class=\"link  yahoo-link\" rel=\"nofollow noopener\" target=\"_blank\"> Prix Nobel de la paix\u00a0: Trump obtient un nouveau soutien \u00e0 quatre jours de la remise du prix Nobel <\/a><\/p>\n<p class=\"mb-4 text-lg md:leading-8 break-words\"><a href=\"https:\/\/fr.news.yahoo.com\/r%C3%A9ponse-parfaite-bad-bunny-%C3%A0-074201418.html\" data-ylk=\"slk:Bad Bunny r\u00e9pond \u00e0 la rage des soutiens de Trump sur sa pr\u00e9sence au Super Bowl 2026;elm:context_link;itc:0;sec:content-canvas;outcm:mb_qualified_link;_E:mb_qualified_link;ct:story;\" class=\"link  yahoo-link\" rel=\"nofollow noopener\" target=\"_blank\"> Bad Bunny r\u00e9pond \u00e0 la rage des soutiens de Trump sur sa pr\u00e9sence au Super Bowl 2026 <\/a><\/p>\n","protected":false},"excerpt":{"rendered":"\u00c9TATS-UNIS &#8211; De quoi inqui\u00e9ter encore plus les personnes LGBTQ+ aux \u00c9tats-Unis. La Cour supr\u00eame a \u00e9tudi\u00e9 ce&hellip;\n","protected":false},"author":2,"featured_media":456885,"comment_status":"","ping_status":"","sticky":false,"template":"","format":"standard","meta":{"footnotes":""},"categories":[1589],"tags":[11,21928,10658,73,1866,58206,8935,11915,12,1864,1865,1863,308],"class_list":{"0":"post-456884","1":"post","2":"type-post","3":"status-publish","4":"format-standard","5":"has-post-thumbnail","7":"category-etats-unis","8":"tag-actualites","9":"tag-conversion","10":"tag-cour-supreme","11":"tag-etats-unis","12":"tag-etats-unis-damerique","13":"tag-kaley-chiles","14":"tag-la-cour","15":"tag-la-cour-supreme","16":"tag-news","17":"tag-united-states","18":"tag-united-states-of-america","19":"tag-us","20":"tag-usa"},"share_on_mastodon":{"url":"https:\/\/pubeurope.com\/@fr\/115360011771212188","error":""},"_links":{"self":[{"href":"https:\/\/www.europesays.com\/fr\/wp-json\/wp\/v2\/posts\/456884","targetHints":{"allow":["GET"]}}],"collection":[{"href":"https:\/\/www.europesays.com\/fr\/wp-json\/wp\/v2\/posts"}],"about":[{"href":"https:\/\/www.europesays.com\/fr\/wp-json\/wp\/v2\/types\/post"}],"author":[{"embeddable":true,"href":"https:\/\/www.europesays.com\/fr\/wp-json\/wp\/v2\/users\/2"}],"replies":[{"embeddable":true,"href":"https:\/\/www.europesays.com\/fr\/wp-json\/wp\/v2\/comments?post=456884"}],"version-history":[{"count":0,"href":"https:\/\/www.europesays.com\/fr\/wp-json\/wp\/v2\/posts\/456884\/revisions"}],"wp:featuredmedia":[{"embeddable":true,"href":"https:\/\/www.europesays.com\/fr\/wp-json\/wp\/v2\/media\/456885"}],"wp:attachment":[{"href":"https:\/\/www.europesays.com\/fr\/wp-json\/wp\/v2\/media?parent=456884"}],"wp:term":[{"taxonomy":"category","embeddable":true,"href":"https:\/\/www.europesays.com\/fr\/wp-json\/wp\/v2\/categories?post=456884"},{"taxonomy":"post_tag","embeddable":true,"href":"https:\/\/www.europesays.com\/fr\/wp-json\/wp\/v2\/tags?post=456884"}],"curies":[{"name":"wp","href":"https:\/\/api.w.org\/{rel}","templated":true}]}}