{"id":456890,"date":"2025-10-12T07:29:12","date_gmt":"2025-10-12T07:29:12","guid":{"rendered":"https:\/\/www.europesays.com\/fr\/456890\/"},"modified":"2025-10-12T07:29:12","modified_gmt":"2025-10-12T07:29:12","slug":"leurope-face-a-netanyahou-politis","status":"publish","type":"post","link":"https:\/\/www.europesays.com\/fr\/456890\/","title":{"rendered":"L\u2019Europe face \u00e0\u00a0Netanyahou &#8211; POLITIS"},"content":{"rendered":"<p>Apr\u00e8s avoir adopt\u00e9 avec raison six trains de mesures \u00e0 l\u2019encontre de la Russie, \u00e0 la suite de l\u2019invasion de l\u2019Ukraine, l\u2019Union europ\u00e9enne (UE) va-t-elle enfin engager des <strong>sanctions \u00e9conomiques<\/strong> contre la politique men\u00e9e \u00e0 Gaza par le gouvernement de Benyamin Netanyahou\u00a0? Bien calibr\u00e9es, celles-ci auraient des incidences non n\u00e9gligeables. L\u2019UE est le premier partenaire commercial d\u2019Isra\u00ebl. En 2024, le total des \u00e9changes de marchandises entre eux repr\u00e9sentait 42,6\u00a0milliards d\u2019euros. 28,8\u00a0% des exportations isra\u00e9liennes avaient pour destination le march\u00e9 int\u00e9rieur europ\u00e9en et 34,2\u00a0% des importations isra\u00e9liennes provenaient de l\u2019UE.<\/p>\n<p>Les relations entre l\u2019UE et Isra\u00ebl reposent sur \u2018le respect des droits de l\u2019homme et des principes d\u00e9mocratiques\u2018.<\/p>\n<p>L\u2019UE a sign\u00e9 en 1995 avec Isra\u00ebl un accord d\u2019association, entr\u00e9 en application en 2000, qui instaure le libre-\u00e9change dans de nombreux secteurs. Isra\u00ebl est <strong>int\u00e9gr\u00e9<\/strong> dans le partenariat Euromed, fait partie du programme Erasmus et participe au programme Horizon Europe, dot\u00e9 de 95\u00a0milliards d\u2019euros pour la p\u00e9riode 2021-2027, en faveur de l\u2019innovation et de la recherche. L\u2019article\u00a02 de cet accord souligne que les relations entre l\u2019UE et Isra\u00ebl reposent sur \u00ab\u00a0le respect des droits de l\u2019homme et des principes d\u00e9mocratiques\u00a0\u00bb. <\/p>\n<p>            <a href=\"https:\/\/www.politis.fr\/articles\/2024\/04\/aider-israel-a-rompre-avec-ses-demons\/\" target=\"_blank\" class=\" gt_sujet\" rel=\"noopener\"><\/p>\n<p>            <strong>Sur le m\u00eame sujet :<\/strong> Aider Isra\u00ebl \u00e0 rompre avec ses d\u00e9mons<\/p>\n<p>    <\/a><\/p>\n<p>Or le gouvernement d\u2019Ariel Sharon, entre\u00a02001 et\u00a02006, et celui de Benyamin Netanyahou n\u2019en ont <strong>jamais respect\u00e9<\/strong> les termes, en poursuivant la colonisation des terres palestiniennes en Cisjordanie. L\u2019UE a certes r\u00e9agi en 2012 en gelant jusqu\u2019en 2022 le dialogue politique au niveau minist\u00e9riel, sans toutefois suspendre l\u2019accord. C\u2019est en vertu de cet article\u00a02 que les ministres des Affaires \u00e9trang\u00e8res de l\u2019UE ont rencontr\u00e9 le 24\u00a0f\u00e9vrier dernier \u00e0 Bruxelles le ministre des Affaires \u00e9trang\u00e8res isra\u00e9lien, Gideon Sa\u2019ar, pour examiner si les autorit\u00e9s isra\u00e9liennes respectaient leurs obligations en mati\u00e8re de droits humains. <\/p>\n<p>De nombreuses associations et ONG comme <a href=\"https:\/\/www.hrw.org\/\" target=\"_blank\" rel=\"noreferrer noopener\">Human Rights Watch<\/a> avaient alors demand\u00e9 que l\u2019accord d\u2019association soit r\u00e9vis\u00e9, voire suspendu. Malgr\u00e9 les massacres perp\u00e9tr\u00e9s par l\u2019arm\u00e9e isra\u00e9lienne \u00e0 Gaza, le Conseil des ministres des Affaires \u00e9trang\u00e8res de l\u2019UE, de nouveau r\u00e9uni en juillet et en septembre\u00a02025, ne d\u00e9gagera <strong>aucun consensus<\/strong> pour suspendre l\u2019accord ou appliquer des sanctions cibl\u00e9es.<\/p>\n<p>Lors de son discours sur l\u2019\u00e9tat de l\u2019Union du 10\u00a0septembre 2025 devant le Parlement europ\u00e9en, la pr\u00e9sidente de la Commission, Ursula von der Leyen, choisira de durcir le ton en \u00e9voquant la suspension partielle des relations commerciales avec Isra\u00ebl et l\u2019interruption du versement des 6\u00a0millions d\u2019euros annuels, pr\u00e9vus entre\u00a02025 et\u00a02027 dans le cadre de la politique de voisinage. L\u2019intensification des frappes dans la bande de Gaza, le 16\u00a0septembre, a conduit la Commission \u00e0 passer \u00e0 l\u2019acte en proposant de \u00ab\u00a0suspendre certaines dispositions commerciales de l\u2019accord entre l\u2019UE et Isra\u00ebl\u00a0\u00bb, en r\u00e9imposant des droits de douane sur les produits isra\u00e9liens. <\/p>\n<p>Alors que le Parlement europ\u00e9en adoptait le 11\u00a0septembre une r\u00e9solution favorable \u00e0 ce type de sanction, la proposition de la Commission devra \u00eatre valid\u00e9e par un vote \u00e0 la majorit\u00e9 qualifi\u00e9e au Conseil des ministres de l\u2019UE. Or l\u2019Autriche, la Bulgarie, la Hongrie et la R\u00e9publique tch\u00e8que se sont toujours <strong>oppos\u00e9es<\/strong> aux sanctions contre Isra\u00ebl et \u00e0 toute d\u00e9claration commune condamnant les frappes \u00e0 Gaza. \u00c9galement r\u00e9ticente, l\u2019Italie semble bouger, tandis que l\u2019Allemagne temporise. <\/p>\n<p>        <a href=\"https:\/\/www.politis.fr\/boutique\/\" target=\"_blank\" class=\"gt_abonnement\" rel=\"noopener\"><\/p>\n<p>            Recevez Politis chez vous chaque semaine !<\/p>\n<p>    <\/a><\/p>\n","protected":false},"excerpt":{"rendered":"Apr\u00e8s avoir adopt\u00e9 avec raison six trains de mesures \u00e0 l\u2019encontre de la Russie, \u00e0 la suite de&hellip;\n","protected":false},"author":2,"featured_media":456891,"comment_status":"","ping_status":"","sticky":false,"template":"","format":"standard","meta":{"footnotes":""},"categories":[1586],"tags":[24632,11,1777,674,1011,27,664,12,25,364],"class_list":{"0":"post-456890","1":"post","2":"type-post","3":"status-publish","4":"format-standard","5":"has-post-thumbnail","7":"category-europe","8":"tag-accord-de-libre-echange","9":"tag-actualites","10":"tag-eu","11":"tag-europe","12":"tag-fr","13":"tag-france","14":"tag-israel","15":"tag-news","16":"tag-republique-francaise","17":"tag-union-europeenne"},"share_on_mastodon":{"url":"https:\/\/pubeurope.com\/@fr\/115360023534706719","error":""},"_links":{"self":[{"href":"https:\/\/www.europesays.com\/fr\/wp-json\/wp\/v2\/posts\/456890","targetHints":{"allow":["GET"]}}],"collection":[{"href":"https:\/\/www.europesays.com\/fr\/wp-json\/wp\/v2\/posts"}],"about":[{"href":"https:\/\/www.europesays.com\/fr\/wp-json\/wp\/v2\/types\/post"}],"author":[{"embeddable":true,"href":"https:\/\/www.europesays.com\/fr\/wp-json\/wp\/v2\/users\/2"}],"replies":[{"embeddable":true,"href":"https:\/\/www.europesays.com\/fr\/wp-json\/wp\/v2\/comments?post=456890"}],"version-history":[{"count":0,"href":"https:\/\/www.europesays.com\/fr\/wp-json\/wp\/v2\/posts\/456890\/revisions"}],"wp:featuredmedia":[{"embeddable":true,"href":"https:\/\/www.europesays.com\/fr\/wp-json\/wp\/v2\/media\/456891"}],"wp:attachment":[{"href":"https:\/\/www.europesays.com\/fr\/wp-json\/wp\/v2\/media?parent=456890"}],"wp:term":[{"taxonomy":"category","embeddable":true,"href":"https:\/\/www.europesays.com\/fr\/wp-json\/wp\/v2\/categories?post=456890"},{"taxonomy":"post_tag","embeddable":true,"href":"https:\/\/www.europesays.com\/fr\/wp-json\/wp\/v2\/tags?post=456890"}],"curies":[{"name":"wp","href":"https:\/\/api.w.org\/{rel}","templated":true}]}}