{"id":456892,"date":"2025-10-12T07:30:39","date_gmt":"2025-10-12T07:30:39","guid":{"rendered":"https:\/\/www.europesays.com\/fr\/456892\/"},"modified":"2025-10-12T07:30:39","modified_gmt":"2025-10-12T07:30:39","slug":"sous-la-pression-des-partis-anti-immigration-les-europeens-restreignent-le-regroupement-familial","status":"publish","type":"post","link":"https:\/\/www.europesays.com\/fr\/456892\/","title":{"rendered":"Sous la pression des partis anti-immigration, les Europ\u00e9ens restreignent le regroupement familial"},"content":{"rendered":"<p>\n    <strong>R\u00c9CIT <\/strong>&#8211; L\u2019Autriche a suspendu le dispositif au printemps, entra\u00eenant dans son sillage la Belgique, le Portugal, l\u2019Allemagne. Hors de l\u2019UE, c\u2019est aussi le cas du Royaume-Uni.<\/p>\n<p class=\"fig-paragraph\">\u00c0 mesure que les\u00a0<a href=\"http:\/\/www.lefigaro.fr\/international\/partout-en-europe-l-immigration-fait-plier-les-gouvernements-20231225\" data-fig-type=\"Article\" data-gtm-custom-categorie=\"navigation\" data-gtm-custom-action=\"crossclick\" data-gtm-custom-label=\"Contextuel\" data-gtm-event=\"customEventSPE\" data-fig-domain=\"LEFIGARO\" target=\"_blank\" rel=\"noopener\">partis anti-immigration progressent dans les urnes<\/a>, leurs mots &#8211; \u00abcapacit\u00e9 d\u2019accueil\u00bb, \u00abmenace\u00bb, \u00absubmersion\u00bb &#8211; sont repris par un nombre grandissant de dirigeants europ\u00e9ens. Des mots qui, parfois, deviennent des actes. Ainsi plusieurs nations du Vieux continent, indiff\u00e9remment dirig\u00e9es par la droite, la gauche ou le centre, se sont r\u00e9cemment attaqu\u00e9es au\u00a0<a href=\"http:\/\/www.lefigaro.fr\/vox\/societe\/en-s-attaquant-au-regroupement-familial-le-gouvernement-britannique-tente-de-reprendre-la-main-sur-le-sujet-brulant-de-l-immigration-20250902\" data-fig-type=\"Article\" data-gtm-custom-categorie=\"navigation\" data-gtm-custom-action=\"crossclick\" data-gtm-custom-label=\"Contextuel\" data-gtm-event=\"customEventSPE\" data-fig-domain=\"LEFIGARO\" target=\"_blank\" rel=\"noopener\">regroupement familial<\/a>. Quitte \u00e0 se mettre en porte-\u00e0-faux avec le\u00a0<a href=\"http:\/\/www.lefigaro.fr\/actualite-france\/immigration-asile-expulsions-la-france-peut-elle-resister-a-la-cedh-20231214\" data-fig-type=\"Article\" data-gtm-custom-categorie=\"navigation\" data-gtm-custom-action=\"crossclick\" data-gtm-custom-label=\"Contextuel\" data-gtm-event=\"customEventSPE\" data-fig-domain=\"LEFIGARO\" target=\"_blank\" rel=\"noopener\">droit de l\u2019Union europ\u00e9enne ou les trait\u00e9s internationaux<\/a>.<\/p>\n<p class=\"fig-paragraph\">Dernier exemple en date, le Royaume-Uni, dont le premier ministre Keir Starmer a annonc\u00e9 le 2 octobre la suppression du dispositif. Le pays continuera \u00e0 accueillir les \u00abv\u00e9ritables r\u00e9fugi\u00e9s fuyant les pers\u00e9cutions\u00bb, mais il n\u2019y aura plus de \u00abticket gagnant pour s\u2019\u00e9tablir\u00bb, a pr\u00e9venu Starmer. Concr\u00e8tement, les r\u00e9fugi\u00e9s ne b\u00e9n\u00e9ficieront plus automatiquement de cette proc\u00e9dure par laquelle un \u00e9tranger extra-europ\u00e9en d\u00e9tenteur d\u2019un titre de s\u00e9jour peut faire venir des membres de sa famille, son conjoint\u2026<\/p>\n<p class=\"fig-premium-paywall__infos\">\n        Cet article est r\u00e9serv\u00e9 aux abonn\u00e9s.        Il vous reste 91% \u00e0 d\u00e9couvrir.\n    <\/p>\n<p>                <img  data- alt=\"Le Figaro\" class=\"fig-img--complete fig-img\"\/><\/p>\n<p class=\"fig-premium-paywall__title\">J-100, Le Figaro f\u00eate ses 200 ans<\/p>\n<p class=\"fig-premium-paywall__subtitle\">Offre anniversaire : 2\u20ac\/mois pendant 200 semaines<\/p>\n<p class=\"fig-premium-paywall__connect\">\n                D\u00e9j\u00e0 abonn\u00e9\u00a0?                <a class=\"fig-premium-paywall__connect-link\" href=\"https:\/\/connect.lefigaro.fr\/login?client=horizon_web&amp;type=main&amp;redirect_uri=https%3A%2F%2Fwww.lefigaro.fr%2Finternational%2Fsous-la-pression-des-partis-anti-immigration-les-europeens-restreignent-le-regroupement-familial-20251012\" data-js-gtm=\"{&quot;customCategorie&quot;: &quot;conversion&quot;, &quot;customAction&quot;: &quot;before_Landing_Connexion_paywall_auto&quot;, &quot;customLabel&quot;: &quot;bGVmaWdhcm8uZnJfXzFmMGEwNTdlLTE3MTctNjU0OC04ZWJmLTY5Yzg3YWNjZTU4Zl9fQXJ0aWNsZQ==_Sous la pression des partis anti-immigration, les Europ\u00e9ens restreignent le regroupement familial_501&quot;, &quot;customIDSPE&quot;: &quot;bGVmaWdhcm8uZnJfXzFmMGEwNTdlLTE3MTctNjU0OC04ZWJmLTY5Yzg3YWNjZTU4Zl9fQXJ0aWNsZQ==&quot;, &quot;event&quot;: &quot;customEventSPE&quot;}\" target=\"_blank\" rel=\"noopener\"><br \/>\n                    Connectez-vous<br \/>\n                <\/a>\n            <\/p>\n","protected":false},"excerpt":{"rendered":"R\u00c9CIT &#8211; L\u2019Autriche a suspendu le dispositif au printemps, entra\u00eenant dans son sillage la Belgique, le Portugal, l\u2019Allemagne.&hellip;\n","protected":false},"author":2,"featured_media":456893,"comment_status":"","ping_status":"","sticky":false,"template":"","format":"standard","meta":{"footnotes":""},"categories":[1586],"tags":[11,14124,58207,1777,674,1779,1011,27,1061,12,26278,25,1778,364],"class_list":{"0":"post-456892","1":"post","2":"type-post","3":"status-publish","4":"format-standard","5":"has-post-thumbnail","7":"category-europe","8":"tag-actualites","9":"tag-cedh","10":"tag-cjue","11":"tag-eu","12":"tag-europe","13":"tag-european-union","14":"tag-fr","15":"tag-france","16":"tag-immigration","17":"tag-news","18":"tag-regroupement-familial","19":"tag-republique-francaise","20":"tag-ue","21":"tag-union-europeenne"},"share_on_mastodon":{"url":"https:\/\/pubeurope.com\/@fr\/115360027426515770","error":""},"_links":{"self":[{"href":"https:\/\/www.europesays.com\/fr\/wp-json\/wp\/v2\/posts\/456892","targetHints":{"allow":["GET"]}}],"collection":[{"href":"https:\/\/www.europesays.com\/fr\/wp-json\/wp\/v2\/posts"}],"about":[{"href":"https:\/\/www.europesays.com\/fr\/wp-json\/wp\/v2\/types\/post"}],"author":[{"embeddable":true,"href":"https:\/\/www.europesays.com\/fr\/wp-json\/wp\/v2\/users\/2"}],"replies":[{"embeddable":true,"href":"https:\/\/www.europesays.com\/fr\/wp-json\/wp\/v2\/comments?post=456892"}],"version-history":[{"count":0,"href":"https:\/\/www.europesays.com\/fr\/wp-json\/wp\/v2\/posts\/456892\/revisions"}],"wp:featuredmedia":[{"embeddable":true,"href":"https:\/\/www.europesays.com\/fr\/wp-json\/wp\/v2\/media\/456893"}],"wp:attachment":[{"href":"https:\/\/www.europesays.com\/fr\/wp-json\/wp\/v2\/media?parent=456892"}],"wp:term":[{"taxonomy":"category","embeddable":true,"href":"https:\/\/www.europesays.com\/fr\/wp-json\/wp\/v2\/categories?post=456892"},{"taxonomy":"post_tag","embeddable":true,"href":"https:\/\/www.europesays.com\/fr\/wp-json\/wp\/v2\/tags?post=456892"}],"curies":[{"name":"wp","href":"https:\/\/api.w.org\/{rel}","templated":true}]}}